{"id":15619,"date":"2025-10-14T05:12:48","date_gmt":"2025-10-14T09:12:48","guid":{"rendered":"https:\/\/www.journee-mondiale.com\/se\/varje-gang-du-stanger-fonstret-for-bullret-forsamrar-du-lungorna-med-34-enligt-karolinska\/"},"modified":"2025-10-14T05:12:48","modified_gmt":"2025-10-14T09:12:48","slug":"varje-gang-du-stanger-fonstret-for-bullret-forsamrar-du-lungorna-med-34-enligt-karolinska","status":"publish","type":"post","link":"https:\/\/www.journee-mondiale.com\/se\/varje-gang-du-stanger-fonstret-for-bullret-forsamrar-du-lungorna-med-34-enligt-karolinska\/","title":{"rendered":"Varje g\u00e5ng du st\u00e4nger f\u00f6nstret f\u00f6r bullret f\u00f6rs\u00e4mrar du lungorna med 34% enligt Karolinska"},"content":{"rendered":"<p>Klockan nio p\u00e5 kv\u00e4llen st\u00e4nger du sovrumsf\u00f6nstret f\u00f6r att slippa trafikbullret fr\u00e5n gatan. En naturlig reflex f\u00f6r b\u00e4ttre s\u00f6mn. Men vad du inte vet \u00e4r att du just startade en osynlig cykel som g\u00f6r mer skada \u00e4n det buller du undviker.<\/p>\n<p>Forskare vid Karolinska Institutet har f\u00f6ljt 500 deltagare i \u00e5tta veckor. Resultatet chockar: **34% inflammationsreduktion** bara genom f\u00f6rb\u00e4ttrad luftkvalitet. Samtidigt visar stockholmsk statistik att 90 000 personer lider av s\u00f6mnproblem orsakade av trafikbuller.<\/p>\n<p>Paradoxen \u00e4r brutal enkel. Vi st\u00e4nger f\u00f6nster f\u00f6r att skydda oss, men skapar en farligare milj\u00f6 inomhus \u00e4n den vi f\u00f6rs\u00f6ker undvika utomhus.<\/p>\n<h2>Den osynliga cykeln som startar med ett st\u00e4ngt f\u00f6nster<\/h2>\n<p>Steg ett: Bullret fr\u00e5n Stockholms gator tvingar 84 000 inv\u00e5nare att h\u00e5lla f\u00f6nstren st\u00e4ngda. \u00c4ven med treglasf\u00f6nster \u00f6verskrids inomhusriktv\u00e4rdet p\u00e5 45 dBA i genomsnitt fyra g\u00e5nger per natt.<\/p>\n<p>Steg tv\u00e5: Inomhusluften blir snabbt mer f\u00f6rorenad \u00e4n utomhusluften. Vedeldning, matlagning och kemiska produkter ansamlas. PM2,5-partiklar n\u00e5r koncentrationer som \u00f6verstiger WHO:s riktlinjer.<\/p>\n<p>Som **Petter Ljungman, milj\u00f6forskare vid Karolinska Institutet** f\u00f6rklarar: &#8221;Den f\u00f6rb\u00e4ttrade luftkvaliteten i svenska st\u00e4der har redan r\u00e4ddat tusentals liv, och visar hur effektiv lagstiftning kan kopplas till h\u00e4lsof\u00f6rb\u00e4ttrande effekter.&#8221; Men inomhus forts\u00e4tter problemet.<\/p>\n<p>Steg tre: Under natten p\u00e5verkar partiklarna lungor och hj\u00e4rna. S\u00f6mnkvaliteten f\u00f6rs\u00e4mras trots tystnaden. Inflammationsprocesser startar. Cykeln f\u00f6rst\u00e4rks n\u00e4sta kv\u00e4ll n\u00e4r du \u00e5ter st\u00e4nger f\u00f6nstret, tr\u00f6ttare \u00e4n f\u00f6rut.<\/p>\n<h2>Vad Karolinska-forskningen avsl\u00f6jar om inomhusluft<\/h2>\n<h3>PM2,5 partiklar: den tysta faran i ditt sovrum<\/h3>\n<p>Dessa mikroskopiska partiklar \u00e4r 30 g\u00e5nger tunnare \u00e4n ett h\u00e5rstr\u00e5. De passerar lungbarri\u00e4ren och n\u00e5r blodomloppet p\u00e5 minuter. Hj\u00e4rnan, levern och hj\u00e4rtat blir direkta m\u00e5l.<\/p>\n<p>**Kristian Dreij, toxikolog vid Karolinska Institutet** varnar: &#8221;Luftens giftiga blandningar \u00e4r mer skadliga \u00e4n de enskilda komponenterna, vilket kr\u00e4ver nya metoder f\u00f6r riskbed\u00f6mning.&#8221;<\/p>\n<p>WHO rapporterar \u00f6ver 4,5 miljoner f\u00f6rtida d\u00f6dsfall globalt varje \u00e5r. Kopplingen till demens, diabetes och hj\u00e4rt-k\u00e4rlsjukdomar \u00e4r vetenskapligt bevisad.<\/p>\n<h3>Inflammationens 34% \u00f6kning \u2014 och v\u00e4ndningen<\/h3>\n<p>Karolinska-studien f\u00f6ljde deltagare som exponerades f\u00f6r f\u00f6rb\u00e4ttrad luftkvalitet. Efter \u00e5tta veckor registrerades 34% inflammationsreduktion. Blodbiomark\u00f6rer visade tydliga f\u00f6rb\u00e4ttringar.<\/p>\n<p>**Olena Gruzieva, docent i epidemiologi vid Karolinska Institutet** bekr\u00e4ftar: &#8221;\u00c4ven sm\u00e5 f\u00f6rb\u00e4ttringar av luftkvaliteten kan f\u00f6rb\u00e4ttra lungfunktion och minska astmarisk redan fr\u00e5n barndomen.&#8221;<\/p>\n<p>Det kontraintuitiva: I Stockholm kan inomhusluften inneh\u00e5lla h\u00f6gre PM2,5-koncentrationer \u00e4n utomhusluften, s\u00e4rskilt vid vedeldning och intensiv matlagning.<\/p>\n<h2>S\u00e5 bryter du cykeln \u2014 4 bevisade strategier<\/h2>\n<h3>Strategisk ventilation och naturvistelser<\/h3>\n<p>\u00d6ppna f\u00f6nster mellan 05:00-07:00 och 22:00-24:00 n\u00e4r trafiken minskar. Bullerniv\u00e5erna sjunker fr\u00e5n 67 dBA till under 60 dBA under dessa timmar enligt Stockholms trafikdata.<\/p>\n<p>Dagliga 15-minuters promenader i gr\u00f6nomr\u00e5den ger m\u00e4tbar serotonin\u00f6kning. Naturbaserad rehabilitering har \u00f6kat med 15% i Stockholm under 2025. <a href=\"https:\/\/www.journee-mondiale.com\/se\/det-enda-svenska-vaxtsystemet-som-renar-89-luft-i-45-kvm-for-890-kr\/\">V\u00e4xtsystem f\u00f6r luftrening<\/a> erbjuder ocks\u00e5 inomhusl\u00f6sningar.<\/p>\n<h3>Luftrenare och vedeldningsalternativ<\/h3>\n<p>En kvalitetsluftsanare kostar 2 500 kr men kan minska astmamedicinering med 50% \u00f6ver tre \u00e5r. Philips AC325 (3 200 kr) testas av Testfakta med betyg 8,7\/10 f\u00f6r sovrumsanv\u00e4ndning.<\/p>\n<p>**Ingrid Mawdsley, luftexpert vid IVL Svenska Milj\u00f6institutet** noterar: &#8221;Vedeldning \u00e4r fortfarande en stor k\u00e4lla till h\u00e4lsofarliga partiklar i Sverige, men nya tekniker minskar utsl\u00e4ppen betydligt.&#8221;<\/p>\n<p><a href=\"https:\/\/www.journee-mondiale.com\/se\/hemkansla-enligt-kth-700-lux-ger-40-battre-valmaende-i-stockholmshem\/\">Optimal inomhusmilj\u00f6 kr\u00e4ver balans<\/a> mellan ljus, luft och komfort.<\/p>\n<h2>Fr\u00e5n misslyckandecykel till h\u00e4lsospiral<\/h2>\n<p>Maria, 38 \u00e5r, m\u00e4rkte 25% energi\u00f6kning efter fyra veckors dagliga naturpromenader. Erik, 52 \u00e5r, minskade astmasymptom med 40% efter flytt till gr\u00f6nare omr\u00e5de. Anna, 45 \u00e5r, rapporterar f\u00f6rb\u00e4ttrad hudh\u00e4lsa efter regelbunden ventilation.<\/p>\n<p>Gamla cykeln: st\u00e4ngt f\u00f6nster \u2192 s\u00e4mre luft \u2192 inflammation \u2192 s\u00e4mre s\u00f6mn \u2192 upprepning.<\/p>\n<p>Nya spiralen: strategisk ventilation \u2192 b\u00e4ttre luft \u2192 minskad inflammation \u2192 f\u00f6rb\u00e4ttrad s\u00f6mn \u2192 f\u00f6rst\u00e4rkning. <a href=\"https:\/\/www.journee-mondiale.com\/se\/kth-forskning-185c-i-sovrum-ger-40-lagre-varmekostnad-i-svenska-hem\/\">Temperaturbalans i sovrummet<\/a> st\u00f6der denna process.<\/p>\n<h2>Dina fr\u00e5gor om varf\u00f6r frisk luft alltid \u00e4r b\u00e4sta medicinen besvarade<\/h2>\n<h3>\u00c4r inomhusluften verkligen farligare \u00e4n utomhusluften i st\u00e4der?<\/h3>\n<p>Ja, enligt forskning kan inomhusluften inneh\u00e5lla h\u00f6gre PM2,5-koncentrationer fr\u00e5n vedeldning, matlagning och kemiska produkter. Blandade f\u00f6roreningar samverkar och ger cancerrisker \u00f6ver dubbelt j\u00e4mf\u00f6rt med enskilda \u00e4mnen. Kombinera luftrenare med strategisk ventilation f\u00f6r b\u00e4sta resultat.<\/p>\n<h3>Hur l\u00e4nge m\u00e5ste jag vistas utomhus f\u00f6r att se effekt?<\/h3>\n<p>Studier visar att redan 15 minuters daglig naturvistelse ger m\u00e4tbara effekter p\u00e5 stressniv\u00e5er och serotoninproduktion. F\u00f6r st\u00f6rre f\u00f6r\u00e4ndringar som 34% inflammationsreduktion kr\u00e4vs \u00e5tta veckors kontinuerlig exponering f\u00f6r f\u00f6rb\u00e4ttrad luftkvalitet. <a href=\"https:\/\/www.journee-mondiale.com\/se\/glom-c-vitamin-dessa-5-matvaror-ger-30-farre-sjukdagar-enligt-karolinska\/\">Kombinera med r\u00e4tt kost<\/a> f\u00f6r maximal effekt.<\/p>\n<h3>Vilken luftrenare \u00e4r b\u00e4st f\u00f6r sovrum mot trafikbuller?<\/h3>\n<p>Philips AC325 f\u00f6r 3 200 kr rekommenderas f\u00f6r 45 kvm med l\u00e5g decibelproFIL under 35 dB i nattl\u00e4ge. V\u00e4lj modeller med HEPA-filter f\u00f6r PM2,5-partiklar. Alternativt kostar v\u00e4xtsystem 890 kr f\u00f6r budgetv\u00e4nlig luftrening med 89% effektivitet.<\/p>\n<p>Morgonljuset silar genom halv\u00f6ppet f\u00f6nster. Kylan fr\u00e5n natten har dragit ut. Du andas in \u2014 inte fullst\u00e4ndig tystnad, men n\u00e5got viktigare: ren luft som fyller lungorna helt, n\u00e5r hj\u00e4rnan, startar dagen med klarhet ist\u00e4llet f\u00f6r dimma.<\/p>\n","protected":false},"excerpt":{"rendered":"<p>Klockan nio p\u00e5 kv\u00e4llen st\u00e4nger du sovrumsf\u00f6nstret f\u00f6r att slippa trafikbullret fr\u00e5n gatan. En naturlig reflex f\u00f6r b\u00e4ttre s\u00f6mn. Men vad du inte vet \u00e4r att du just startade en osynlig cykel som g\u00f6r mer skada \u00e4n det buller du undviker. Forskare vid Karolinska Institutet har f\u00f6ljt 500 deltagare i \u00e5tta veckor. Resultatet chockar: **34% &#8230; <a title=\"Varje g\u00e5ng du st\u00e4nger f\u00f6nstret f\u00f6r bullret f\u00f6rs\u00e4mrar du lungorna med 34% enligt Karolinska\" class=\"read-more\" href=\"https:\/\/www.journee-mondiale.com\/se\/varje-gang-du-stanger-fonstret-for-bullret-forsamrar-du-lungorna-med-34-enligt-karolinska\/\" aria-label=\"L\u00e4s mer om Varje g\u00e5ng du st\u00e4nger f\u00f6nstret f\u00f6r bullret f\u00f6rs\u00e4mrar du lungorna med 34% enligt Karolinska\">Lire plus<\/a><\/p>\n","protected":false},"author":1,"featured_media":15618,"comment_status":"","ping_status":"","sticky":false,"template":"","format":"standard","meta":{"footnotes":""},"categories":[37],"tags":[],"class_list":["post-15619","post","type-post","status-publish","format-standard","has-post-thumbnail","hentry","category-livsstil"],"acf":[],"_yoast_wpseo_primary_category":null,"_yoast_wpseo_title":null,"_yoast_wpseo_metadesc":null,"_links":{"self":[{"href":"https:\/\/www.journee-mondiale.com\/se\/wp-json\/wp\/v2\/posts\/15619","targetHints":{"allow":["GET"]}}],"collection":[{"href":"https:\/\/www.journee-mondiale.com\/se\/wp-json\/wp\/v2\/posts"}],"about":[{"href":"https:\/\/www.journee-mondiale.com\/se\/wp-json\/wp\/v2\/types\/post"}],"author":[{"embeddable":true,"href":"https:\/\/www.journee-mondiale.com\/se\/wp-json\/wp\/v2\/users\/1"}],"replies":[{"embeddable":true,"href":"https:\/\/www.journee-mondiale.com\/se\/wp-json\/wp\/v2\/comments?post=15619"}],"version-history":[{"count":0,"href":"https:\/\/www.journee-mondiale.com\/se\/wp-json\/wp\/v2\/posts\/15619\/revisions"}],"wp:featuredmedia":[{"embeddable":true,"href":"https:\/\/www.journee-mondiale.com\/se\/wp-json\/wp\/v2\/media\/15618"}],"wp:attachment":[{"href":"https:\/\/www.journee-mondiale.com\/se\/wp-json\/wp\/v2\/media?parent=15619"}],"wp:term":[{"taxonomy":"category","embeddable":true,"href":"https:\/\/www.journee-mondiale.com\/se\/wp-json\/wp\/v2\/categories?post=15619"},{"taxonomy":"post_tag","embeddable":true,"href":"https:\/\/www.journee-mondiale.com\/se\/wp-json\/wp\/v2\/tags?post=15619"}],"curies":[{"name":"wp","href":"https:\/\/api.w.org\/{rel}","templated":true}]}}