{"id":15615,"date":"2025-10-13T10:10:26","date_gmt":"2025-10-13T14:10:26","guid":{"rendered":"https:\/\/www.journee-mondiale.com\/se\/varken-costa-del-sol-eller-toscana-6-km-roda-klippor-moter-atlanten-utan-folkmassor\/"},"modified":"2025-10-13T10:10:26","modified_gmt":"2025-10-13T14:10:26","slug":"varken-costa-del-sol-eller-toscana-6-km-roda-klippor-moter-atlanten-utan-folkmassor","status":"publish","type":"post","link":"https:\/\/www.journee-mondiale.com\/se\/varken-costa-del-sol-eller-toscana-6-km-roda-klippor-moter-atlanten-utan-folkmassor\/","title":{"rendered":"Varken Costa del Sol eller Toscana: 6 km r\u00f6da klippor m\u00f6ter Atlanten utan folkmassor"},"content":{"rendered":"<p>Sommaren 2024 st\u00e5r en svensk familj vid Costa del Sol och stirrar p\u00e5 en strand t\u00e4ckt av 40 000 turister per kvadratkilometer. 400 km s\u00f6derut existerar n\u00e5got helt annat: 6 kilometer gyllene sand d\u00e4r r\u00f6da klippor fr\u00e5n Pliocen-tiden reser sig 30 meter \u00f6ver Atlanten. Praia da Fal\u00e9sia \u00e4r varken Spaniens massturism eller Toscanas op\u00e5litliga v\u00e4der. Det \u00e4r geologisk magi 30 minuter fr\u00e5n Faro \u2014 och 15% billigare.<\/p>\n<h2>N\u00e4r Atlanten skapade Europas mest dramatiska klippstrand<\/h2>\n<p>N125-v\u00e4gen buktar sig l\u00e4ngs Algarvekusten. Koordinaterna 37.0867\u00b0N markerar n\u00e5got unikt. H\u00e4r reser sig r\u00f6d-orange kalkstensklippor 20 meter rakt upp fr\u00e5n sandstranden.<\/p>\n<p>Ankomsten sker via <a href=\"https:\/\/www.journee-mondiale.com\/se\/denna-500-meters-strand-pa-osterlen-kanns-som-thailand-bara-150-invanare\/\">Olhos de \u00c1gua<\/a>, en fiskeby med 380 permanenta inv\u00e5nare. Geologisk kontext: 5 miljoner \u00e5r gamla sediment\u00e4ra lager fr\u00e5n Pliocen och Pleistocen. Erosion formar fortfarande landskapet idag.<\/p>\n<p>Klipporna best\u00e5r av mjuk sandsten och lera. Varje \u00e5r eroderar de n\u00e5gra millimeter. Detta skapar dramatiska formationer som inte existerar i Medelhavet.<\/p>\n<h2>Varf\u00f6r 6 kilometer strand k\u00e4nns tommare \u00e4n Costa del Sols 500 meter<\/h2>\n<p>Turistt\u00e4thetsj\u00e4mf\u00f6relse avsl\u00f6jar kontrasten. Costa del Sol tar emot 10 miljoner \u00e5rliga turister p\u00e5 begr\u00e4nsat kustomr\u00e5de. Praia da Fal\u00e9sia: 8 kilometer sammanh\u00e4ngande strand med m\u00e5ttlig turistvolym.<\/p>\n<h3>Klippformationen som inte existerar i Medelhavet<\/h3>\n<p>R\u00f6d-orange kalksten pr\u00e4glar hela kuststr\u00e4ckan. Pinjeskogar v\u00e4xer ovanf\u00f6r klippkronen. Kontrasterar mot Costa del Sols urbana betongmilj\u00f6er och hotellkomplex.<\/p>\n<p>Algarve har vunnit &#8221;V\u00e4rldens ledande stranddestination&#8221; 2024. Praia da Fal\u00e9sia rankades som v\u00e4rldens b\u00e4sta strand i Tripadvisors Travelers&#8217; Choice Awards samma \u00e5r.<\/p>\n<h3>Geopark Algarvensis erk\u00e4nnande och milj\u00f6skydd<\/h3>\n<p>Regionen har 86 Blue Flag-str\u00e4nder baserat p\u00e5 vattenkvalitet och s\u00e4kerhet. 13 str\u00e4nder klassificeras som &#8221;Noll f\u00f6rorening&#8221; enligt h\u00e5llbarhetsorganisationen ZERO. 47 str\u00e4nder \u00e4r tillg\u00e4ngliga f\u00f6r personer med funktionsneds\u00e4ttning.<\/p>\n<p>H\u00e5llbar turism prioriteras sedan 2015. Strikta regler skyddar klippor och dynsystem fr\u00e5n \u00f6verexploatering.<\/p>\n<h2>Vad du faktiskt g\u00f6r p\u00e5 Fal\u00e9sia som ingen guidebook n\u00e4mner<\/h2>\n<p>Morgonen klockan 07:00 erbjuder tystnad vid klippbasen. Endast fiskare fr\u00e5n Olhos de \u00c1gua arbetar med sina n\u00e4t. Geologisk tid blir synlig i klipplagren.<\/p>\n<h3>Solnedg\u00e5ngspromenaden mellan A\u00e7oteias och Vilamoura<\/h3>\n<p>Ny milj\u00f6v\u00e4nlig strandpromenad invigdes 2025. 8 km vandring l\u00e4ngs klippbasen mellan tv\u00e5 fiskebyar. Optimalt ljus infaller 18:00-20:30 april till september.<\/p>\n<p>Strandens bredd varierar mellan 50 och 200 meter beroende p\u00e5 tidvattnet. Vattnet n\u00e5r <strong>22\u00b0C<\/strong> i juli j\u00e4mf\u00f6rt med Toscanas 19\u00b0C.<\/p>\n<h3>Cataplana och piri-piri i fiskarhamnarna<\/h3>\n<p>Lokala restauranger i <a href=\"https:\/\/www.journee-mondiale.com\/se\/denna-500-meters-strand-pa-komodo-kanns-som-bahamas-men-med-196-marina-arter-som-inte-finns-nagon-annanstans\/\">Olhos de \u00c1gua<\/a> serverar f\u00e4rsk fisk direkt fr\u00e5n b\u00e5tarna. Genomsnittspris f\u00f6r cataplana: 150-350 kr j\u00e4mf\u00f6rt med Costa del Sols 400+ kr.<\/p>\n<p>Piri-piri kyckling kostar 180 kr per portion. Sardiner grillas p\u00e5 lokala marknader f\u00f6r 90 kr. Prisskillnaden mot Spanien: 40% l\u00e4gre.<\/p>\n<h2>Vad Costa del Sol inte kan erbjuda \u2014 oavsett pris<\/h2>\n<p>Tystnaden vid klippbasen klockan 07:00 kontrasterar mot Costa del Sols permanenta trafikbrus. Geologisk tid syns i klipplagren. Avsaknad av hotellkomplex direkt p\u00e5 stranden bevarar autenticiteten.<\/p>\n<p>Som Andr\u00e9 Gomes, President f\u00f6r Algarve Tourism Bureau, f\u00f6rklarar: &#8221;Vi har en bred variation av str\u00e4nder, fr\u00e5n sm\u00e5 bukter med f\u00e4rgglada kalkstensklippor till l\u00e5nga sandstr\u00e4nder.&#8221; Detta saknar Costa del Sols urbana milj\u00f6er.<\/p>\n<p>En resen\u00e4r fr\u00e5n juli 2025 beskriver: &#8221;De orange klipporna, som kontrasterar mot det intensiva bl\u00e5 havet och det gyllene sandet, skapar en landskapsbild v\u00e4rdig ett postkort. \u00c4ven p\u00e5 de mest upptagna dagarna finns det alltid plats att slappna av.&#8221;<\/p>\n<h2>Dina fr\u00e5gor om Praia da Fal\u00e9sia besvarade<\/h2>\n<h3>Hur mycket billigare \u00e4r Fal\u00e9sia \u00e4n Costa del Sol?<\/h3>\n<p>Boende: budget 500-900 kr per natt vs Costa del Sols 800-1400 kr. Medelniv\u00e5: 1200-2500 kr vs 1800-3500 kr. M\u00e5ltider: enkel lunch 70-140 kr vs 120-200 kr. Totalbesparing f\u00f6r familj per vecka: <strong>3000-5000 kr<\/strong>.<\/p>\n<h3>Varf\u00f6r \u00e4r april-maj b\u00e4ttre \u00e4n juni-augusti?<\/h3>\n<p>Temperatur april-maj: 16-22\u00b0C vs sommarens 24-30\u00b0C. F\u00e4rre turister betyder mer strandyta per person. Samma 300 soldagar per \u00e5r som h\u00f6gs\u00e4song. Optimalt f\u00f6r vandringar l\u00e4ngs klipporna utan v\u00e4rmeslag.<\/p>\n<h3>Vad g\u00f6r Fal\u00e9sia annorlunda \u00e4n Toscanas kust?<\/h3>\n<p>8 km sammanh\u00e4ngande sandstrand vs <a href=\"https:\/\/www.journee-mondiale.com\/se\/siciliens-7-varldsarv-avslojar-hur-grekisk-arabisk-och-normandisk-kultur-skapade-nagot-helt-nytt\/\">Toscanas<\/a> korta kuststr\u00e4ckor med klippig kust. Direktflyg fr\u00e5n Stockholm till Faro 3-4 timmar, transfer 30 minuter. Toscana kr\u00e4ver l\u00e4ngre transfertider fr\u00e5n flygplats till kust. Konsekvent v\u00e4der maj-oktober vs Toscanas op\u00e5litliga v\u00e4derm\u00f6nster.<\/p>\n<p>Vid solnedg\u00e5ngen f\u00f6rvandlas klipporna till koppar och guld. V\u00e5gorna ekar mot 5 miljoner \u00e5r gammal sten. Endast 30 fotsp\u00e5r syns p\u00e5 6 kilometer sand. Detta \u00e4r vad <a href=\"https:\/\/www.journee-mondiale.com\/se\/varfor-oktober-ar-basta-tiden-att-besoka-gotland-15-lagre-priser-tryffelfestival-och-tomma-medeltidsgator\/\">Costa del Sol gl\u00f6mde<\/a>, vad Toscana aldrig hade \u2014 och vad 1 miljon \u00e5rliga bes\u00f6kare \u00e4nnu inte uppt\u00e4ckt.<\/p>\n","protected":false},"excerpt":{"rendered":"<p>Sommaren 2024 st\u00e5r en svensk familj vid Costa del Sol och stirrar p\u00e5 en strand t\u00e4ckt av 40 000 turister per kvadratkilometer. 400 km s\u00f6derut existerar n\u00e5got helt annat: 6 kilometer gyllene sand d\u00e4r r\u00f6da klippor fr\u00e5n Pliocen-tiden reser sig 30 meter \u00f6ver Atlanten. Praia da Fal\u00e9sia \u00e4r varken Spaniens massturism eller Toscanas op\u00e5litliga v\u00e4der. &#8230; <a title=\"Varken Costa del Sol eller Toscana: 6 km r\u00f6da klippor m\u00f6ter Atlanten utan folkmassor\" class=\"read-more\" href=\"https:\/\/www.journee-mondiale.com\/se\/varken-costa-del-sol-eller-toscana-6-km-roda-klippor-moter-atlanten-utan-folkmassor\/\" aria-label=\"L\u00e4s mer om Varken Costa del Sol eller Toscana: 6 km r\u00f6da klippor m\u00f6ter Atlanten utan folkmassor\">Lire plus<\/a><\/p>\n","protected":false},"author":1,"featured_media":15614,"comment_status":"","ping_status":"","sticky":false,"template":"","format":"standard","meta":{"footnotes":""},"categories":[48],"tags":[],"class_list":["post-15615","post","type-post","status-publish","format-standard","has-post-thumbnail","hentry","category-resa"],"acf":[],"_yoast_wpseo_primary_category":null,"_yoast_wpseo_title":null,"_yoast_wpseo_metadesc":null,"_links":{"self":[{"href":"https:\/\/www.journee-mondiale.com\/se\/wp-json\/wp\/v2\/posts\/15615","targetHints":{"allow":["GET"]}}],"collection":[{"href":"https:\/\/www.journee-mondiale.com\/se\/wp-json\/wp\/v2\/posts"}],"about":[{"href":"https:\/\/www.journee-mondiale.com\/se\/wp-json\/wp\/v2\/types\/post"}],"author":[{"embeddable":true,"href":"https:\/\/www.journee-mondiale.com\/se\/wp-json\/wp\/v2\/users\/1"}],"replies":[{"embeddable":true,"href":"https:\/\/www.journee-mondiale.com\/se\/wp-json\/wp\/v2\/comments?post=15615"}],"version-history":[{"count":0,"href":"https:\/\/www.journee-mondiale.com\/se\/wp-json\/wp\/v2\/posts\/15615\/revisions"}],"wp:featuredmedia":[{"embeddable":true,"href":"https:\/\/www.journee-mondiale.com\/se\/wp-json\/wp\/v2\/media\/15614"}],"wp:attachment":[{"href":"https:\/\/www.journee-mondiale.com\/se\/wp-json\/wp\/v2\/media?parent=15615"}],"wp:term":[{"taxonomy":"category","embeddable":true,"href":"https:\/\/www.journee-mondiale.com\/se\/wp-json\/wp\/v2\/categories?post=15615"},{"taxonomy":"post_tag","embeddable":true,"href":"https:\/\/www.journee-mondiale.com\/se\/wp-json\/wp\/v2\/tags?post=15615"}],"curies":[{"name":"wp","href":"https:\/\/api.w.org\/{rel}","templated":true}]}}