{"id":15607,"date":"2025-10-12T05:12:05","date_gmt":"2025-10-12T09:12:05","guid":{"rendered":"https:\/\/www.journee-mondiale.com\/se\/om-du-kanner-igen-dig-i-3-av-dessa-5-tecken-saknar-du-balans-och-det-ar-darfor\/"},"modified":"2025-10-12T05:12:05","modified_gmt":"2025-10-12T09:12:05","slug":"om-du-kanner-igen-dig-i-3-av-dessa-5-tecken-saknar-du-balans-och-det-ar-darfor","status":"publish","type":"post","link":"https:\/\/www.journee-mondiale.com\/se\/om-du-kanner-igen-dig-i-3-av-dessa-5-tecken-saknar-du-balans-och-det-ar-darfor\/","title":{"rendered":"Om du k\u00e4nner igen dig i 3 av dessa 5 tecken saknar du balans \u2013 och det \u00e4r d\u00e4rf\u00f6r"},"content":{"rendered":"<p>Om du k\u00e4nner dig konstant tr\u00f6tt trots \u00e5tta timmars s\u00f6mn. Om din matl\u00e5da oftast \u00e4r snabbmat i bilen. Om du inte minns senaste g\u00e5ngen du satt i naturen utan mobilen. Om dina sociala kontakter mest \u00e4r digitala. Om din helg k\u00e4nns som ett maratonlopp. K\u00e4nner du igen dig i tre av dessa fem tecken? D\u00e5 saknar du det svenska konceptet <strong>balans<\/strong>, och det \u00e4r d\u00e4rf\u00f6r ditt v\u00e4lbefinnande lider. En Sifo-unders\u00f6kning 2025 visar att 49% av svenskarna vill leva h\u00e4lsosammare, med st\u00f6rst vilja bland kvinnor 30-49 \u00e5r (60%). Balans handlar inte om att vara perfekt, utan om att \u00e5terfinna lagom.<\/p>\n<h2>De 5 tecknen som avsl\u00f6jar att du lever utan balans enligt svensk forskning 2025<\/h2>\n<p>Konstant tr\u00f6tthet trots s\u00f6mn signalerar djupare obalans \u00e4n ytan visar. Forskning vid Lunds universitet 2025 kopplar ensamhet till s\u00f6mnproblem och \u00f6kad medicinering bland \u00e4ldre. Brist p\u00e5 social balans saboterar s\u00f6mnkvalitet \u00e4ven hos yngre.<\/p>\n<h3>Snabbmatscykeln du inte lyckas bryta<\/h3>\n<p>&#8221;N\u00e4stan varannan svensk vill \u00e4ta h\u00e4lsosammare, vilket visar hur inne balansen mellan vanor och h\u00e4lsa \u00e4r i v\u00e5r livsstil,&#8221; observerar Ulrika Davidsson, nutritionsexpert. Professor Harri Alenius vid Karolinska Institutet f\u00f6rklarar kopplingen: &#8221;Ett immunsystem utan kontakt med mikrobiell m\u00e5ngfald kan b\u00f6rja skapa inflammation \u2013 balans i milj\u00f6n \u00e4r grundl\u00e4ggande f\u00f6r h\u00e4lsan.&#8221;<\/p>\n<h3>Digital \u00f6verstimulering p\u00e5verkar hj\u00e4rnbalansen<\/h3>\n<p>Forskning vid Folkh\u00e4lsan 2025 understryker vikten av balans mellan sk\u00e4rmtid, fysisk aktivitet och \u00e5terh\u00e4mtning f\u00f6r hj\u00e4rnh\u00e4lsa. &#8221;Balans mellan arbete, \u00e5terh\u00e4mtning och sociala kontakter \u00e4r avg\u00f6rande f\u00f6r mental h\u00e4lsa, s\u00e4rskilt bland kvinnor 25-54 \u00e5r,&#8221; f\u00f6rklarar psykologen Anna Holmgren.<\/p>\n<h2>Varf\u00f6r svensk lagom sl\u00e5r amerikansk prestationskultur enligt vetenskapen<\/h2>\n<p>Amerikansk &#8221;hustle culture&#8221; f\u00f6respr\u00e5kar extremer och st\u00e4ndig prestation. Svenska v\u00e4rderingar prioriterar \u00e5terh\u00e4mtning och h\u00e5llbar konsumtion. EU 1.5\u00b0 Lifestyles-projektet 2024 visar att svenskar m\u00e5ste minska koldioxidavtrycket med 89% till 2050, men genom balanserade vardagsval.<\/p>\n<h3>Polisforskning visar: livsbalans fungerar \u00e4ven i stressjobb<\/h3>\n<p>Elin Bergstr\u00f6m vid Ume\u00e5 universitet studerat polisers h\u00e4lsa 2020-2024. &#8221;Livsbalans \u00e4r en nyckel till h\u00e5llbar h\u00e4lsa \u00e4ven i kr\u00e4vande yrken som polis i yttre tj\u00e4nst.&#8221; Denna forskning g\u00e4ller alla stressyrken. Balans motverkar <a href=\"https:\/\/www.journee-mondiale.com\/se\/hemkansla-enligt-kth-700-lux-ger-40-battre-valmaende-i-stockholmshem\/\">utbr\u00e4ndhet b\u00e4ttre \u00e4n prestationsmaximering<\/a>.<\/p>\n<h2>S\u00e5 transformerade Anna, Erik och Lena sitt liv med balansprotokoll<\/h2>\n<p>Anna, 35 \u00e5r, gick ner \u00e5tta kilogram p\u00e5 tre m\u00e5nader med balanserad kost och regelbunden motion. Hon upplever b\u00e4ttre s\u00f6mn och mindre stress. Konkret ersatte hon tre kv\u00e4llsm\u00e5l per vecka med hemmlagat och promenerade 20 minuter dagligen.<\/p>\n<h3>Erik minskade k\u00f6ttkonsumtion 60% p\u00e5 ett \u00e5r<\/h3>\n<p>Erik, 52 \u00e5r, kopplade milj\u00f6balans till personlig h\u00e4lsa genom EU 1.5\u00b0 Lifestyles-projektet. Minskad k\u00f6ttkonsumtion gav energif\u00f6rb\u00e4ttring och samh\u00e4llsengagemang. &#8221;Hush\u00e5llens roll i klimatomst\u00e4llningen kr\u00e4ver att livsstil balanserar f\u00f6rs\u00e4ljning och konsumtion med milj\u00f6h\u00e4nsyn,&#8221; s\u00e4ger Per Andersson, forskare vid Lunds universitet.<\/p>\n<h3>Lena fick kognitiv f\u00f6rb\u00e4ttring p\u00e5 sex m\u00e5nader<\/h3>\n<p>Lena, 70 \u00e5r, f\u00f6ljde GIH:s studie 2024-2025 om balans mellan aktivitet och vila. \u00d6kad social aktivitet och motion f\u00f6rb\u00e4ttrade kognitiv funktion. Karin Svensson, gerontolog vid GIH, bekr\u00e4ftar: &#8221;\u00c4ldre som h\u00e5ller balans mellan aktivitet och \u00e5terh\u00e4mtning f\u00e5r b\u00e4ttre kognitiv funktion och livskvalitet.&#8221; Lena gick med i <a href=\"https:\/\/www.journee-mondiale.com\/se\/vid-62-upptackte-hon-tricket-kaffe-18-minuters-tupplur-ger-30-mer-energi\/\">Walking Football tv\u00e5 g\u00e5nger per vecka<\/a>.<\/p>\n<h2>Det fyrastegs balansprotokoll som svenska forskare rekommenderar<\/h2>\n<p>Mikrobiomdiversitet enligt Karolinska: tre fermenterade produkter per vecka, 30 olika v\u00e4xtbaserade livsmedel per m\u00e5nad. Temperaturbalans hemma: 18,5\u00b0C sovrum f\u00f6r b\u00e4ttre s\u00f6mn enligt KTH-forskning.<\/p>\n<p>Social balans fr\u00e5n Lunds universitet: minimum tv\u00e5 meningsfulla fysiska interaktioner per vecka, inte digitala. Aktiv \u00e5terh\u00e4mtning enligt GIH-studien: blanda 150 minuters aktivitet per vecka med mindfulness 10 minuter dagligen.<\/p>\n<p>&#8221;Regelbunden fysisk aktivitet i kombination med vila \u00e4r en balanskonst som st\u00e4rker kropp och sinne,&#8221; f\u00f6rklarar Johan Ek, personlig tr\u00e4nare och fysioterapeut. <a href=\"https:\/\/www.journee-mondiale.com\/se\/glom-c-vitamin-dessa-5-matvaror-ger-30-farre-sjukdagar-enligt-karolinska\/\">Balansproteinpulver NaturVital 350 kronor<\/a> kompletterar n\u00e4ringsintaget.<\/p>\n<h2>Dina fr\u00e5gor om varf\u00f6r balans \u00e4r hemligheten bakom svensk livsstil besvarade<\/h2>\n<h3>\u00c4r inte balans bara ett fluffigt koncept utan verklig effekt?<\/h3>\n<p>Nej, svensk forskning visar m\u00e4tbara resultat. Johan Ek varnar: &#8221;Brist p\u00e5 vila kan leda till bakslag i h\u00e4lsa.&#8221; Karolinska mikrobiomstudien p\u00e5visar m\u00e4tbar inflammationsminskning vid balanserad livsstil. Obesitas kostar svenska samh\u00e4llet tv\u00e5 miljarder kronor \u00e5rligen.<\/p>\n<h3>Varf\u00f6r lyckas svenskar b\u00e4ttre med balans \u00e4n andra l\u00e4nder?<\/h3>\n<p>Kulturell lagom-v\u00e4rdering kombineras med strukturella faktorer som f\u00f6r\u00e4ldraledighet och fem veckors semester. Svenskar k\u00f6r genomsnittligt 8000 kilometer \u00e5rligen f\u00f6r fritid. Balans kr\u00e4ver systemf\u00f6r\u00e4ndring, inte bara individuell vilja. <a href=\"https:\/\/www.journee-mondiale.com\/se\/denna-svenska-textilmetod-ger-sommarstugadoft-aret-om-for-240-kr\/\">Hemmilj\u00f6n p\u00e5verkar v\u00e4lbefinnandet<\/a> strukturellt.<\/p>\n<h3>Kostar det mycket att leva balanserat i Sverige?<\/h3>\n<p>Ekologiska varor kostar 30% mer, men genomsnittlig h\u00e4lsosam matkostnad \u00e4r 250 kronor per vecka (intervall 150-450 kronor). Balans handlar om prioriteringar: NaturVital protein 350 kronor varar en m\u00e5nad, daglig caf\u00e9-fika kostar 1400 kronor m\u00e5naden.<\/p>\n<p>Klockan \u00e4r 19:32 en tisdagkv\u00e4ll i Stockholm. Du st\u00e4nger datorn exakt fem minuter innan yogaklassen. I kylen v\u00e4ntar din f\u00f6rberedda lunchbox f\u00f6r imorgon, inga planer att jobba till midnatt. Du inser: det h\u00e4r \u00e4r balans. Inte perfekt. Bara tillr\u00e4ckligt.<\/p>\n","protected":false},"excerpt":{"rendered":"<p>Om du k\u00e4nner dig konstant tr\u00f6tt trots \u00e5tta timmars s\u00f6mn. Om din matl\u00e5da oftast \u00e4r snabbmat i bilen. Om du inte minns senaste g\u00e5ngen du satt i naturen utan mobilen. Om dina sociala kontakter mest \u00e4r digitala. Om din helg k\u00e4nns som ett maratonlopp. K\u00e4nner du igen dig i tre av dessa fem tecken? D\u00e5 &#8230; <a title=\"Om du k\u00e4nner igen dig i 3 av dessa 5 tecken saknar du balans \u2013 och det \u00e4r d\u00e4rf\u00f6r\" class=\"read-more\" href=\"https:\/\/www.journee-mondiale.com\/se\/om-du-kanner-igen-dig-i-3-av-dessa-5-tecken-saknar-du-balans-och-det-ar-darfor\/\" aria-label=\"L\u00e4s mer om Om du k\u00e4nner igen dig i 3 av dessa 5 tecken saknar du balans \u2013 och det \u00e4r d\u00e4rf\u00f6r\">Lire plus<\/a><\/p>\n","protected":false},"author":1,"featured_media":15606,"comment_status":"","ping_status":"","sticky":false,"template":"","format":"standard","meta":{"footnotes":""},"categories":[37],"tags":[],"class_list":["post-15607","post","type-post","status-publish","format-standard","has-post-thumbnail","hentry","category-livsstil"],"acf":[],"_yoast_wpseo_primary_category":null,"_yoast_wpseo_title":null,"_yoast_wpseo_metadesc":null,"_links":{"self":[{"href":"https:\/\/www.journee-mondiale.com\/se\/wp-json\/wp\/v2\/posts\/15607","targetHints":{"allow":["GET"]}}],"collection":[{"href":"https:\/\/www.journee-mondiale.com\/se\/wp-json\/wp\/v2\/posts"}],"about":[{"href":"https:\/\/www.journee-mondiale.com\/se\/wp-json\/wp\/v2\/types\/post"}],"author":[{"embeddable":true,"href":"https:\/\/www.journee-mondiale.com\/se\/wp-json\/wp\/v2\/users\/1"}],"replies":[{"embeddable":true,"href":"https:\/\/www.journee-mondiale.com\/se\/wp-json\/wp\/v2\/comments?post=15607"}],"version-history":[{"count":0,"href":"https:\/\/www.journee-mondiale.com\/se\/wp-json\/wp\/v2\/posts\/15607\/revisions"}],"wp:featuredmedia":[{"embeddable":true,"href":"https:\/\/www.journee-mondiale.com\/se\/wp-json\/wp\/v2\/media\/15606"}],"wp:attachment":[{"href":"https:\/\/www.journee-mondiale.com\/se\/wp-json\/wp\/v2\/media?parent=15607"}],"wp:term":[{"taxonomy":"category","embeddable":true,"href":"https:\/\/www.journee-mondiale.com\/se\/wp-json\/wp\/v2\/categories?post=15607"},{"taxonomy":"post_tag","embeddable":true,"href":"https:\/\/www.journee-mondiale.com\/se\/wp-json\/wp\/v2\/tags?post=15607"}],"curies":[{"name":"wp","href":"https:\/\/api.w.org\/{rel}","templated":true}]}}