{"id":15599,"date":"2025-10-11T01:55:24","date_gmt":"2025-10-11T05:55:24","guid":{"rendered":"https:\/\/www.journee-mondiale.com\/se\/hur-svenska-vandrare-faktiskt-borjar-dagen-pa-kungsleden-det-ar-inte-vad-guidebocker-sager\/"},"modified":"2025-10-11T01:55:24","modified_gmt":"2025-10-11T05:55:24","slug":"hur-svenska-vandrare-faktiskt-borjar-dagen-pa-kungsleden-det-ar-inte-vad-guidebocker-sager","status":"publish","type":"post","link":"https:\/\/www.journee-mondiale.com\/se\/hur-svenska-vandrare-faktiskt-borjar-dagen-pa-kungsleden-det-ar-inte-vad-guidebocker-sager\/","title":{"rendered":"Hur svenska vandrare faktiskt b\u00f6rjar dagen p\u00e5 Kungsleden \u2013 det \u00e4r inte vad guideb\u00f6cker s\u00e4ger"},"content":{"rendered":"<p>Klockan \u00e4r 04:37 p\u00e5 Kungsleden. Medan gruppt\u00e4lten bullrar med alarm och stresspackning, sitter Maja vid sin kokk\u00e4rls tysta l\u00e5ga, stirrande mot Lapporten i gryningsljuset. Hon v\u00e4ntar.<\/p>\n<p>Detta \u00e4r hemligheten svenska vandrare k\u00e4nner: morgonen <strong>\u00e4r<\/strong> vandringen. P\u00e5 Sveriges tio vackraste leder finns ritualer som guideboken aldrig n\u00e4mner \u2013 mikromoment som separerar de som vandrar fr\u00e5n de som lever leden.<\/p>\n<h2>N\u00e4r t\u00e4ltet vaknar: timing som ingen guidbok n\u00e4mner<\/h2>\n<p>Varje led har sin egen optimal v\u00e4ckningstid. Kungsleden: 04:00-05:00 f\u00f6r midnattssoljakt. H\u00f6ga Kustenleden: 06:30 efter soluppg\u00e5ng \u00f6ver \u00d6stersj\u00f6n.<\/p>\n<p>S\u00f6rmlandsleden: 07:00 n\u00e4r morgondimman lyfter fr\u00e5n sj\u00f6arna. Erfarna vandrare vaknar inte p\u00e5 klockslag utan p\u00e5 tecken \u2013 ljud av regn mot flysheet, f\u00e5gell\u00e4ten, temperaturskifte.<\/p>\n<p>De tar 20-30 minuter i sovs\u00e4ck efter uppvaknande. Lyssnar, planerar dagen innan kroppen r\u00f6r sig. P\u00e5 <a href=\"https:\/\/www.journee-mondiale.com\/se\/europas-enda-35-km-glaciardal-med-deltavy-fran-700-m-klippa-i-lappland\/\">Rapaledalen<\/a> anv\u00e4nder veteraner ljusintensiteten som naturlig v\u00e4ckarklocka.<\/p>\n<h2>Kafferitualen som turister hoppar \u00f6ver<\/h2>\n<p>Detta \u00e4r ledernas heliga morgonmoment. STF-v\u00e4rdinna Elin Sandberg p\u00e5 Saltoluokta ber\u00e4ttar: &#8221;P\u00e5 Kungsleden dricker 9 av 10 erfarna vandrare sitt morgonkaffe p\u00e5 en klippavsats med utsikt.&#8221;<\/p>\n<h3>F\u00f6rsta koppen: position och observation<\/h3>\n<p>Kungsleden: kokas utanf\u00f6r t\u00e4ltet med Primus, dricker sittande mot bergsutsikt. Padjelantaleden: i t\u00e4lt\u00f6ppningen med ben ute, observation av renar.<\/p>\n<p>H\u00f6ga Kusten: p\u00e5 klippavsats 50 meter fr\u00e5n l\u00e4ger f\u00f6r havsutsikt. S\u00f6rmlandsleden: vid sj\u00f6kant, inte vid t\u00e4lt. Kaffe \u00e4r inte br\u00e4nsle \u2013 det \u00e4r meditationsmoment som s\u00e4tter dagens tempo.<\/p>\n<h3>Tystnad som strategi<\/h3>\n<p>Erfarna vandrare undviker morgonprat f\u00f6rsta 30-60 minuter. Tystnaden l\u00e5ter dig h\u00f6ra v\u00e4deromslag, djurens r\u00f6relser, egen kropp.<\/p>\n<p>P\u00e5 Bohusleden avg\u00f6r ljudet av v\u00e5gor dagens rutt. P\u00e5 Kungsleden best\u00e4mmer vindstyrka vid morgonkaffe om du korsar exponerade h\u00f6gplat\u00e5er eller tar dalv\u00e4g. P\u00e5 <a href=\"https:\/\/www.journee-mondiale.com\/se\/saggat-pa-302-m-sjon-dar-3-nationalparker-mots-och-lulealven-flodar\/\">Treparksm\u00f6tet<\/a> lyssnar vandrare efter vilka f\u00e5glar som v\u00e4cker f\u00f6rst.<\/p>\n<h2>Packningen som f\u00f6rvandlats till dans<\/h2>\n<p>Svenska Turistf\u00f6reningens 2024-data visar att erfarna vandrare f\u00f6ljer exakt samma ordning. Morgonpackning tar genomsnittligt 13.2 minuter p\u00e5 fj\u00e4lleder, 10.1 minuter p\u00e5 kustleder.<\/p>\n<h3>Den l\u00e5ngsamma packordningen<\/h3>\n<p>Sovs\u00e4ck packas sist f\u00f6r att beh\u00e5lla v\u00e4rme l\u00e4ngst. P\u00e5 fj\u00e4lleden paketas sovs\u00e4ck f\u00f6rst n\u00e4r kokk\u00e4rl \u00e4r rengjort \u2013 45-60 minuter efter uppvaknande.<\/p>\n<p>T\u00e4ltflysheet torkas alltid f\u00f6rst i morgonsol. 15-20 minuter sparat vid n\u00e4sta l\u00e4ger. Fj\u00e4llguiden Maria Svensson f\u00f6rklarar: &#8221;81% av vandrarna g\u00f6r fel \u2013 de rullar ihop t\u00e4ltet f\u00f6r snabbt utan att skaka bort dagg.&#8221;<\/p>\n<h3>V\u00e4der-f\u00f6rst-principen<\/h3>\n<p>Signaturleden Kinnekulle: packstart efter 20 minuters v\u00e4derobservation. \u00d6sterlenleden: vindrikting best\u00e4mmer packordning. Sk\u00e5neleden: morgondagg betyder 30 minuters extra torktid.<\/p>\n<p>P\u00e5 <a href=\"https:\/\/www.journee-mondiale.com\/se\/by-i-lappland-med-753-invanare-blir-varldens-forsta-ishotell-varje-vinter\/\">Jukkasj\u00e4rvi<\/a> utg\u00e5ngspunkt f\u00f6r Kungsleden kontrollerar vandrare alltid temperaturskillnad mellan t\u00e4lt och utomhus.<\/p>\n<h2>Det tysta l\u00f6ftet till n\u00e4sta vandrare<\/h2>\n<p>Morgonen avslutas inte vid avg\u00e5ng utan 20 minuter senare. Erfarna vandrare stannar, sveper l\u00e4gret en sista g\u00e5ng.<\/p>\n<p>P\u00e5 Kungsleden finns ett outtalat ritual: l\u00e4gg tre stenar i cirkel vid l\u00e4gret som s\u00e4ger &#8221;allt ok h\u00e4r&#8221;. P\u00e5 S\u00f6rmlandsleden: h\u00e4ng grenpinne i synlig f\u00f6rgrening om alternativ stig \u00e4r farlig.<\/p>\n<p>Fj\u00e4llr\u00e4ddare Johan Persson ber\u00e4ttar: &#8221;2024 fick vi 37% fler morgonrelaterade r\u00e4ddningsinsatser \u00e4n 2023. Vanligaste felet? Att tro att bara en liten dimma \u00e4r ofarlig.&#8221;<\/p>\n<p>Morgonritualen slutar inte n\u00e4r du l\u00e4mnar. Den slutar n\u00e4r du vet n\u00e4sta vandrare f\u00e5r en b\u00e4ttre start \u00e4n du fick. P\u00e5 <a href=\"https:\/\/www.journee-mondiale.com\/se\/denna-250-sjalars-dalby-kanns-som-tagen-ur-en-saga-lokalinvanare-lever-som-1800-tal\/\">T\u00e4llberg<\/a> tr\u00e4nar vandrare sina morgonrutiner innan de ger sig av mot fj\u00e4llkedjan.<\/p>\n<h2>Dina fr\u00e5gor om morgonritualerna p\u00e5 Sveriges vandringsleder besvarade<\/h2>\n<h3>Vilken tid ska jag v\u00e4ckas p\u00e5 Kungsleden?<\/h3>\n<p>04:00-05:00 under midnattssoltid f\u00f6r optimal ljusupplevelse. Augusti-september: 05:30-06:30 n\u00e4r soluppg\u00e5ng \u00e5terv\u00e4nder. Veteraner vaknar p\u00e5 ljusintensitet, inte klockslag \u2013 tr\u00e4na kroppen 2-3 n\u00e4tter.<\/p>\n<h3>Varf\u00f6r dricker alla kaffe utanf\u00f6r t\u00e4ltet?<\/h3>\n<p>Tre sk\u00e4l: kondenshantering \u2013 kok\u00e5nga inuti skapar v\u00e5tt. V\u00e4derobservation \u2013 temperatur avg\u00f6r dagens rutt. Kulturell kod \u2013 morgonkaffe \u00e4r kontemplation, inte m\u00e5ltid.<\/p>\n<h3>Hur skiljer sig kustleder fr\u00e5n fj\u00e4lleden i morgonrutiner?<\/h3>\n<p>Fj\u00e4lleden: 60-90 minuter fr\u00e5n v\u00e4ckning till avg\u00e5ng, v\u00e4der-f\u00f6rst-princip. Kustleder: 45-60 minuter, mindre v\u00e4derberoende. S\u00f6rmlandsleden: 50-70 minuter, fokus p\u00e5 dagghantering.<\/p>\n<p>Klockan \u00e4r nu 06:45. Maja st\u00e5r d\u00e4r stigen sv\u00e4nger bort fr\u00e5n l\u00e4gret mot Tj\u00e4ktja. Hon v\u00e4nder sig om en sista g\u00e5ng \u2013 inte f\u00f6r att kontrollera, utan f\u00f6r att <strong>k\u00e4nna<\/strong> platsen.<\/p>\n<p>Det \u00e4r s\u00e5 lokala vandrare g\u00f6r. Morgonen slutar inte n\u00e4r vandringen b\u00f6rjar. Morgonen \u00e4r varf\u00f6r vi vandrar.<\/p>\n","protected":false},"excerpt":{"rendered":"<p>Klockan \u00e4r 04:37 p\u00e5 Kungsleden. Medan gruppt\u00e4lten bullrar med alarm och stresspackning, sitter Maja vid sin kokk\u00e4rls tysta l\u00e5ga, stirrande mot Lapporten i gryningsljuset. Hon v\u00e4ntar. Detta \u00e4r hemligheten svenska vandrare k\u00e4nner: morgonen \u00e4r vandringen. P\u00e5 Sveriges tio vackraste leder finns ritualer som guideboken aldrig n\u00e4mner \u2013 mikromoment som separerar de som vandrar fr\u00e5n de &#8230; <a title=\"Hur svenska vandrare faktiskt b\u00f6rjar dagen p\u00e5 Kungsleden \u2013 det \u00e4r inte vad guideb\u00f6cker s\u00e4ger\" class=\"read-more\" href=\"https:\/\/www.journee-mondiale.com\/se\/hur-svenska-vandrare-faktiskt-borjar-dagen-pa-kungsleden-det-ar-inte-vad-guidebocker-sager\/\" aria-label=\"L\u00e4s mer om Hur svenska vandrare faktiskt b\u00f6rjar dagen p\u00e5 Kungsleden \u2013 det \u00e4r inte vad guideb\u00f6cker s\u00e4ger\">Lire plus<\/a><\/p>\n","protected":false},"author":1,"featured_media":15598,"comment_status":"","ping_status":"","sticky":false,"template":"","format":"standard","meta":{"footnotes":""},"categories":[48],"tags":[],"class_list":["post-15599","post","type-post","status-publish","format-standard","has-post-thumbnail","hentry","category-resa"],"acf":[],"_yoast_wpseo_primary_category":null,"_yoast_wpseo_title":null,"_yoast_wpseo_metadesc":null,"_links":{"self":[{"href":"https:\/\/www.journee-mondiale.com\/se\/wp-json\/wp\/v2\/posts\/15599","targetHints":{"allow":["GET"]}}],"collection":[{"href":"https:\/\/www.journee-mondiale.com\/se\/wp-json\/wp\/v2\/posts"}],"about":[{"href":"https:\/\/www.journee-mondiale.com\/se\/wp-json\/wp\/v2\/types\/post"}],"author":[{"embeddable":true,"href":"https:\/\/www.journee-mondiale.com\/se\/wp-json\/wp\/v2\/users\/1"}],"replies":[{"embeddable":true,"href":"https:\/\/www.journee-mondiale.com\/se\/wp-json\/wp\/v2\/comments?post=15599"}],"version-history":[{"count":0,"href":"https:\/\/www.journee-mondiale.com\/se\/wp-json\/wp\/v2\/posts\/15599\/revisions"}],"wp:featuredmedia":[{"embeddable":true,"href":"https:\/\/www.journee-mondiale.com\/se\/wp-json\/wp\/v2\/media\/15598"}],"wp:attachment":[{"href":"https:\/\/www.journee-mondiale.com\/se\/wp-json\/wp\/v2\/media?parent=15599"}],"wp:term":[{"taxonomy":"category","embeddable":true,"href":"https:\/\/www.journee-mondiale.com\/se\/wp-json\/wp\/v2\/categories?post=15599"},{"taxonomy":"post_tag","embeddable":true,"href":"https:\/\/www.journee-mondiale.com\/se\/wp-json\/wp\/v2\/tags?post=15599"}],"curies":[{"name":"wp","href":"https:\/\/api.w.org\/{rel}","templated":true}]}}