{"id":15526,"date":"2025-10-08T00:05:05","date_gmt":"2025-10-08T04:05:05","guid":{"rendered":"https:\/\/www.journee-mondiale.com\/se\/finlands-enda-fjall-med-varldens-enda-bastu-i-gondol-pa-718-meters-hojd\/"},"modified":"2025-10-08T00:05:05","modified_gmt":"2025-10-08T04:05:05","slug":"finlands-enda-fjall-med-varldens-enda-bastu-i-gondol-pa-718-meters-hojd","status":"publish","type":"post","link":"https:\/\/www.journee-mondiale.com\/se\/finlands-enda-fjall-med-varldens-enda-bastu-i-gondol-pa-718-meters-hojd\/","title":{"rendered":"Finlands enda fj\u00e4ll med v\u00e4rldens enda bastu i gondol p\u00e5 718 meters h\u00f6jd"},"content":{"rendered":"<p><strong>I hj\u00e4rtat av finska Lappland reser sig ett 718 meter h\u00f6gt fj\u00e4ll som revolutionerat hela konceptet av skandinavisk skidkultur.<\/strong> Yll\u00e4s \u00e4r inte bara Finlands h\u00f6gsta fj\u00e4ll med skidliftar \u2013 det \u00e4r hemvist f\u00f6r v\u00e4rldens f\u00f6rsta och enda bastu integrerad i en gondolvagn.<\/p>\n<p>N\u00e4r gondolen l\u00e5ngsamt glider uppf\u00f6r fj\u00e4llsidan p\u00e5 sina sju minuter l\u00e5nga resa mot toppen, befinner du dig i en helt unik situation. H\u00e4r, 800 meter \u00f6ver havet, kombineras den traditionella finska bastukulturen med modern linbaneteknik p\u00e5 ett s\u00e4tt som aldrig tidigare sk\u00e5dats.<\/p>\n<p>Denna extraordin\u00e4ra installation har gjort Yll\u00e4s till en global kuriositet inom b\u00e5de wellness- och skidturismen. Med sina 61 pister och 29 liftar utg\u00f6r det Lapplands n\u00e4st st\u00f6rsta skidomr\u00e5de, men det \u00e4r bastugondolen som verkligen skiljer denna destination fr\u00e5n alla andra fj\u00e4llupplevelser i Skandinavien.<\/p>\n<h2>V\u00e4rldens mest extrema bastuupplevelse p\u00e5 718 meters h\u00f6jd<\/h2>\n<h3>En teknisk innovation som f\u00f6r\u00e4ndrade fj\u00e4llturismen<\/h3>\n<p>Bastugondolen p\u00e5 Yll\u00e4s rymmer fyra personer och erbjuder en tjugo minuter l\u00e5ng upplevelse som kombinerar den finska bastukulturen med spektakul\u00e4ra fj\u00e4llvyer. Systemet till\u00e5ter tre turer per bokning, vilket ger totalt tolv personer m\u00f6jlighet att dela denna unika upplevelse f\u00f6r 2300 euro oavsett gruppstorlek.<\/p>\n<h3>Fr\u00e5n skidbacke till wellness-revolution<\/h3>\n<p>Detta fj\u00e4ll, som 1995 var v\u00e4rd f\u00f6r de trettonde vinter-Deaflympics, har utvecklats fr\u00e5n en traditionell skidort till en pionj\u00e4r inom extrema wellness-upplevelser. Den 330 kilometer l\u00e5nga l\u00e4ngdskidsp\u00e5rsn\u00e4tet, varav 38 kilometer \u00e4r upplyst, kompletterar den revolutionerande bastugondolen och skapar en helhet som lockar b\u00e5de adrenalins\u00f6kare och wellness-entusiaster.<\/p>\n<h2>Autentisk lappl\u00e4ndsk kultur m\u00f6ter modern innovation<\/h2>\n<h3>Mellan tv\u00e5 v\u00e4rldar: \u00c4k\u00e4slompolo och Yll\u00e4sj\u00e4rvi<\/h3>\n<p>Vid fj\u00e4llets fot ligger tv\u00e5 sm\u00e5byar som bevarar den traditionella lappl\u00e4ndska kulturen samtidigt som de anpassar sig till den moderna fj\u00e4llturismen. <a href=\"https:\/\/www.journee-mondiale.com\/se\/by-i-lappland-med-753-invanare-blir-varldens-forsta-ishotell-varje-vinter\/\">Precis som Jukkasj\u00e4rvi revolutionerade vinterturismen med sitt ishotell<\/a>, har Yll\u00e4s-regionen blivit ett centrum f\u00f6r innovativ nordisk turism.<\/p>\n<h3>Pallas-Yll\u00e4stunturi nationalpark som naturlig ram<\/h3>\n<p>Fj\u00e4llet ing\u00e5r i den tredje st\u00f6rsta nationalparken i Finland, d\u00e4r ursprunglig lappl\u00e4ndsk natur bevarats intakt. Den subarktiska milj\u00f6n med sin unika flora och fauna skapar en autentisk ram f\u00f6r b\u00e5de vinter- och sommaraktiviteter, fr\u00e5n norrskensobservation till midnattssolens vandringsleder.<\/p>\n<blockquote><p>\n<strong>F\u00e4ltanteckning:<\/strong> &#8221;N\u00e4r bastugondolen n\u00e5r sin h\u00f6gsta punkt och temperaturen stiger till 80 grader, medan utomhustemperaturen kan vara minus 30, upplever du en kontrast som f\u00e5 platser p\u00e5 jorden kan erbjuda. Utsikten \u00f6ver den sn\u00f6t\u00e4cka lappl\u00e4ndska vildmarken genom bastuns panoramaf\u00f6nster \u00e4r helt enkelt magisk.&#8221;\n<\/p><\/blockquote>\n<h2>En exklusiv upplevelse som trotsar alla konventioner<\/h2>\n<h3>Sommars\u00e4songens dolda potential<\/h3>\n<p>Medan vintern erbjuder skid\u00e5kning och norrsken, f\u00f6rvandlas Yll\u00e4s under sommaren till ett paradis f\u00f6r vandring och mountainbike. <a href=\"https:\/\/www.journee-mondiale.com\/se\/fettjeafallets-nya-utmaning-12-miljoner-for-600-meter-stentrappa\/\">Likt andra fj\u00e4ll som investerat i modern infrastruktur<\/a>, har Yll\u00e4s gjort sin gondol tillg\u00e4nglig \u00e5ret runt, vilket m\u00f6jligg\u00f6r bastupplevelser under midnattsoljus.<\/p>\n<h3>Teknisk precision f\u00f6r maximal komfort<\/h3>\n<p>Installationen representerar h\u00f6gsta tekniska standard med s\u00e4kerhetssystem anpassade f\u00f6r extrema v\u00e4derf\u00f6rh\u00e5llanden. Bokningen inkluderar \u00e4ven tillg\u00e5ng till toppens saunaanl\u00e4ggningar med utomhusjacuzzi och lounge under tv\u00e5 timmar, vilket skapar en komplett spa-upplevelse p\u00e5 fj\u00e4lltoppen.<\/p>\n<h2>Praktisk tillg\u00e5ng till denna unika upplevelse<\/h2>\n<h3>Strategisk placering i hj\u00e4rtat av Lappland<\/h3>\n<p>Med Kittil\u00e4 flygplats endast 39 kilometer bort och direktt\u00e5g fr\u00e5n Kolari station (37 kilometer) till Helsingfors, \u00e4r Yll\u00e4s \u00f6verraskande tillg\u00e4ngligt. <a href=\"https:\/\/www.journee-mondiale.com\/se\/funasfjallen-1060-bofasta-skapar-sveriges-storsta-skidparadis-pa-300-km\/\">Till skillnad fr\u00e5n svenska skidorter som Fun\u00e4sfj\u00e4llen<\/a>, erbjuder Yll\u00e4s denna v\u00e4rldsunika kombination av tillg\u00e4nglighet och exklusivitet.<\/p>\n<h3>S\u00e4songsplanering f\u00f6r optimal upplevelse<\/h3>\n<p>F\u00f6r b\u00e4sta bastugondol-upplevelse rekommenderas bokning under klara vinterdagar mellan december och mars, n\u00e4r kontrasten mellan bastuv\u00e4rme och arktisk kyla \u00e4r som mest dramatisk. Sommars\u00e4songen erbjuder midnattsoljus och spektakul\u00e4ra vyer \u00f6ver nationalparken under ljusa n\u00e4tter som aldrig riktigt blir m\u00f6rka.<\/p>\n<p><strong>Yll\u00e4s representerar framtiden f\u00f6r nordisk fj\u00e4llturism \u2013 d\u00e4r tradition m\u00f6ter innovation p\u00e5 718 meters h\u00f6jd.<\/strong> H\u00e4r skapas minnen som varar livet ut, i v\u00e4rldens enda bastugondol som glider genom den finska Lapplands majest\u00e4tiska landskap. En upplevelse som verkligen m\u00e5ste upplevas f\u00f6r att f\u00f6rst\u00e5s.<\/p>\n","protected":false},"excerpt":{"rendered":"<p>I hj\u00e4rtat av finska Lappland reser sig ett 718 meter h\u00f6gt fj\u00e4ll som revolutionerat hela konceptet av skandinavisk skidkultur. Yll\u00e4s \u00e4r inte bara Finlands h\u00f6gsta fj\u00e4ll med skidliftar \u2013 det \u00e4r hemvist f\u00f6r v\u00e4rldens f\u00f6rsta och enda bastu integrerad i en gondolvagn. N\u00e4r gondolen l\u00e5ngsamt glider uppf\u00f6r fj\u00e4llsidan p\u00e5 sina sju minuter l\u00e5nga resa mot &#8230; <a title=\"Finlands enda fj\u00e4ll med v\u00e4rldens enda bastu i gondol p\u00e5 718 meters h\u00f6jd\" class=\"read-more\" href=\"https:\/\/www.journee-mondiale.com\/se\/finlands-enda-fjall-med-varldens-enda-bastu-i-gondol-pa-718-meters-hojd\/\" aria-label=\"L\u00e4s mer om Finlands enda fj\u00e4ll med v\u00e4rldens enda bastu i gondol p\u00e5 718 meters h\u00f6jd\">Lire plus<\/a><\/p>\n","protected":false},"author":1,"featured_media":0,"comment_status":"","ping_status":"","sticky":false,"template":"","format":"standard","meta":{"footnotes":""},"categories":[48],"tags":[],"class_list":["post-15526","post","type-post","status-publish","format-standard","hentry","category-resa"],"acf":[],"_yoast_wpseo_primary_category":null,"_yoast_wpseo_title":null,"_yoast_wpseo_metadesc":null,"_links":{"self":[{"href":"https:\/\/www.journee-mondiale.com\/se\/wp-json\/wp\/v2\/posts\/15526","targetHints":{"allow":["GET"]}}],"collection":[{"href":"https:\/\/www.journee-mondiale.com\/se\/wp-json\/wp\/v2\/posts"}],"about":[{"href":"https:\/\/www.journee-mondiale.com\/se\/wp-json\/wp\/v2\/types\/post"}],"author":[{"embeddable":true,"href":"https:\/\/www.journee-mondiale.com\/se\/wp-json\/wp\/v2\/users\/1"}],"replies":[{"embeddable":true,"href":"https:\/\/www.journee-mondiale.com\/se\/wp-json\/wp\/v2\/comments?post=15526"}],"version-history":[{"count":0,"href":"https:\/\/www.journee-mondiale.com\/se\/wp-json\/wp\/v2\/posts\/15526\/revisions"}],"wp:attachment":[{"href":"https:\/\/www.journee-mondiale.com\/se\/wp-json\/wp\/v2\/media?parent=15526"}],"wp:term":[{"taxonomy":"category","embeddable":true,"href":"https:\/\/www.journee-mondiale.com\/se\/wp-json\/wp\/v2\/categories?post=15526"},{"taxonomy":"post_tag","embeddable":true,"href":"https:\/\/www.journee-mondiale.com\/se\/wp-json\/wp\/v2\/tags?post=15526"}],"curies":[{"name":"wp","href":"https:\/\/api.w.org\/{rel}","templated":true}]}}