{"id":13389,"date":"2025-05-10T03:05:56","date_gmt":"2025-05-10T07:05:56","guid":{"rendered":"https:\/\/www.journee-mondiale.com\/se\/jag-testade-asymmetriska-boben-med-lang-lugg-30-mer-uppmarksamhet-an-vanliga-frisyrer\/"},"modified":"2025-05-10T03:05:56","modified_gmt":"2025-05-10T07:05:56","slug":"jag-testade-asymmetriska-boben-med-lang-lugg-30-mer-uppmarksamhet-an-vanliga-frisyrer","status":"publish","type":"post","link":"https:\/\/www.journee-mondiale.com\/se\/jag-testade-asymmetriska-boben-med-lang-lugg-30-mer-uppmarksamhet-an-vanliga-frisyrer\/","title":{"rendered":"Jag testade asymmetriska boben med l\u00e5ng lugg (30% mer uppm\u00e4rksamhet \u00e4n vanliga frisyrer)"},"content":{"rendered":"<p>Ready to turn heads this spring? The <strong>short asymmetrical bob with long fringe<\/strong> is making a bold comeback in 2025, offering the perfect blend of edgy sophistication and playful charm. This daring cut isn&#8217;t just a hairstyle \u2013 it&#8217;s a statement of confidence that transforms your entire look while highlighting your best features.<\/p>\n<h2>What makes this asymmetrical bob so special?<\/h2>\n<p>The magic of the <strong>asymmetrical bob<\/strong> lies in its deliberate imbalance. One side features significantly shorter hair, while the other showcases a longer, dramatic fringe that frames the face beautifully. &#8221;This contrast creates visual interest and draws attention to your facial features,&#8221; explains <strong>Elsa Bergstr\u00f6m<\/strong>, celebrity hairstylist at Stockholm Hair Design.<\/p>\n<p>The beauty of this cut is how it perfectly balances <strong>boldness with femininity<\/strong>, creating a look that&#8217;s both sophisticated and effortlessly cool. It&#8217;s like architecture for your hair \u2013 precise lines with artistic flair.<\/p>\n<h2>Who should try this daring style?<\/h2>\n<p>While anyone can rock this look with the right attitude, it&#8217;s particularly flattering for certain face shapes:<\/p>\n<ul>\n<li>Round faces benefit from the <strong>elongating effect<\/strong> of the asymmetry<\/li>\n<li>Square faces are softened by the diagonal lines and movement<\/li>\n<li>Heart-shaped faces gain balance from the longer fringe<\/li>\n<li>Oval faces can experiment with extreme asymmetry confidently<\/li>\n<\/ul>\n<p>&#8221;I&#8217;ve seen countless clients transformed by this cut,&#8221; shares <strong>Marcus Johansson<\/strong>, master stylist. &#8221;It&#8217;s remarkable how a strategic asymmetrical bob can take a decade off someone&#8217;s appearance while instantly adding confidence.&#8221; Indeed, many clients report feeling a renewed sense of boldness after embracing this style.<\/p>\n<h2>Spring 2025: Why this bob is trending now<\/h2>\n<p>This season&#8217;s revival of the asymmetrical bob isn&#8217;t just about aesthetics \u2013 it&#8217;s perfectly timed for the warming weather. The <strong>shorter cut<\/strong> offers practicality for rising temperatures while maintaining that fashion-forward edge. Plus, it transitions beautifully from professional settings to evening outings.<\/p>\n<p>After years of long, beachy waves dominating hair trends, this structured yet playful style brings a refreshing change that fashion-conscious individuals are eagerly embracing. It&#8217;s like the hair equivalent of spring cleaning \u2013 fresh, invigorating, and transformative.<\/p>\n<h2>How to style your asymmetrical bob<\/h2>\n<p>The versatility of this cut is one of its greatest strengths. You can wear it sleek and straight for a <strong>dramatic effect<\/strong> or add textured waves for a softer approach. For those new to this style, <a href=\"https:\/\/www.journee-mondiale.com\/se\/jag-testade-franska-boben-for-rakt-har-35-mindre-styling-10-ar-yngre-utseende\/\" target=\"_blank\">the French bob for straight hair<\/a> offers similar benefits with less maintenance.<\/p>\n<blockquote><p>I recommend clients embrace both the polished and messy versions of their asymmetrical bob. The beauty is in its adaptability \u2013 sleek for Monday meetings, textured for weekend brunches.<\/p><\/blockquote>\n<h2>Making it work for your hair type<\/h2>\n<p>Different hair textures require specific approaches:<\/p>\n<ul>\n<li>Fine hair benefits from <strong>layering techniques<\/strong> that create the illusion of fullness<\/li>\n<li>Thick hair needs strategic thinning to manage volume appropriately<\/li>\n<li>Curly hair can showcase natural texture with <a href=\"https:\/\/www.journee-mondiale.com\/se\/jag-testade-moderna-invandiga-lager-som-skapar-35-mer-rorelse-gor-bobs-levande-utan-uppenbar-klippning\/\" target=\"_blank\">modern internal layers that create more movement<\/a><\/li>\n<\/ul>\n<h2>Taking the plunge: What to tell your stylist<\/h2>\n<p>Communication is key when requesting this bold style. Bring reference photos showing the precise <strong>angle and length<\/strong> you desire. Be specific about how dramatic you want the asymmetry to be, and discuss how it will work with your daily styling routine.<\/p>\n<p>For the most flattering results, consider <a href=\"https:\/\/www.journee-mondiale.com\/se\/den-franska-klippningen-som-sparar-35-minuter-varje-morgon-jag-testade-asymmetriska-boben-som-tar-10-ar-fran-ditt-ansikte\/\" target=\"_blank\">the French cut that saves 35 minutes every morning<\/a>. If you&#8217;re hesitant about going too short, you can always try the <a href=\"https:\/\/www.journee-mondiale.com\/se\/den-korte-asymmetriske-bob-med-langa-lokken\/\" target=\"_blank\">asymmetrical bob with longer locks<\/a> first.<\/p>\n<h2>Summer solutions: Maintaining your bob in warmer weather<\/h2>\n<p>As temperatures rise, keeping your new bob looking fresh becomes easier with options like the <a href=\"https:\/\/www.journee-mondiale.com\/se\/jag-testade-half-bun-i-14-dagar-chic-sommarlook-som-haller-haret-borta-fran-nacken-och-tar-3-minuter-att-fixa\/\" target=\"_blank\">half-bun that keeps hair away from your neck<\/a>. This <strong>3-minute style solution<\/strong> works beautifully with the asymmetrical shape, emphasizing its unique lines.<\/p>\n<p>Are you ready to embrace this bold, confidence-boosting style? The asymmetrical bob with long fringe isn&#8217;t just a haircut \u2013 it&#8217;s a declaration of personal style that says you&#8217;re unafraid to stand out and showcase your unique beauty. Like a painter with a fresh canvas, this cut gives you the freedom to express yourself in exciting new ways every day.<\/p>\n","protected":false},"excerpt":{"rendered":"<p>Ready to turn heads this spring? The short asymmetrical bob with long fringe is making a bold comeback in 2025, offering the perfect blend of edgy sophistication and playful charm. This daring cut isn&#8217;t just a hairstyle \u2013 it&#8217;s a statement of confidence that transforms your entire look while highlighting your best features. What makes &#8230; <a title=\"Jag testade asymmetriska boben med l\u00e5ng lugg (30% mer uppm\u00e4rksamhet \u00e4n vanliga frisyrer)\" class=\"read-more\" href=\"https:\/\/www.journee-mondiale.com\/se\/jag-testade-asymmetriska-boben-med-lang-lugg-30-mer-uppmarksamhet-an-vanliga-frisyrer\/\" aria-label=\"L\u00e4s mer om Jag testade asymmetriska boben med l\u00e5ng lugg (30% mer uppm\u00e4rksamhet \u00e4n vanliga frisyrer)\">Lire plus<\/a><\/p>\n","protected":false},"author":1,"featured_media":13388,"comment_status":"","ping_status":"","sticky":false,"template":"","format":"standard","meta":{"footnotes":""},"categories":[37],"tags":[],"class_list":["post-13389","post","type-post","status-publish","format-standard","has-post-thumbnail","hentry","category-livsstil"],"acf":[],"_yoast_wpseo_primary_category":null,"_yoast_wpseo_title":null,"_yoast_wpseo_metadesc":null,"_links":{"self":[{"href":"https:\/\/www.journee-mondiale.com\/se\/wp-json\/wp\/v2\/posts\/13389","targetHints":{"allow":["GET"]}}],"collection":[{"href":"https:\/\/www.journee-mondiale.com\/se\/wp-json\/wp\/v2\/posts"}],"about":[{"href":"https:\/\/www.journee-mondiale.com\/se\/wp-json\/wp\/v2\/types\/post"}],"author":[{"embeddable":true,"href":"https:\/\/www.journee-mondiale.com\/se\/wp-json\/wp\/v2\/users\/1"}],"replies":[{"embeddable":true,"href":"https:\/\/www.journee-mondiale.com\/se\/wp-json\/wp\/v2\/comments?post=13389"}],"version-history":[{"count":0,"href":"https:\/\/www.journee-mondiale.com\/se\/wp-json\/wp\/v2\/posts\/13389\/revisions"}],"wp:featuredmedia":[{"embeddable":true,"href":"https:\/\/www.journee-mondiale.com\/se\/wp-json\/wp\/v2\/media\/13388"}],"wp:attachment":[{"href":"https:\/\/www.journee-mondiale.com\/se\/wp-json\/wp\/v2\/media?parent=13389"}],"wp:term":[{"taxonomy":"category","embeddable":true,"href":"https:\/\/www.journee-mondiale.com\/se\/wp-json\/wp\/v2\/categories?post=13389"},{"taxonomy":"post_tag","embeddable":true,"href":"https:\/\/www.journee-mondiale.com\/se\/wp-json\/wp\/v2\/tags?post=13389"}],"curies":[{"name":"wp","href":"https:\/\/api.w.org\/{rel}","templated":true}]}}