{"id":13385,"date":"2025-05-09T14:05:00","date_gmt":"2025-05-09T18:05:00","guid":{"rendered":"https:\/\/www.journee-mondiale.com\/se\/denna-hisnande-canyon-i-frankrike-gommer-en-liten-by-300-meter-ner-i-en-perfekt-cirkelbage-fa-har-sett-detta-geologiska-masterverk\/"},"modified":"2025-05-09T14:05:00","modified_gmt":"2025-05-09T18:05:00","slug":"denna-hisnande-canyon-i-frankrike-gommer-en-liten-by-300-meter-ner-i-en-perfekt-cirkelbage-fa-har-sett-detta-geologiska-masterverk","status":"publish","type":"post","link":"https:\/\/www.journee-mondiale.com\/se\/denna-hisnande-canyon-i-frankrike-gommer-en-liten-by-300-meter-ner-i-en-perfekt-cirkelbage-fa-har-sett-detta-geologiska-masterverk\/","title":{"rendered":"Denna hisnande canyon i Frankrike g\u00f6mmer en liten by 300 meter ner i en perfekt cirkelb\u00e5ge (f\u00e5 har sett detta geologiska m\u00e4sterverk)"},"content":{"rendered":"<p>I hj\u00e4rtat av s\u00f6dra Frankrike, d\u00e4r naturen har skapat ett av sina mest spektakul\u00e4ra m\u00e4sterverk, ligger Cirque de Navacelles \u2013 en kolossal naturlig amfiteater som tar andan ur \u00e4ven den mest erfarna resen\u00e4ren. Detta geologiska under, som uppst\u00e5tt genom miljoner \u00e5r av floden Vis envisa erosion, \u00e4r f\u00f6rmodligen en av Europas mest imponerande men f\u00f6rbisedda naturformationer.<\/p>\n<h2>Ett geologiskt mirakel format under \u00e5rtusenden<\/h2>\n<p>Cirque de Navacelles \u00e4r resultatet av en extraordin\u00e4r naturlig process d\u00e4r floden Vis under tusentals \u00e5r har skurit genom kalkstensplat\u00e5n och skapat en meanderb\u00e5ge som sedan \u00f6vergavs n\u00e4r vattnet hittade en genv\u00e4g. Kvar blev en 300 meter djup canyon med en dramatisk cirkelform och mitt i denna formation, likt en gr\u00f6n \u00f6, ligger den lilla byn Navacelles.<\/p>\n<h2>Utsiktsplatser som f\u00e5r hj\u00e4rtat att stanna<\/h2>\n<p>F\u00f6r att verkligen uppskatta magnifiken i denna geologiska formation m\u00e5ste man b\u00f6rja uppifr\u00e5n. Belvedere de la Baume Auriol erbjuder den mest hisnande panoramavyn \u00f6ver hela cirken. H\u00e4rifr\u00e5n ser du tydligt meanderns perfekta b\u00e5ge och den lilla byn som ligger som en gr\u00f6n juvel i dalbottnen, omgiven av dramatiska klippv\u00e4ggar.<\/p>\n<blockquote><p>&#8221;F\u00f6rsta g\u00e5ngen jag s\u00e5g Cirque de Navacelles var en v\u00e5rdag n\u00e4r allt stod i blom. Det k\u00e4ndes som att titta ner i en annan v\u00e4rld, en perfekt naturlig amfiteater d\u00e4r tiden tycks ha stannat,&#8221; ber\u00e4ttar Michel, en lokal guide med 30 \u00e5rs erfarenhet av omr\u00e5det.<\/p><\/blockquote>\n<h2>Vandring i ett UNESCO-v\u00e4rldsarv<\/h2>\n<p>Det \u00e4r ingen slump att Cirque de Navacelles ing\u00e5r i UNESCO:s v\u00e4rldsarvsomr\u00e5de &#8221;Causses och Cevennerna&#8221;. H\u00e4r kan du vandra l\u00e4ngs den ber\u00f6mda GR7-leden som passerar genom omr\u00e5det. F\u00f6r den \u00e4ventyrslystne rekommenderas turen fr\u00e5n utsiktsplatsen ner till dalbottnen \u2013 en vandring som tar dig genom flera ekosystem och erbjuder konstant skiftande vyer.<\/p>\n<h2>Den g\u00f6mda byn i cirkelns mitt<\/h2>\n<p>Navacelles by, med sina endast 119 inv\u00e5nare, \u00e4r som en tidkapsel fr\u00e5n en svunnen tid. Stenbron \u00f6ver Vis-floden, den lilla kyrkoruinen och de traditionella stenhusen skapar en rofylld bild som kontrasterar mot de dramatiska omgivningarna. <a href=\"https:\/\/www.journee-mondiale.com\/se\/denna-japanska-stad-gommer-over-1200-ansiktsstatyer-dar-mystiska-tempelklockor-ekar-genom-dimmiga-bergsdalar-lokala-experter-avslojar-hemliga-stigar-fa-turister-hittar\/\" target=\"_blank\">Precis som de dolda statyerna i Japans mystiska bergsdalar<\/a>, har Navacelles en s\u00e4rskild aura som m\u00e5ste upplevas p\u00e5 plats.<\/p>\n<h2>Rocher de la Vierge \u2013 cirkelns mystiska mittpunkt<\/h2>\n<p>Mitt i denna geologiska formation reser sig den imponerande klippan kallad &#8221;Rocher de la Vierge&#8221; (Jungfruklippan). Denna formation, som ocks\u00e5 kallas &#8221;ostronklippan&#8221; p\u00e5 grund av sin form, st\u00e5r som en ensam vaktpost i dalens centrum. Enligt lokala legender bodde h\u00e4r en g\u00e5ng en eremit som valde denna isolerade plats f\u00f6r att komma n\u00e4rmare himlen.<\/p>\n<h2>Maten \u2013 ett smakprov p\u00e5 Occitaniens sj\u00e4l<\/h2>\n<p>Efter en dag av vandring och utforskning finns inget b\u00e4ttre \u00e4n att avsluta med lokala delikatesser. De sm\u00e5 restaurangerna i Navacelles serverar autentiska r\u00e4tter baserade p\u00e5 regionens rika kulinariska tradition, d\u00e4r ostar fr\u00e5n Roquefort och Larzac kombineras med lokala viner och traditionella desserter.<\/p>\n<blockquote><p>&#8221;V\u00e5r mat ber\u00e4ttar v\u00e5r historia. Varje r\u00e4tt \u00e4r ett arv fr\u00e5n generationer som levt i harmoni med detta utmanande men gener\u00f6sa landskap,&#8221; f\u00f6rklarar Marie, \u00e4gare till ett litet caf\u00e9 i byn.<\/p><\/blockquote>\n<h2>Den dolda v\u00e4gen till vattenfallet<\/h2>\n<p>En mindre k\u00e4nd attraktion \u00e4r den undang\u00f6mda stigen som leder till Moulins de la Foux \u2013 en plats d\u00e4r vatten mystiskt v\u00e4ller fram ur marken och bildar ett spektakul\u00e4rt vattenfall. <a href=\"https:\/\/www.journee-mondiale.com\/se\/denna-uraldriga-oken-gommer-400-meter-hoga-sandskulpturer-som-overlevt-i-55-miljoner-ar-traden-har-har-varit-doda-i-900-ar-utan-att-formultna\/\" target=\"_blank\">Precis som de imponerande sandskulpturerna i den ur\u00e5ldriga \u00f6knen<\/a>, \u00e4r detta ett geologiskt under som vittnar om naturens kreativa kraft.<\/p>\n<h2>Neolitiska sp\u00e5r i det forntida landskapet<\/h2>\n<p>I omr\u00e5det kring Cirque de Navacelles finns gott om neolitiska megaliter som vittnar om m\u00e4nsklig n\u00e4rvaro sedan urminnes tider. Prunarede Dolmen och Coulet Menhirs ligger bara en kort bit bort och p\u00e5minner oss om detta landskaps djupa historiska betydelse f\u00f6r v\u00e5ra f\u00f6rf\u00e4der.<\/p>\n<h2>Ett levande ekosystem i f\u00f6r\u00e4ndring<\/h2>\n<p>Cirque de Navacelles \u00e4r hem f\u00f6r en rik flora och fauna som varierar dramatiskt mellan plat\u00e5ns torrare omr\u00e5den och den fuktiga dalbottnen. H\u00e4r kan du f\u00e5 syn p\u00e5 guldfalkar, skogsuggla och till och med utterssp\u00e5r l\u00e4ngs floden. <a href=\"https:\/\/www.journee-mondiale.com\/se\/denna-gomda-region-i-turkiet-har-hundratals-klippstader-under-jorden-besokare-sager-att-ballongflygning-vid-gryningen-avslojar-ett-landskap-fran-en-annan-planet\/\" target=\"_blank\">Likt den g\u00f6mda regionen i Turkiet med sina underjordiska st\u00e4der<\/a>, rymmer detta omr\u00e5de m\u00e5nga ekologiska hemligheter.<\/p>\n<h2>Den perfekta tiden att bes\u00f6ka<\/h2>\n<p>F\u00f6r att undvika sommarens v\u00e4rme och turistskaror, rekommenderar jag ett bes\u00f6k under v\u00e5r eller tidig h\u00f6st. I maj exploderar dalen i blom med vilda orkid\u00e9er, medan september erbjuder kristallklart ljus perfekt f\u00f6r fotografering. <a href=\"https:\/\/www.journee-mondiale.com\/se\/denna-medeltida-stad-vid-adriatiska-havet-forvandlas-till-en-gomd-juvel-efter-att-15-miljoner-turister-akt-hem-den-basta-hemligheten-avslojad\/\" target=\"_blank\">Precis som den medeltida staden vid Adriatiska havet<\/a>, visar Navacelles sin mest autentiska sida n\u00e4r turists\u00e4songen \u00e4r \u00f6ver.<\/p>\n<h2>Praktiska tips f\u00f6r den \u00e4ventyrslystne<\/h2>\n<p>V\u00e4garna till Cirque de Navacelles \u00e4r smala och slingriga, s\u00e4rskilt om du v\u00e4ljer att k\u00f6ra ner i dalen. Parkera helst vid n\u00e5gon av utsiktsplatserna och vandra ner. Ta med ordentliga skor, gott om vatten och en kamera \u2013 utsikterna kommer att \u00f6vertr\u00e4ffa dina f\u00f6rv\u00e4ntningar. <a href=\"https:\/\/www.journee-mondiale.com\/se\/denna-paradiso-gommer-varldens-vackraste-strand-du-maste-klattra-ner-for-en-vertikal-stege-genom-en-bergsklyfta-for-att-na-den\/\" target=\"_blank\">Lite som v\u00e4gen till den g\u00f6mda paradisstranden<\/a>, kr\u00e4ver bes\u00f6ket lite anstr\u00e4ngning men bel\u00f6ningen \u00e4r v\u00e4rd varje steg.<\/p>\n<p>Cirque de Navacelles \u00e4r inte bara en destination \u2013 det \u00e4r en upplevelse som etsar sig fast i minnet. H\u00e4r, d\u00e4r naturen demonstrerat sin kraft under \u00e5rtusenden, k\u00e4nner man sig liten men samtidigt djupt f\u00f6rundrad. Det \u00e4r platser som denna som p\u00e5minner oss om varf\u00f6r vi reser \u2013 f\u00f6r att bli f\u00f6rv\u00e5nade, ber\u00f6rda och f\u00f6r\u00e4ndrade av v\u00e4rldens dolda underverk.<\/p>\n","protected":false},"excerpt":{"rendered":"<p>I hj\u00e4rtat av s\u00f6dra Frankrike, d\u00e4r naturen har skapat ett av sina mest spektakul\u00e4ra m\u00e4sterverk, ligger Cirque de Navacelles \u2013 en kolossal naturlig amfiteater som tar andan ur \u00e4ven den mest erfarna resen\u00e4ren. Detta geologiska under, som uppst\u00e5tt genom miljoner \u00e5r av floden Vis envisa erosion, \u00e4r f\u00f6rmodligen en av Europas mest imponerande men f\u00f6rbisedda &#8230; <a title=\"Denna hisnande canyon i Frankrike g\u00f6mmer en liten by 300 meter ner i en perfekt cirkelb\u00e5ge (f\u00e5 har sett detta geologiska m\u00e4sterverk)\" class=\"read-more\" href=\"https:\/\/www.journee-mondiale.com\/se\/denna-hisnande-canyon-i-frankrike-gommer-en-liten-by-300-meter-ner-i-en-perfekt-cirkelbage-fa-har-sett-detta-geologiska-masterverk\/\" aria-label=\"L\u00e4s mer om Denna hisnande canyon i Frankrike g\u00f6mmer en liten by 300 meter ner i en perfekt cirkelb\u00e5ge (f\u00e5 har sett detta geologiska m\u00e4sterverk)\">Lire plus<\/a><\/p>\n","protected":false},"author":1,"featured_media":13384,"comment_status":"","ping_status":"","sticky":false,"template":"","format":"standard","meta":{"footnotes":""},"categories":[48],"tags":[],"class_list":["post-13385","post","type-post","status-publish","format-standard","has-post-thumbnail","hentry","category-resa"],"acf":[],"_yoast_wpseo_primary_category":null,"_yoast_wpseo_title":null,"_yoast_wpseo_metadesc":null,"_links":{"self":[{"href":"https:\/\/www.journee-mondiale.com\/se\/wp-json\/wp\/v2\/posts\/13385","targetHints":{"allow":["GET"]}}],"collection":[{"href":"https:\/\/www.journee-mondiale.com\/se\/wp-json\/wp\/v2\/posts"}],"about":[{"href":"https:\/\/www.journee-mondiale.com\/se\/wp-json\/wp\/v2\/types\/post"}],"author":[{"embeddable":true,"href":"https:\/\/www.journee-mondiale.com\/se\/wp-json\/wp\/v2\/users\/1"}],"replies":[{"embeddable":true,"href":"https:\/\/www.journee-mondiale.com\/se\/wp-json\/wp\/v2\/comments?post=13385"}],"version-history":[{"count":0,"href":"https:\/\/www.journee-mondiale.com\/se\/wp-json\/wp\/v2\/posts\/13385\/revisions"}],"wp:featuredmedia":[{"embeddable":true,"href":"https:\/\/www.journee-mondiale.com\/se\/wp-json\/wp\/v2\/media\/13384"}],"wp:attachment":[{"href":"https:\/\/www.journee-mondiale.com\/se\/wp-json\/wp\/v2\/media?parent=13385"}],"wp:term":[{"taxonomy":"category","embeddable":true,"href":"https:\/\/www.journee-mondiale.com\/se\/wp-json\/wp\/v2\/categories?post=13385"},{"taxonomy":"post_tag","embeddable":true,"href":"https:\/\/www.journee-mondiale.com\/se\/wp-json\/wp\/v2\/tags?post=13385"}],"curies":[{"name":"wp","href":"https:\/\/api.w.org\/{rel}","templated":true}]}}