{"id":13373,"date":"2025-05-08T14:04:49","date_gmt":"2025-05-08T18:04:49","guid":{"rendered":"https:\/\/www.journee-mondiale.com\/se\/denna-vita-by-goms-bakom-900-ariga-saltfalt-vid-atlantkusten-frankrikes-bast-bevarade-hemlighet-ingen-turist-kanner-till\/"},"modified":"2025-05-08T14:04:49","modified_gmt":"2025-05-08T18:04:49","slug":"denna-vita-by-goms-bakom-900-ariga-saltfalt-vid-atlantkusten-frankrikes-bast-bevarade-hemlighet-ingen-turist-kanner-till","status":"publish","type":"post","link":"https:\/\/www.journee-mondiale.com\/se\/denna-vita-by-goms-bakom-900-ariga-saltfalt-vid-atlantkusten-frankrikes-bast-bevarade-hemlighet-ingen-turist-kanner-till\/","title":{"rendered":"Denna vita by g\u00f6ms bakom 900-\u00e5riga saltf\u00e4lt vid Atlantkusten (Frankrikes b\u00e4st bevarade hemlighet ingen turist k\u00e4nner till)"},"content":{"rendered":"<p>Ars-en-R\u00e9: Den vita p\u00e4rlan p\u00e5 Frankrikes Atlantkust<\/p>\n<h2>En glimt av paradiset p\u00e5 \u00cele de R\u00e9<\/h2>\n<p>N\u00e4r den tidiga morgonsolen reflekteras i de vita saltdammarna och kyrkans svart-vita klockstapel sticker upp mot himlen, f\u00f6rst\u00e5r du omedelbart varf\u00f6r Ars-en-R\u00e9 r\u00e4knas bland Frankrikes vackraste byar. Denna charmiga lilla ort p\u00e5 den l\u00e5ngsmala \u00f6n \u00cele de R\u00e9 har l\u00e4nge varit en v\u00e4l bevarad hemlighet bland fransm\u00e4nnen sj\u00e4lva, men f\u00f6rtj\u00e4nar att uppt\u00e4ckas av fler \u00e4ventyrslystna svenska resen\u00e4rer.<\/p>\n<h2>En 900-\u00e5rig historia som speglas i varje gath\u00f6rn<\/h2>\n<p>Sedan 1100-talet har Ars-en-R\u00e9 utvecklats fr\u00e5n en liten fiskarby till en av de mest karakt\u00e4ristiska platserna l\u00e4ngs Atlantkusten. Genom seklerna har havet och saltet format inte bara kustlinjen utan ocks\u00e5 m\u00e4nniskornas liv och byns arkitektur. De vitkalkade husen med gr\u00f6na f\u00f6nsterluckor skapar en sagolik milj\u00f6 n\u00e4r du promenerar genom de smala, slingrande gr\u00e4nderna.<\/p>\n<blockquote><p>&#8221;V\u00e5r by \u00e4r som en levande historiebok d\u00e4r varje byggnad ber\u00e4ttar om v\u00e5r relation till havet och saltet,&#8221; ber\u00e4ttar Marie Dubois, en lokal guide vars familj bott i omr\u00e5det i fem generationer.<\/p><\/blockquote>\n<h2>Den svart-vita fyren som blivit byns symbol<\/h2>\n<p>Det f\u00f6rsta du l\u00e4gger m\u00e4rke till n\u00e4r du n\u00e4rmar dig Ars-en-R\u00e9 \u00e4r den spektakul\u00e4ra svart-vita kyrktornet fr\u00e5n 1400-talet. Detta unika landm\u00e4rke fungerade l\u00e4nge som navigationshj\u00e4lp f\u00f6r fiskare och sj\u00f6farare. Kl\u00e4ttra upp f\u00f6r de 40 stentrapporna och bli bel\u00f6nad med en panoramavy \u00f6ver byn, saltf\u00e4lten och Atlantens o\u00e4ndliga horisont.<\/p>\n<h2>Saltarbetarnas arv lever vidare i de vita f\u00e4lten<\/h2>\n<p>Ars-en-R\u00e9&#8217;s identitet \u00e4r ouppl\u00f6sligt f\u00f6rbunden med salt. De vita &#8221;salinas&#8221; str\u00e4cker sig s\u00e5 l\u00e5ngt \u00f6gat n\u00e5r och producerar det ber\u00f6mda &#8221;fleur de sel&#8221; \u2013 havssaltets gr\u00e4dde. En grupp om cirka 60 lokala &#8221;sauniers&#8221; (saltarbetare) anv\u00e4nder fortfarande traditionella metoder som knappt f\u00f6r\u00e4ndrats p\u00e5 800 \u00e5r.<\/p>\n<p>Dessa saltmarker erbjuder ocks\u00e5 en h\u00e4pnadsv\u00e4ckande naturupplevelse, inte helt olik <a href=\"https:\/\/www.journee-mondiale.com\/se\/denna-uraldriga-oken-gommer-400-meter-hoga-sandskulpturer-som-overlevt-i-55-miljoner-ar-traden-har-har-varit-doda-i-900-ar-utan-att-formultna\/\" target=\"_blank\">de ur\u00e5ldriga naturformationerna i vissa \u00f6knar<\/a>, men ist\u00e4llet i vitt och med ett rikt f\u00e5gelliv.<\/p>\n<h2>Hamnen d\u00e4r tiden st\u00e5r stilla<\/h2>\n<p>Den pittoreska hamnen i Ars-en-R\u00e9 \u00e4r hj\u00e4rtat i byns sociala liv. H\u00e4r ligger f\u00e4rgglada fiskeb\u00e5tar sida vid sida med exklusiva segelb\u00e5tar. Morgontimmarna \u00e4r magiska n\u00e4r fiskarna kommer in med nattens f\u00e5ngst \u2013 en scen som knappt f\u00f6r\u00e4ndrats p\u00e5 \u00e5rhundraden. Det p\u00e5minner om <a href=\"https:\/\/www.journee-mondiale.com\/se\/denna-vattenstad-gommer-170-historiska-palats-langs-sin-bla-livsnerv-upptack-venedigs-magiska-morgnar-ingen-turist-far-se\/\" target=\"_blank\">Venedigs tysta morgnar innan turisternas ankomst<\/a>.<\/p>\n<h2>Cykelns paradis \u2013 utforska \u00f6n p\u00e5 tv\u00e5 hjul<\/h2>\n<p>\u00cele de R\u00e9 kallas ofta f\u00f6r &#8221;cykelns \u00f6&#8221; med sina 100 kilometer v\u00e4l underh\u00e5llna cykelv\u00e4gar. Fr\u00e5n Ars-en-R\u00e9 kan du trampa genom vinodlingar, f\u00f6rbi str\u00e4nder och genom natursk\u00f6na byar. Hyr en cykel i byn och uppt\u00e4ck den vackra naturreservatet Lilleau des Niges, hem f\u00f6r \u00f6ver 150 f\u00e5gelarter.<\/p>\n<h2>Gastronomi med havet som granne<\/h2>\n<p>I Ars-en-R\u00e9 handlar matupplevelserna om f\u00e4rska, lokala r\u00e5varor. Ostron sk\u00f6rdas bara n\u00e5gra meter fr\u00e5n restaurangerna, och den lokala specialiteten \u00e9clade (musslor tillagade \u00f6ver en b\u00e4dd av tallbarr) m\u00e5ste provas. Byn har ocks\u00e5 flera uts\u00f6kta glassbarer som serverar handgjord glass med smak av saltat karamell \u2013 en perfekt kombination av byns tv\u00e5 huvudingredienser.<\/p>\n<blockquote><p>&#8221;V\u00e5r mat \u00e4r enkel men \u00e4rlig. Vi l\u00e5ter havets och jordens smak tala f\u00f6r sig sj\u00e4lv,&#8221; s\u00e4ger k\u00f6kschefen Jean-Pierre Renaud vid den popul\u00e4ra restaurangen L&#8217;\u00c9cailler.<\/p><\/blockquote>\n<h2>Marknaden \u2013 ett m\u00e5ste f\u00f6r alla bes\u00f6kare<\/h2>\n<p>Den livliga marknaden i Ars-en-R\u00e9 p\u00e5minner om atmosf\u00e4ren vid <a href=\"https:\/\/www.journee-mondiale.com\/se\/denna-medeltida-plats-ar-europas-vackraste-vardagsrum-historiker-avslojar-varfor-500-000-fargglada-begonior-tacker-stentorget-vartannat-ar\/\" target=\"_blank\">Bryssels historiska Grand Place<\/a> men i miniatyrformat. Under marknadens tak bjuds det p\u00e5 f\u00e4rska ostron, lokalt salt, regionala viner och hantverksprodukter. Bes\u00f6k tidigt p\u00e5 morgonen f\u00f6r den b\u00e4sta upplevelsen och f\u00f6r att m\u00f6ta lokalbefolkningen i deras vardagsliv.<\/p>\n<h2>Plages des Baleines \u2013 en strand lika magisk som dess namn<\/h2>\n<p>Stranden Plages des Baleines (Valstrand) ligger bara en kort cykeltur fr\u00e5n Ars-en-R\u00e9 och erbjuder flera kilometer av gyllene sand. H\u00e4r kan du njuta av det varma vattnet i Atlanten, n\u00e4stan lika avkopplande som <a href=\"https:\/\/www.journee-mondiale.com\/se\/denna-vulkaniska-lagun-forvandlar-kraftverksavfall-till-helande-underverk-islands-hemliga-spa-foryngrar-din-hud-under-midnattssolen\/\" target=\"_blank\">Islands ber\u00f6mda Blue Lagoon<\/a>, men i en helt naturlig milj\u00f6.<\/p>\n<h2>En plats f\u00f6r alla \u00e5rstider<\/h2>\n<p>Medan sommaren lockar med sol och bad, har Ars-en-R\u00e9 en speciell charm \u00e5ret runt. V\u00e5ren bjuder p\u00e5 blommande \u00e4ngar och perfekt cykelv\u00e4der. H\u00f6sten ger dig chansen att uppleva vinsk\u00f6rden och saltsk\u00f6rden. Vintern, med sina dramatiska stormar och tomma str\u00e4nder, visar \u00f6ns vilda sida och ger dig en genuin inblick i lokalbefolkningens liv.<\/p>\n<h2>Den andalusiska kopplingen<\/h2>\n<p>Intressant nog delar Ars-en-R\u00e9 vissa kulturella likheter med <a href=\"https:\/\/www.journee-mondiale.com\/se\/denna-andalusiska-stad-bevarar-1200-tals-moriska-palatset-dar-vatten-och-ljus-skapar-magi-flamencons-vagga-forbluffar-besokare\/\" target=\"_blank\">Andalusiens hj\u00e4rta Sevilla<\/a> \u2013 b\u00e5da platserna har historiskt varit centrum f\u00f6r salt, och b\u00e5da har en stark tradition av vita byggnader f\u00f6r att reflektera solljuset. Men d\u00e4r Sevilla erbjuder flamenco, ger Ars-en-R\u00e9 dig havets lugnande rytmer.<\/p>\n<p>Ars-en-R\u00e9 \u00e4r p\u00e5 m\u00e5nga s\u00e4tt Frankrikes b\u00e4st bevarade hemlighet \u2013 en perfekt balans mellan autenticitet och bekv\u00e4mlighet, historia och nutid, natur och kultur. I denna vita p\u00e4rla vid Atlantkusten finner du ett Frankrike l\u00e5ngt bortom de v\u00e4lk\u00e4nda turiststr\u00e5ken, en plats d\u00e4r tiden tycks st\u00e5 stilla och d\u00e4r havet dikterar livets rytm sedan urminnes tider.<\/p>\n","protected":false},"excerpt":{"rendered":"<p>Ars-en-R\u00e9: Den vita p\u00e4rlan p\u00e5 Frankrikes Atlantkust En glimt av paradiset p\u00e5 \u00cele de R\u00e9 N\u00e4r den tidiga morgonsolen reflekteras i de vita saltdammarna och kyrkans svart-vita klockstapel sticker upp mot himlen, f\u00f6rst\u00e5r du omedelbart varf\u00f6r Ars-en-R\u00e9 r\u00e4knas bland Frankrikes vackraste byar. Denna charmiga lilla ort p\u00e5 den l\u00e5ngsmala \u00f6n \u00cele de R\u00e9 har l\u00e4nge &#8230; <a title=\"Denna vita by g\u00f6ms bakom 900-\u00e5riga saltf\u00e4lt vid Atlantkusten (Frankrikes b\u00e4st bevarade hemlighet ingen turist k\u00e4nner till)\" class=\"read-more\" href=\"https:\/\/www.journee-mondiale.com\/se\/denna-vita-by-goms-bakom-900-ariga-saltfalt-vid-atlantkusten-frankrikes-bast-bevarade-hemlighet-ingen-turist-kanner-till\/\" aria-label=\"L\u00e4s mer om Denna vita by g\u00f6ms bakom 900-\u00e5riga saltf\u00e4lt vid Atlantkusten (Frankrikes b\u00e4st bevarade hemlighet ingen turist k\u00e4nner till)\">Lire plus<\/a><\/p>\n","protected":false},"author":1,"featured_media":13372,"comment_status":"","ping_status":"","sticky":false,"template":"","format":"standard","meta":{"footnotes":""},"categories":[48],"tags":[],"class_list":["post-13373","post","type-post","status-publish","format-standard","has-post-thumbnail","hentry","category-resa"],"acf":[],"_yoast_wpseo_primary_category":null,"_yoast_wpseo_title":null,"_yoast_wpseo_metadesc":null,"_links":{"self":[{"href":"https:\/\/www.journee-mondiale.com\/se\/wp-json\/wp\/v2\/posts\/13373","targetHints":{"allow":["GET"]}}],"collection":[{"href":"https:\/\/www.journee-mondiale.com\/se\/wp-json\/wp\/v2\/posts"}],"about":[{"href":"https:\/\/www.journee-mondiale.com\/se\/wp-json\/wp\/v2\/types\/post"}],"author":[{"embeddable":true,"href":"https:\/\/www.journee-mondiale.com\/se\/wp-json\/wp\/v2\/users\/1"}],"replies":[{"embeddable":true,"href":"https:\/\/www.journee-mondiale.com\/se\/wp-json\/wp\/v2\/comments?post=13373"}],"version-history":[{"count":0,"href":"https:\/\/www.journee-mondiale.com\/se\/wp-json\/wp\/v2\/posts\/13373\/revisions"}],"wp:featuredmedia":[{"embeddable":true,"href":"https:\/\/www.journee-mondiale.com\/se\/wp-json\/wp\/v2\/media\/13372"}],"wp:attachment":[{"href":"https:\/\/www.journee-mondiale.com\/se\/wp-json\/wp\/v2\/media?parent=13373"}],"wp:term":[{"taxonomy":"category","embeddable":true,"href":"https:\/\/www.journee-mondiale.com\/se\/wp-json\/wp\/v2\/categories?post=13373"},{"taxonomy":"post_tag","embeddable":true,"href":"https:\/\/www.journee-mondiale.com\/se\/wp-json\/wp\/v2\/tags?post=13373"}],"curies":[{"name":"wp","href":"https:\/\/api.w.org\/{rel}","templated":true}]}}