{"id":13343,"date":"2025-05-06T12:34:30","date_gmt":"2025-05-06T16:34:30","guid":{"rendered":"https:\/\/www.journee-mondiale.com\/se\/frisorer-varnar-sluta-tunna-ut-harbotten-nar-du-vill-ha-texturerad-klippning-ditt-har-blir-platt\/"},"modified":"2025-05-06T12:34:30","modified_gmt":"2025-05-06T16:34:30","slug":"frisorer-varnar-sluta-tunna-ut-harbotten-nar-du-vill-ha-texturerad-klippning-ditt-har-blir-platt","status":"publish","type":"post","link":"https:\/\/www.journee-mondiale.com\/se\/frisorer-varnar-sluta-tunna-ut-harbotten-nar-du-vill-ha-texturerad-klippning-ditt-har-blir-platt\/","title":{"rendered":"Fris\u00f6rer varnar: Sluta tunna ut h\u00e5rbotten n\u00e4r du vill ha texturerad klippning (ditt h\u00e5r blir platt)"},"content":{"rendered":"<p>Textured cuts with thinned ends have been taking center stage this spring 2025, offering movement and dimension that&#8217;s perfect for the warmer months ahead. But there&#8217;s a crucial balance that many stylists are warning about: <strong>over-thinning the base<\/strong> can lead to flat, lifeless hair that defeats the purpose of this sophisticated style.<\/p>\n<h2>The delicate balance: Why base density matters<\/h2>\n<p>The French-inspired <strong>textured point cut<\/strong> creates beautiful movement at the ends while maintaining volume where it counts. &#8221;The secret lies in preserving adequate thickness at the root area,&#8221; explains Maria Eriksson, senior stylist at Stockholm Hair Design. &#8221;When we over-thin the base, we rob the hair of its structural support, creating a collapsed effect instead of the airy movement clients desire.&#8221;<\/p>\n<blockquote><p>Think of your haircut like architecture \u2013 the foundation must be strong enough to support the artistic details above. Thin the ends, not the foundation.<\/p><\/blockquote>\n<h2>Signs your stylist has gone too far with thinning<\/h2>\n<p>How do you know if your hair has been over-thinned at the base? Look for these telltale signs:<\/p>\n<ul>\n<li>Hair falls flat despite styling products or efforts<\/li>\n<li>The crown area lacks natural lift and volume<\/li>\n<li>Styling becomes more difficult and doesn&#8217;t hold shape<\/li>\n<li>Hair appears stringy rather than flowing and dimensional<\/li>\n<\/ul>\n<h2>The textured technique that preserves your volume<\/h2>\n<p>The correct approach to <strong>textured point cutting<\/strong> involves what French stylists call &#8221;effilage&#8221; \u2013 a technique that focuses on removing weight from the mid-lengths and ends while strategically preserving the base. This creates what one might call a <a href=\"https:\/\/www.journee-mondiale.com\/se\/fragorna-alla-stylister-undviker-hur-du-egentligen-slankar-ansiktet-med-ratt-klippning-jag-testade-8-tekniker\/\" target=\"_blank\">face-slimming effect<\/a> without sacrificing crucial volume.<\/p>\n<h2>Spring 2025: The textured bob revival<\/h2>\n<p>This season&#8217;s hottest interpretation of the textured cut is the <strong>asymmetric bob<\/strong> with carefully thinned ends. &#8221;The modern textured bob creates a beautiful juxtaposition between structure and movement,&#8221; says Thomas Berg, international hair educator. &#8221;It&#8217;s like watching waves meet a structured shoreline \u2013 there&#8217;s both freedom and control.&#8221;<\/p>\n<p>For those interested in trying this style, the <a href=\"https:\/\/www.journee-mondiale.com\/se\/den-franska-klippningen-som-sparar-35-minuter-varje-morgon-jag-testade-asymmetriska-boben-som-tar-10-ar-fran-ditt-ansikte\/\" target=\"_blank\">French asymmetric bob<\/a> can take years off your appearance while cutting styling time dramatically.<\/p>\n<h2>Perfect partners: Styling products for textured cuts<\/h2>\n<p>To enhance your textured cut without weighing down the base:<\/p>\n<ul>\n<li>Use lightweight <strong>texturizing sprays<\/strong> applied from mid-length to ends only<\/li>\n<li>Opt for mousses with flexible hold rather than heavy creams<\/li>\n<li>Try dry shampoo at the roots for lift without stiffness<\/li>\n<\/ul>\n<h2>The butterfly effect: Adapting texture techniques for curly hair<\/h2>\n<p>Curly hair requires special consideration with textured cuts. The <a href=\"https:\/\/www.journee-mondiale.com\/se\/jag-testade-butterfly-klippningen-for-lockigt-har-sa-sparade-jag-35-minuter-varje-morgon-utan-stylingprodukter\/\" target=\"_blank\">butterfly cut technique<\/a> modifies traditional texturing to enhance natural curl patterns while preventing the dreaded triangle effect that can occur with improper thinning.<\/p>\n<p>Like butterfly wings that seem delicate yet possess remarkable strength, properly textured curly hair appears light while maintaining its essential structure and bounce.<\/p>\n<h2>Caring for your textured cut between appointments<\/h2>\n<p>Maintaining the perfect balance requires proper care. For those with <strong>color-treated hair<\/strong>, especially those exploring <a href=\"https:\/\/www.journee-mondiale.com\/se\/jag-testade-gyllene-slingor-pa-mitt-morkbruna-har-i-14-dagar-nu-ser-jag-7-ar-yngre\/\" target=\"_blank\">golden highlights<\/a>, specialized care becomes even more crucial to prevent thinned ends from appearing damaged or frizzy.<\/p>\n<p>For those embracing their natural gray, <a href=\"https:\/\/www.journee-mondiale.com\/se\/graa-lockars-hemlighet-jag-slutade-anvanda-dessa-3-produkter-haret-ar-78-mjukare-efter-bara-10-dagar\/\" target=\"_blank\">specific product choices<\/a> can make a tremendous difference in how textured cuts behave and feel.<\/p>\n<h2>Is the textured point cut right for your hair type?<\/h2>\n<p>Are you contemplating this sophisticated style for yourself? Remember that your natural <strong>hair density<\/strong> should guide your decision. Fine hair needs minimal thinning focused exclusively at the ends, while thicker hair can handle more significant texturing without losing essential structure.<\/p>\n<p>Like a garden that requires the right balance of pruning to flourish, your hair needs thoughtful texturing that enhances its natural beauty while preserving its vital foundation.<\/p>\n","protected":false},"excerpt":{"rendered":"<p>Textured cuts with thinned ends have been taking center stage this spring 2025, offering movement and dimension that&#8217;s perfect for the warmer months ahead. But there&#8217;s a crucial balance that many stylists are warning about: over-thinning the base can lead to flat, lifeless hair that defeats the purpose of this sophisticated style. The delicate balance: &#8230; <a title=\"Fris\u00f6rer varnar: Sluta tunna ut h\u00e5rbotten n\u00e4r du vill ha texturerad klippning (ditt h\u00e5r blir platt)\" class=\"read-more\" href=\"https:\/\/www.journee-mondiale.com\/se\/frisorer-varnar-sluta-tunna-ut-harbotten-nar-du-vill-ha-texturerad-klippning-ditt-har-blir-platt\/\" aria-label=\"L\u00e4s mer om Fris\u00f6rer varnar: Sluta tunna ut h\u00e5rbotten n\u00e4r du vill ha texturerad klippning (ditt h\u00e5r blir platt)\">Lire plus<\/a><\/p>\n","protected":false},"author":1,"featured_media":13342,"comment_status":"","ping_status":"","sticky":false,"template":"","format":"standard","meta":{"footnotes":""},"categories":[37],"tags":[],"class_list":["post-13343","post","type-post","status-publish","format-standard","has-post-thumbnail","hentry","category-livsstil"],"acf":[],"_yoast_wpseo_primary_category":null,"_yoast_wpseo_title":null,"_yoast_wpseo_metadesc":null,"_links":{"self":[{"href":"https:\/\/www.journee-mondiale.com\/se\/wp-json\/wp\/v2\/posts\/13343","targetHints":{"allow":["GET"]}}],"collection":[{"href":"https:\/\/www.journee-mondiale.com\/se\/wp-json\/wp\/v2\/posts"}],"about":[{"href":"https:\/\/www.journee-mondiale.com\/se\/wp-json\/wp\/v2\/types\/post"}],"author":[{"embeddable":true,"href":"https:\/\/www.journee-mondiale.com\/se\/wp-json\/wp\/v2\/users\/1"}],"replies":[{"embeddable":true,"href":"https:\/\/www.journee-mondiale.com\/se\/wp-json\/wp\/v2\/comments?post=13343"}],"version-history":[{"count":0,"href":"https:\/\/www.journee-mondiale.com\/se\/wp-json\/wp\/v2\/posts\/13343\/revisions"}],"wp:featuredmedia":[{"embeddable":true,"href":"https:\/\/www.journee-mondiale.com\/se\/wp-json\/wp\/v2\/media\/13342"}],"wp:attachment":[{"href":"https:\/\/www.journee-mondiale.com\/se\/wp-json\/wp\/v2\/media?parent=13343"}],"wp:term":[{"taxonomy":"category","embeddable":true,"href":"https:\/\/www.journee-mondiale.com\/se\/wp-json\/wp\/v2\/categories?post=13343"},{"taxonomy":"post_tag","embeddable":true,"href":"https:\/\/www.journee-mondiale.com\/se\/wp-json\/wp\/v2\/tags?post=13343"}],"curies":[{"name":"wp","href":"https:\/\/api.w.org\/{rel}","templated":true}]}}