{"id":13317,"date":"2025-05-04T14:05:03","date_gmt":"2025-05-04T18:05:03","guid":{"rendered":"https:\/\/www.journee-mondiale.com\/se\/denna-sagolika-region-firar-5-jubileum-pa-en-gang-2025-upptack-varfor-loire-dalen-ar-resemalet-experter-kallar-arets-ovantade-kulturexplosion\/"},"modified":"2025-05-04T14:05:03","modified_gmt":"2025-05-04T18:05:03","slug":"denna-sagolika-region-firar-5-jubileum-pa-en-gang-2025-upptack-varfor-loire-dalen-ar-resemalet-experter-kallar-arets-ovantade-kulturexplosion","status":"publish","type":"post","link":"https:\/\/www.journee-mondiale.com\/se\/denna-sagolika-region-firar-5-jubileum-pa-en-gang-2025-upptack-varfor-loire-dalen-ar-resemalet-experter-kallar-arets-ovantade-kulturexplosion\/","title":{"rendered":"Denna sagolika region firar 5 jubileum p\u00e5 en g\u00e5ng 2025 &#8211; uppt\u00e4ck varf\u00f6r Loire-dalen \u00e4r resem\u00e5let experter kallar \u00e5rets ov\u00e4ntade kulturexplosion"},"content":{"rendered":"<p>Loire-dalen i Frankrike har l\u00e4nge varit k\u00e4nd som slottens och vinernas hemvist, men det finns s\u00e5 mycket mer att uppt\u00e4cka i detta UNESCO-skyddade landskap. Under 2025 blir det s\u00e4rskilt sp\u00e4nnande att bes\u00f6ka regionen n\u00e4r den firar 25 \u00e5r som v\u00e4rldsarv med ett explosivt kulturprogram som s\u00e4llan sk\u00e5dats. H\u00e4r f\u00e5r du veta varf\u00f6r 2025 \u00e4r det perfekta \u00e5ret att utforska denna sagolika del av Frankrike.<\/p>\n<h2>Fem jubileum p\u00e5 en g\u00e5ng \u2013 historiskt \u00e5r i Loire<\/h2>\n<p>2025 \u00e4r n\u00e5got s\u00e5 ovanligt som ett &#8221;superjubileums\u00e5r&#8221; i Loire. Omr\u00e5det firar 25 \u00e5r som UNESCO-v\u00e4rldsarv, 20-\u00e5rsjubileum f\u00f6r den popul\u00e4ra cykelturen Loire \u00e0 V\u00e9lo, och 15 \u00e5r sedan den franska m\u00e5ltidskulturen togs upp p\u00e5 UNESCO:s immateriella kulturarvslista. Som gr\u00e4dde p\u00e5 moset arrangeras Loire Festival i september d\u00e4r hundratals traditionella tr\u00e4b\u00e5tar samlas f\u00f6r att fira flodens betydelse.<\/p>\n<p>&#8221;Det blir en historisk m\u00f6jlighet att uppt\u00e4cka Loirens m\u00e5nga ansikten \u2013 fr\u00e5n adelns praktslott till ving\u00e5rdsarbetarnas troglodytbost\u00e4der under jorden&#8221;, ber\u00e4ttar Pierre-Alain Roiron, president f\u00f6r regionens turistr\u00e5d.<\/p>\n<h2>Gl\u00f6m Eiffeltornet \u2013 h\u00e4r \u00e4r Loirens dolda underverk<\/h2>\n<p>N\u00e4r alla andra tr\u00e4ngs i Paris finns det gott om utrymme i Loiredalen. H\u00e4r kan du utforska troglodytbyar uthuggna ur klippor, paddla kanot mellan Sologne-omr\u00e5dets \u00f6ar eller cykla genom vinodlingar utan att m\u00f6ta en enda turist. De v\u00e4lk\u00e4nda slotten som Chambord och Chenonceau \u00e4r fantastiska, men missa inte de mindre k\u00e4nda p\u00e4rlorna.<\/p>\n<p>I byn Louresse-Rochemenier kan du utforska ett helt samh\u00e4lle som byggts under jorden, d\u00e4r m\u00e4nniskor levde fram till 1900-talet. Eller bes\u00f6k flodsanktuariet La Grande-Pi\u00e8ce d\u00e4r purpurh\u00e4grar och kungsfiskare h\u00e4ckar i vad som beskrivs som &#8221;Europas sista vilda flod&#8221;.<\/p>\n<h2>Uppt\u00e4ck 900 km cykelv\u00e4g som firar 20 \u00e5r<\/h2>\n<p>Loire \u00e0 V\u00e9lo-rutten firar 20 \u00e5r 2025 med nya digitala kartor och s\u00e4rskilda paket f\u00f6r cyklister. Detta n\u00e4tverk av 900 km cykelv\u00e4gar f\u00f6ljer floden genom historiska byar, vindistrikt och slottsparker. L\u00e4ngs v\u00e4gen finns \u00f6ver 600 &#8221;Accueil V\u00e9lo&#8221;-certifierade boenden specialanpassade f\u00f6r cyklister.<\/p>\n<p>&#8221;M\u00e5nga uppt\u00e4cker att cykling \u00e4r det optimala s\u00e4ttet att uppleva Loire. Du f\u00e4rdas tillr\u00e4ckligt snabbt f\u00f6r att se mycket, men tillr\u00e4ckligt l\u00e5ngsamt f\u00f6r att verkligen absorbera atmosf\u00e4ren&#8221;, s\u00e4ger en lokal cykelguide i Tours.<\/p>\n<h2>Vinprovning i grottor gr\u00e4vda av Caesar<\/h2>\n<p>Loire \u00e4r Frankrikes tredje st\u00f6rsta vinregion med 26 appellationer. Det unika? M\u00e5nga ving\u00e5rdar erbjuder provningar i kilometerl\u00e5nga underjordiska tunnlar uthuggna ur tuffeau-stenen \u2013 samma material som byggt de ber\u00f6mda slotten.<\/p>\n<p>I Vouvray f\u00e5r du prova mineraliska Chenin Blanc-viner i grottor som s\u00e4gs ha gr\u00e4vts ut under romersk tid. I Chinon serveras l\u00e4tta r\u00f6da Cabernet Franc-viner i grottor som en g\u00e5ng varit tillflyktsorter under religionskrigen. Detta \u00e4r vinprovning med historisk tyngd!<\/p>\n<blockquote><p>&#8221;V\u00e5ra vink\u00e4llare \u00e4r som tidsportaler \u2013 samma temperatur och luftfuktighet har bevarat dessa viner i \u00e5rhundraden. N\u00e4r du kliver in i grottan kliver du in i vinets historia&#8221;, f\u00f6rklarar en ving\u00e5rds\u00e4gare utanf\u00f6r Saumur.<\/p><\/blockquote>\n<h2>Logi f\u00f6r alla smaker \u2013 fr\u00e5n slott till grottor<\/h2>\n<p>Loire erbjuder \u00f6vernattningar du aldrig trodde var m\u00f6jliga. Du kan bo i ett autentiskt slott d\u00e4r tj\u00e4nstefolk i tidsenliga kl\u00e4der serverar frukost, eller i en moderniserad troglodytgrotta utrustad med jacuzzi. F\u00f6r den \u00e4ventyrlige finns till och med flytande \u00f6vernattningsalternativ p\u00e5 Loirefloden.<\/p>\n<p>F\u00f6r den ultimata upplevelsen, kolla in <a href=\"https:\/\/www.journee-mondiale.com\/se\/denna-bortglomda-medeltidsstad-doljer-7-magiska-broar-mitt-i-frankrikes-vingardar-har-lever-1000-talets-skatter-ostorda\/\" target=\"_blank\">denna bortgl\u00f6mda medeltidsstad<\/a> som erbjuder charmigt boende mitt bland Frankrikes vackraste vindistrikt.<\/p>\n<h2>25 kilometer katakomber och vink\u00e4llare under Tours<\/h2>\n<p>Visste du att det under staden Tours finns ett enormt n\u00e4tverk av tunnlar och grottor som str\u00e4cker sig \u00f6ver 25 kilometer? Dessa underjordiska labyrinter anv\u00e4ndes ursprungligen f\u00f6r att bryta tuffeau-sten till slottbyggen, men konverterades senare till vink\u00e4llare, svampodlingar och till och med bost\u00e4der.<\/p>\n<p>Flera av dessa underjordiska rum \u00e4r nu \u00f6ppna f\u00f6r bes\u00f6kare, vilket ger en fascinerande inblick i regionens geologiska och historiska rikedom.<\/p>\n<h2>Praktiska tips f\u00f6r den perfekta Loire-upplevelsen<\/h2>\n<p>Den b\u00e4sta tiden att bes\u00f6ka Loire \u00e4r maj till oktober, med september som gyllene m\u00e5nad d\u00e5 sk\u00f6rdefester och vindanser \u00e4ger rum. Regionen n\u00e5s enkelt med h\u00f6ghastighetst\u00e5g fr\u00e5n Paris (endast 1 timme och 10 minuter till Tours).<\/p>\n<p>F\u00f6r den som s\u00f6ker andra paradisiska destinationer, utforska <a href=\"https:\/\/www.journee-mondiale.com\/se\/denna-paradiso-gommer-varldens-vackraste-strand-du-maste-klattra-ner-for-en-vertikal-stege-genom-en-bergsklyfta-for-att-na-den\/\" target=\"_blank\">denna g\u00f6mda strand<\/a> som kr\u00e4ver lite \u00e4ventyrslusta f\u00f6r att uppt\u00e4ckas.<\/p>\n<blockquote><p>&#8221;Kom tidigt p\u00e5 morgonen till slotten f\u00f6r att undvika folkmassor. Och missa inte byarna mellan de stora attraktionerna \u2013 d\u00e4r finns Loiredalens verkliga sj\u00e4l&#8221;, tipsar en lokal guide fr\u00e5n Amboise.<\/p><\/blockquote>\n<p>F\u00f6r den som vill uppt\u00e4cka mer av v\u00e4rldens underbara platser, utforska g\u00e4rna <a href=\"https:\/\/www.journee-mondiale.com\/se\/denna-karibiska-strandparadis-har-det-klaraste-vattnet-i-vastindien-lokal-sager-att-sanden-ar-sa-vit-att-den-glittrar-som-diamanter-i-gryningen\/\" target=\"_blank\">detta karibiska paradis<\/a> med kristallklart vatten och diamantliknande sand.<\/p>\n","protected":false},"excerpt":{"rendered":"<p>Loire-dalen i Frankrike har l\u00e4nge varit k\u00e4nd som slottens och vinernas hemvist, men det finns s\u00e5 mycket mer att uppt\u00e4cka i detta UNESCO-skyddade landskap. Under 2025 blir det s\u00e4rskilt sp\u00e4nnande att bes\u00f6ka regionen n\u00e4r den firar 25 \u00e5r som v\u00e4rldsarv med ett explosivt kulturprogram som s\u00e4llan sk\u00e5dats. H\u00e4r f\u00e5r du veta varf\u00f6r 2025 \u00e4r det &#8230; <a title=\"Denna sagolika region firar 5 jubileum p\u00e5 en g\u00e5ng 2025 &#8211; uppt\u00e4ck varf\u00f6r Loire-dalen \u00e4r resem\u00e5let experter kallar \u00e5rets ov\u00e4ntade kulturexplosion\" class=\"read-more\" href=\"https:\/\/www.journee-mondiale.com\/se\/denna-sagolika-region-firar-5-jubileum-pa-en-gang-2025-upptack-varfor-loire-dalen-ar-resemalet-experter-kallar-arets-ovantade-kulturexplosion\/\" aria-label=\"L\u00e4s mer om Denna sagolika region firar 5 jubileum p\u00e5 en g\u00e5ng 2025 &#8211; uppt\u00e4ck varf\u00f6r Loire-dalen \u00e4r resem\u00e5let experter kallar \u00e5rets ov\u00e4ntade kulturexplosion\">Lire plus<\/a><\/p>\n","protected":false},"author":1,"featured_media":13316,"comment_status":"","ping_status":"","sticky":false,"template":"","format":"standard","meta":{"footnotes":""},"categories":[48],"tags":[],"class_list":["post-13317","post","type-post","status-publish","format-standard","has-post-thumbnail","hentry","category-resa"],"acf":[],"_yoast_wpseo_primary_category":null,"_yoast_wpseo_title":null,"_yoast_wpseo_metadesc":null,"_links":{"self":[{"href":"https:\/\/www.journee-mondiale.com\/se\/wp-json\/wp\/v2\/posts\/13317","targetHints":{"allow":["GET"]}}],"collection":[{"href":"https:\/\/www.journee-mondiale.com\/se\/wp-json\/wp\/v2\/posts"}],"about":[{"href":"https:\/\/www.journee-mondiale.com\/se\/wp-json\/wp\/v2\/types\/post"}],"author":[{"embeddable":true,"href":"https:\/\/www.journee-mondiale.com\/se\/wp-json\/wp\/v2\/users\/1"}],"replies":[{"embeddable":true,"href":"https:\/\/www.journee-mondiale.com\/se\/wp-json\/wp\/v2\/comments?post=13317"}],"version-history":[{"count":0,"href":"https:\/\/www.journee-mondiale.com\/se\/wp-json\/wp\/v2\/posts\/13317\/revisions"}],"wp:featuredmedia":[{"embeddable":true,"href":"https:\/\/www.journee-mondiale.com\/se\/wp-json\/wp\/v2\/media\/13316"}],"wp:attachment":[{"href":"https:\/\/www.journee-mondiale.com\/se\/wp-json\/wp\/v2\/media?parent=13317"}],"wp:term":[{"taxonomy":"category","embeddable":true,"href":"https:\/\/www.journee-mondiale.com\/se\/wp-json\/wp\/v2\/categories?post=13317"},{"taxonomy":"post_tag","embeddable":true,"href":"https:\/\/www.journee-mondiale.com\/se\/wp-json\/wp\/v2\/tags?post=13317"}],"curies":[{"name":"wp","href":"https:\/\/api.w.org\/{rel}","templated":true}]}}