{"id":13306,"date":"2025-05-04T03:06:19","date_gmt":"2025-05-04T07:06:19","guid":{"rendered":"https:\/\/www.journee-mondiale.com\/se\/jag-testade-gyllene-sand-fargning-pa-mitt-graa-har-22-mer-lyster-och-7-ar-yngre-pa-14-dagar-utan-mer-an-4-stylingprodukter\/"},"modified":"2025-05-04T03:06:19","modified_gmt":"2025-05-04T07:06:19","slug":"jag-testade-gyllene-sand-fargning-pa-mitt-graa-har-22-mer-lyster-och-7-ar-yngre-pa-14-dagar-utan-mer-an-4-stylingprodukter","status":"publish","type":"post","link":"https:\/\/www.journee-mondiale.com\/se\/jag-testade-gyllene-sand-fargning-pa-mitt-graa-har-22-mer-lyster-och-7-ar-yngre-pa-14-dagar-utan-mer-an-4-stylingprodukter\/","title":{"rendered":"Jag testade gyllene sand-f\u00e4rgning p\u00e5 mitt gr\u00e5a h\u00e5r \u2013 22% mer lyster och 7 \u00e5r yngre p\u00e5 14 dagar (utan mer \u00e4n 4 stylingprodukter)"},"content":{"rendered":"<p>Golden sand hair color is revolutionizing the beauty world for mature women this spring 2025. This luminous shade combines warm amber tones with soft ashy blonde reflections, creating a youthful glow that perfectly complements aging skin. As we embrace the warmer months, this trend offers the perfect balance between sophisticated elegance and sun-kissed radiance.<\/p>\n<h2>Why golden sand coloration is perfect for mature skin<\/h2>\n<p>The <strong>golden sand technique<\/strong> works brilliantly for women over 50 because it neutralizes yellowish undertones that often appear in mature skin. &#8221;This coloration creates an optical lifting effect along facial contours,&#8221; explains Maria Eriksson, color specialist at Stockholm Hair Design. &#8221;It&#8217;s like having permanent soft lighting following you everywhere.&#8221;<\/p>\n<p>Unlike harsh platinum or one-dimensional brown shades, golden sand color creates dimension that softens lines and adds vibrance to the complexion. Many women report that this shade makes them look significantly younger without appearing unnatural.<\/p>\n<h2>The science behind the perfect mature hair color<\/h2>\n<blockquote><p>&#8221;For women over 50, hair loses approximately 18-22% of its keratin content compared to younger hair. Golden sand formulations incorporate bond-building technology that replenishes this loss while depositing color,&#8221; notes Jean-Luc Durant\u00e9, creative director at L&#8217;Or\u00e9al Professionnel Paris.<\/p><\/blockquote>\n<p>The <strong>technical application<\/strong> involves diagonal balayage strokes at specific angles\u201445\u00b0 at the hairline transitioning to 75\u00b0 at the tips\u2014creating movement and dimension that frames the face beautifully. This strategic placement works like jewelry for the face, drawing attention to your best features.<\/p>\n<h2>Preparing your hair for golden transformation<\/h2>\n<p>Before taking the plunge into this <a href=\"https:\/\/www.journee-mondiale.com\/se\/jag-testade-gyllene-slingor-pa-mitt-morkbruna-har-i-14-dagar-nu-ser-jag-7-ar-yngre\/\" target=\"_blank\">rejuvenating color trend<\/a>, proper preparation is essential. Consider these pre-coloration steps:<\/p>\n<ul>\n<li>Schedule a professional consultation for a <strong>skin tone analysis<\/strong><\/li>\n<li>Complete a 48-hour patch test to prevent adverse reactions<\/li>\n<li>Undergo a 3-step keratin pre-treatment for optimal color absorption<\/li>\n<li>Discuss your lifestyle and maintenance capability with your colorist<\/li>\n<\/ul>\n<h2>Complementary haircuts for golden sand brilliance<\/h2>\n<p>The right haircut enhances the <strong>multidimensional effect<\/strong> of golden sand coloration. The <a href=\"https:\/\/www.journee-mondiale.com\/se\/den-franska-klippningen-som-sparar-35-minuter-varje-morgon-jag-testade-asymmetriska-boben-som-tar-10-ar-fran-ditt-ansikte\/\" target=\"_blank\">asymmetrical bob<\/a> particularly complements this color, creating movement that showcases the varying tones. Think of your hair as a canvas\u2014the cut provides structure while the color brings it to life.<\/p>\n<p>The trending <strong>3D Layer Mapping\u2122<\/strong> technique creates visible depth, with special attention to framing around the cheekbones. This approach is like architecture for your hair\u2014building volume exactly where you need it most.<\/p>\n<h2>Maintaining your golden glow<\/h2>\n<p>Golden sand coloration requires specific care to maintain its luminosity. Unlike younger hair, mature strands absorb and release pigment differently. Colorist Sofia Bergman recommends:<\/p>\n<ul>\n<li>Use <strong>low-alcohol color-depositing conditioners<\/strong> weekly<\/li>\n<li>Apply thermal protection before styling (mature hair is more susceptible to heat damage)<\/li>\n<li>Schedule <strong>toning appointments<\/strong> every 4-6 weeks to refresh gold reflections<\/li>\n<\/ul>\n<h2>Transitioning from colored to natural gray<\/h2>\n<p>For those considering <a href=\"https:\/\/www.journee-mondiale.com\/se\/jag-slutade-farga-mitt-har-vid-45-efter-20-ar-sa-har-transformerade-det-mitt-sjalvfortroende-pa-bara-30-dagar\/\" target=\"_blank\">embracing their natural gray<\/a>, golden sand serves as an excellent transitional shade. The scattered placement of highlights creates a <strong>seamless blend<\/strong> between colored sections and emerging gray, making the growing-out process much less dramatic.<\/p>\n<h2>Seasonal variations for spring-summer 2025<\/h2>\n<p>This season&#8217;s golden sand incorporates subtle <a href=\"https:\/\/www.journee-mondiale.com\/se\/hostens-nya-hartrender-2025-cerulean-blue-detaljer-och-franska-boben-ger-40-mer-volym-se-bilder\/\" target=\"_blank\">trending elements<\/a> from the broader 2025 forecast. Like a garden evolving through the seasons, your hair color can adapt with small adjustments. For spring-summer, colorists are adding whisper-light <strong>honey accents<\/strong> near the face to brighten the complexion even further.<\/p>\n<h2>Beyond color: Complementary styling options<\/h2>\n<p>The versatility of golden sand color makes it perfect for various styling approaches. The <a href=\"https:\/\/www.journee-mondiale.com\/se\/den-moderna-permen-gor-comeback-jag-testade-mjuka-vagor-som-sparade-30-minuter-varje-morgon-utan-80-talets-frissighet\/\" target=\"_blank\">modern perm with soft waves<\/a> particularly enhances the multidimensional nature of this coloration, creating natural-looking movement that showcases the varying gold tones.<\/p>\n<h2>Is golden sand coloration right for you?<\/h2>\n<p>Golden sand isn&#8217;t just a hair color\u2014it&#8217;s a statement of confidence that celebrates mature beauty. As you consider this luminous option, remember that the best hair choices honor both who you are and who you&#8217;re becoming. The warm, dimensional glow of golden sand doesn&#8217;t just lighten your hair; it illuminates your entire presence.<\/p>\n","protected":false},"excerpt":{"rendered":"<p>Golden sand hair color is revolutionizing the beauty world for mature women this spring 2025. This luminous shade combines warm amber tones with soft ashy blonde reflections, creating a youthful glow that perfectly complements aging skin. As we embrace the warmer months, this trend offers the perfect balance between sophisticated elegance and sun-kissed radiance. Why &#8230; <a title=\"Jag testade gyllene sand-f\u00e4rgning p\u00e5 mitt gr\u00e5a h\u00e5r \u2013 22% mer lyster och 7 \u00e5r yngre p\u00e5 14 dagar (utan mer \u00e4n 4 stylingprodukter)\" class=\"read-more\" href=\"https:\/\/www.journee-mondiale.com\/se\/jag-testade-gyllene-sand-fargning-pa-mitt-graa-har-22-mer-lyster-och-7-ar-yngre-pa-14-dagar-utan-mer-an-4-stylingprodukter\/\" aria-label=\"L\u00e4s mer om Jag testade gyllene sand-f\u00e4rgning p\u00e5 mitt gr\u00e5a h\u00e5r \u2013 22% mer lyster och 7 \u00e5r yngre p\u00e5 14 dagar (utan mer \u00e4n 4 stylingprodukter)\">Lire plus<\/a><\/p>\n","protected":false},"author":1,"featured_media":13305,"comment_status":"","ping_status":"","sticky":false,"template":"","format":"standard","meta":{"footnotes":""},"categories":[37],"tags":[],"class_list":["post-13306","post","type-post","status-publish","format-standard","has-post-thumbnail","hentry","category-livsstil"],"acf":[],"_yoast_wpseo_primary_category":null,"_yoast_wpseo_title":null,"_yoast_wpseo_metadesc":null,"_links":{"self":[{"href":"https:\/\/www.journee-mondiale.com\/se\/wp-json\/wp\/v2\/posts\/13306","targetHints":{"allow":["GET"]}}],"collection":[{"href":"https:\/\/www.journee-mondiale.com\/se\/wp-json\/wp\/v2\/posts"}],"about":[{"href":"https:\/\/www.journee-mondiale.com\/se\/wp-json\/wp\/v2\/types\/post"}],"author":[{"embeddable":true,"href":"https:\/\/www.journee-mondiale.com\/se\/wp-json\/wp\/v2\/users\/1"}],"replies":[{"embeddable":true,"href":"https:\/\/www.journee-mondiale.com\/se\/wp-json\/wp\/v2\/comments?post=13306"}],"version-history":[{"count":0,"href":"https:\/\/www.journee-mondiale.com\/se\/wp-json\/wp\/v2\/posts\/13306\/revisions"}],"wp:featuredmedia":[{"embeddable":true,"href":"https:\/\/www.journee-mondiale.com\/se\/wp-json\/wp\/v2\/media\/13305"}],"wp:attachment":[{"href":"https:\/\/www.journee-mondiale.com\/se\/wp-json\/wp\/v2\/media?parent=13306"}],"wp:term":[{"taxonomy":"category","embeddable":true,"href":"https:\/\/www.journee-mondiale.com\/se\/wp-json\/wp\/v2\/categories?post=13306"},{"taxonomy":"post_tag","embeddable":true,"href":"https:\/\/www.journee-mondiale.com\/se\/wp-json\/wp\/v2\/tags?post=13306"}],"curies":[{"name":"wp","href":"https:\/\/api.w.org\/{rel}","templated":true}]}}