{"id":13292,"date":"2025-05-03T03:06:18","date_gmt":"2025-05-03T07:06:18","guid":{"rendered":"https:\/\/www.journee-mondiale.com\/se\/jag-provade-franska-minimalistiska-boben-sa-sparade-jag-35-minuter-varje-morgon-mina-stylister-var-skeptiska\/"},"modified":"2025-05-03T03:06:18","modified_gmt":"2025-05-03T07:06:18","slug":"jag-provade-franska-minimalistiska-boben-sa-sparade-jag-35-minuter-varje-morgon-mina-stylister-var-skeptiska","status":"publish","type":"post","link":"https:\/\/www.journee-mondiale.com\/se\/jag-provade-franska-minimalistiska-boben-sa-sparade-jag-35-minuter-varje-morgon-mina-stylister-var-skeptiska\/","title":{"rendered":"Jag provade franska minimalistiska boben &#8211; s\u00e5 sparade jag 35 minuter varje morgon (mina stylister var skeptiska)"},"content":{"rendered":"<p>The minimalist hair revolution has arrived, and it&#8217;s redefining elegance for spring\/summer 2025. The <strong>Carr\u00e9 court \u00e9pur\u00e9<\/strong> (clean-cut short bob) is emerging as the standout trend for those seeking a contemporary look that combines sophistication with effortless maintenance. This geometric precision cut is capturing attention on runways and streets alike, proving that sometimes less truly is more when it comes to hair styling.<\/p>\n<h2>What exactly is the Carr\u00e9 court \u00e9pur\u00e9 2025?<\/h2>\n<p>The <strong>Carr\u00e9 court \u00e9pur\u00e9 2025<\/strong> is a refined evolution of the classic French bob, characterized by its sharp, clean lines and minimal layering. &#8221;This isn&#8217;t just a haircut\u2014it&#8217;s an architectural statement,&#8221; explains <strong>Emma Bergstr\u00f6m<\/strong>, celebrity stylist at Stockholm&#8217;s exclusive Salon Minimale. &#8221;We&#8217;re seeing a return to precision cutting that frames the face perfectly while eliminating unnecessary bulk and fuss.&#8221;<\/p>\n<p>Unlike its predecessors, this contemporary version sits perfectly at jaw or chin length, with <strong>blunt ends<\/strong> that create a striking silhouette. The cut&#8217;s genius lies in its simplicity\u2014a mathematical approach to hair that celebrates structure over excess.<\/p>\n<h2>Why this minimalist trend is dominating spring 2025<\/h2>\n<p>As we embrace the warmer months, hair trends are reflecting broader lifestyle shifts toward <strong>intentional simplicity<\/strong>. I recently watched a client transform after switching to this style\u2014her morning routine shortened by nearly 35 minutes, much like the experience detailed in <a href=\"https:\/\/www.journee-mondiale.com\/se\/spring-2025-jag-provade-den-minimalistiska-korta-boben-som-sparar-35-stylingtid-arkitektens-approach\/\" target=\"_blank\">this revealing article<\/a>.<\/p>\n<p>The appeal extends beyond time-saving benefits. This cut is like a perfectly tailored suit\u2014it creates structure where needed and flows naturally elsewhere, adapting to your individual features while maintaining its distinctive character.<\/p>\n<h2>How to know if the Carr\u00e9 court \u00e9pur\u00e9 is right for you<\/h2>\n<p>Consider these factors before making the minimalist plunge:<\/p>\n<ul>\n<li>Your <strong>face shape<\/strong> &#8211; particularly flattering for oval, square, and heart shapes<\/li>\n<li>Hair texture &#8211; works best with straight to slightly wavy hair<\/li>\n<li>Styling commitment &#8211; requires minimal daily effort but regular trims<\/li>\n<li>Personal style &#8211; complements a curated, refined wardrobe aesthetic<\/li>\n<\/ul>\n<h2>The French influence on contemporary minimalist hair<\/h2>\n<p>&#8221;French women have always understood that confidence comes from embracing your natural features rather than fighting them,&#8221; notes <strong>Jean-Michel Durand<\/strong>, Paris-based hair architect. This philosophy underpins the <a href=\"https:\/\/www.journee-mondiale.com\/se\/den-franska-klippningen-som-sparar-35-minuter-varje-morgon-jag-testade-asymmetriska-boben-som-tar-10-ar-fran-ditt-ansikte\/\" target=\"_blank\">transformative power of French-inspired cuts<\/a> that work with your hair&#8217;s natural tendency rather than against it.<\/p>\n<h2>Styling your Carr\u00e9 court \u00e9pur\u00e9: Less is more<\/h2>\n<p>The beauty of this cut lies in its <strong>low-maintenance styling<\/strong> requirements. Think of your hair as a premium fabric that needs minimal embellishment:<\/p>\n<ul>\n<li>Use a <strong>lightweight serum<\/strong> on damp hair before blow-drying straight<\/li>\n<li>Embrace natural texture with just a touch of smoothing cream<\/li>\n<li>Skip heat tools most days\u2014the cut does the work for you<\/li>\n<li>Refresh with dry shampoo rather than over-washing<\/li>\n<\/ul>\n<h2>Variations on the classic: Personalized minimalism<\/h2>\n<p>While the traditional Carr\u00e9 court \u00e9pur\u00e9 features a straight-across cut, personalized variations are emerging. The <a href=\"https:\/\/www.journee-mondiale.com\/se\/jag-provade-franska-soft-bob-metoden-i-14-dagar-sa-har-sparade-jag-35-minuter-varje-morgon\/\" target=\"_blank\">soft bob method<\/a> incorporates subtle texturizing for movement, while the <a href=\"https:\/\/www.journee-mondiale.com\/se\/retro-hollywood-carre-jag-testade-30-talets-ikoniska-bob-och-sparade-35-minuter-varje-morgon-min-stylist-varnade-mig-forst\/\" target=\"_blank\">retro-inspired version<\/a> pays homage to 1930s Hollywood glamour.<\/p>\n<h2>Beyond the bob: Complementary minimalist styles<\/h2>\n<p>If you&#8217;re intrigued by the minimalist aesthetic but prefer shorter styles, the <a href=\"https:\/\/www.journee-mondiale.com\/se\/precision-pixie-hur-denna-varfrisyr-gav-mig-45-mer-definition-och-sparade-30-minuter-varje-morgon\/\" target=\"_blank\">precision pixie<\/a> offers similar benefits with even more definition and edge. Like its bob counterpart, this architectural approach celebrates clean lines and effortless sophistication.<\/p>\n<h2>A timeless investment in your style journey<\/h2>\n<p>Unlike trendy cuts that quickly date, the Carr\u00e9 court \u00e9pur\u00e9 2025 is designed to transcend seasons. It&#8217;s not merely a haircut but a philosophy\u2014like a carefully curated capsule wardrobe for your head that simplifies decision-making while maximizing impact.<\/p>\n<p>Will you embrace the liberating simplicity of 2025&#8217;s most elegant minimalist hair trend? Your morning routine\u2014and your confidence\u2014will thank you.<\/p>\n","protected":false},"excerpt":{"rendered":"<p>The minimalist hair revolution has arrived, and it&#8217;s redefining elegance for spring\/summer 2025. The Carr\u00e9 court \u00e9pur\u00e9 (clean-cut short bob) is emerging as the standout trend for those seeking a contemporary look that combines sophistication with effortless maintenance. This geometric precision cut is capturing attention on runways and streets alike, proving that sometimes less truly &#8230; <a title=\"Jag provade franska minimalistiska boben &#8211; s\u00e5 sparade jag 35 minuter varje morgon (mina stylister var skeptiska)\" class=\"read-more\" href=\"https:\/\/www.journee-mondiale.com\/se\/jag-provade-franska-minimalistiska-boben-sa-sparade-jag-35-minuter-varje-morgon-mina-stylister-var-skeptiska\/\" aria-label=\"L\u00e4s mer om Jag provade franska minimalistiska boben &#8211; s\u00e5 sparade jag 35 minuter varje morgon (mina stylister var skeptiska)\">Lire plus<\/a><\/p>\n","protected":false},"author":1,"featured_media":13291,"comment_status":"","ping_status":"","sticky":false,"template":"","format":"standard","meta":{"footnotes":""},"categories":[37],"tags":[],"class_list":["post-13292","post","type-post","status-publish","format-standard","has-post-thumbnail","hentry","category-livsstil"],"acf":[],"_yoast_wpseo_primary_category":null,"_yoast_wpseo_title":null,"_yoast_wpseo_metadesc":null,"_links":{"self":[{"href":"https:\/\/www.journee-mondiale.com\/se\/wp-json\/wp\/v2\/posts\/13292","targetHints":{"allow":["GET"]}}],"collection":[{"href":"https:\/\/www.journee-mondiale.com\/se\/wp-json\/wp\/v2\/posts"}],"about":[{"href":"https:\/\/www.journee-mondiale.com\/se\/wp-json\/wp\/v2\/types\/post"}],"author":[{"embeddable":true,"href":"https:\/\/www.journee-mondiale.com\/se\/wp-json\/wp\/v2\/users\/1"}],"replies":[{"embeddable":true,"href":"https:\/\/www.journee-mondiale.com\/se\/wp-json\/wp\/v2\/comments?post=13292"}],"version-history":[{"count":0,"href":"https:\/\/www.journee-mondiale.com\/se\/wp-json\/wp\/v2\/posts\/13292\/revisions"}],"wp:featuredmedia":[{"embeddable":true,"href":"https:\/\/www.journee-mondiale.com\/se\/wp-json\/wp\/v2\/media\/13291"}],"wp:attachment":[{"href":"https:\/\/www.journee-mondiale.com\/se\/wp-json\/wp\/v2\/media?parent=13292"}],"wp:term":[{"taxonomy":"category","embeddable":true,"href":"https:\/\/www.journee-mondiale.com\/se\/wp-json\/wp\/v2\/categories?post=13292"},{"taxonomy":"post_tag","embeddable":true,"href":"https:\/\/www.journee-mondiale.com\/se\/wp-json\/wp\/v2\/tags?post=13292"}],"curies":[{"name":"wp","href":"https:\/\/api.w.org\/{rel}","templated":true}]}}