{"id":13272,"date":"2025-05-01T12:34:49","date_gmt":"2025-05-01T16:34:49","guid":{"rendered":"https:\/\/www.journee-mondiale.com\/se\/jag-testade-pageboy-klippningen-som-sparar-30-minuter-varje-morgon-och-varfor-den-dominerar-varen-2025\/"},"modified":"2025-05-01T12:34:49","modified_gmt":"2025-05-01T16:34:49","slug":"jag-testade-pageboy-klippningen-som-sparar-30-minuter-varje-morgon-och-varfor-den-dominerar-varen-2025","status":"publish","type":"post","link":"https:\/\/www.journee-mondiale.com\/se\/jag-testade-pageboy-klippningen-som-sparar-30-minuter-varje-morgon-och-varfor-den-dominerar-varen-2025\/","title":{"rendered":"Jag testade pageboy-klippningen som sparar 30 minuter varje morgon (och varf\u00f6r den dominerar v\u00e5ren 2025)"},"content":{"rendered":"<p>The modern pageboy haircut is making a stunning comeback this spring 2025, proving that timeless styles never truly fade away. This iconic cut, characterized by its sleek, chin-length shape and signature face-framing effect, has been reinvented with contemporary twists that make it more versatile and <strong>structurally elegant<\/strong> than ever before.<\/p>\n<h2>The rich history behind the modern pageboy<\/h2>\n<p>&#8221;The pageboy has roots dating back to medieval times, but it truly found its cultural moment in the 1960s and 70s,&#8221; explains <strong>Emma Richardson<\/strong>, celebrity hairstylist at Stockholm Hair Design. &#8221;What we&#8217;re seeing in 2025 is a beautiful evolution that honors its rich heritage while incorporating modern techniques.&#8221;<\/p>\n<p>Originally popularized by cultural icons like Mick Jagger and Olympic figure skater Dorothy Hamill, today&#8217;s pageboy has shed its retro constraints while maintaining its <strong>architectural precision<\/strong>. The cut&#8217;s enduring appeal lies in its ability to flatter diverse face shapes while remaining remarkably low-maintenance.<\/p>\n<h2>Why the pageboy works for spring 2025<\/h2>\n<p>As temperatures rise, many of us seek styles that offer both polish and effortlessness. The modern pageboy delivers precisely this balance, creating what I call a &#8221;structured freedom&#8221; \u2013 like <strong>perfectly tailored clothing<\/strong> that still allows you to move with ease.<\/p>\n<p>When I recently switched from my shoulder-length layers to a textured pageboy, I was amazed how this single change eliminated 30 minutes from my morning routine while instantly refreshing my entire look.<\/p>\n<h2>Technical innovations transforming the classic cut<\/h2>\n<p>Today&#8217;s pageboy incorporates several cutting-edge techniques that distinguish it from its predecessors:<\/p>\n<ul>\n<li><strong>Subtle layering<\/strong> that creates movement while maintaining the signature silhouette<\/li>\n<li>Strategic texturizing to reduce bulk and create natural volume<\/li>\n<li>Soft, wispy edges that prevent the helmet-like appearance of traditional pageboys<\/li>\n<li>Customized fringe options ranging from curtain bangs to side-swept styles<\/li>\n<\/ul>\n<h2>Styling the modern pageboy: expert techniques<\/h2>\n<p>&#8221;The beauty of 2025&#8217;s pageboy is its versatility,&#8221; notes <strong>Alexander Chen<\/strong>, hair educator at Vidal Sassoon. &#8221;Unlike the rigid pageboys of past decades, today&#8217;s version can be styled sleek or tousled depending on your mood or occasion.&#8221;<\/p>\n<p>For those considering this transformative cut, I recommend exploring the <a href=\"https:\/\/www.journee-mondiale.com\/se\/den-franska-klippningen-som-sparar-35-minuter-varje-morgon-jag-testade-asymmetriska-boben-som-tar-10-ar-fran-ditt-ansikte\/\" target=\"_blank\">French asymmetrical bob variation<\/a> that beautifully complements the pageboy aesthetic while taking years off your appearance.<\/p>\n<h2>Finding your perfect pageboy variation<\/h2>\n<p>The most flattering pageboy depends primarily on your face shape and hair texture. Consider these customizations:<\/p>\n<ul>\n<li>Round faces: Try an <a href=\"https:\/\/www.journee-mondiale.com\/se\/spring-2025-jag-provade-den-minimalistiska-korta-boben-som-sparar-35-stylingtid-arkitektens-approach\/\" target=\"_blank\">architectural approach with sharper angles<\/a><\/li>\n<li>Fine hair: Incorporate subtle layers for added <strong>dimensional volume<\/strong><\/li>\n<li>Thick hair: Request internal texturing to remove weight without sacrificing shape<\/li>\n<li>Curly hair: Consider the <a href=\"https:\/\/www.journee-mondiale.com\/se\/den-moderna-permen-gor-comeback-jag-testade-mjuka-vagor-som-sparade-30-minuter-varje-morgon-utan-80-talets-frissighet\/\" target=\"_blank\">modern perm technique<\/a> for soft waves that complement the pageboy structure<\/li>\n<\/ul>\n<h2>The minimalist appeal in a maximalist world<\/h2>\n<p>In an era of increasingly complex beauty routines, the pageboy offers a refreshing return to <strong>elegant simplicity<\/strong>. Like a perfectly brewed espresso in a world of elaborate coffee concoctions, it delivers maximum impact through minimalist means.<\/p>\n<p>For those seeking vintage-inspired alternatives, the <a href=\"https:\/\/www.journee-mondiale.com\/se\/retro-hollywood-carre-jag-testade-30-talets-ikoniska-bob-och-sparade-35-minuter-varje-morgon-min-stylist-varnade-mig-forst\/\" target=\"_blank\">Hollywood Carr\u00e9<\/a> offers similar benefits with a distinctly 1930s flair.<\/p>\n<h2>Is the pageboy right for you?<\/h2>\n<p>The modern pageboy isn&#8217;t just a haircut\u2014it&#8217;s a statement of confident elegance. While trendy styles come and go, this <strong>architectural classic<\/strong> continues to evolve without losing its essential character. Consider trying the <a href=\"https:\/\/www.journee-mondiale.com\/se\/jag-provade-franska-soft-bob-metoden-i-14-dagar-sa-har-sparade-jag-35-minuter-varje-morgon\/\" target=\"_blank\">French soft bob method<\/a> as your introduction to this timeless look.<\/p>\n<p>Will you embrace the structured freedom of spring&#8217;s most sophisticated cut? Your mirror\u2014and your significantly shorter styling time\u2014will thank you.<\/p>\n","protected":false},"excerpt":{"rendered":"<p>The modern pageboy haircut is making a stunning comeback this spring 2025, proving that timeless styles never truly fade away. This iconic cut, characterized by its sleek, chin-length shape and signature face-framing effect, has been reinvented with contemporary twists that make it more versatile and structurally elegant than ever before. The rich history behind the &#8230; <a title=\"Jag testade pageboy-klippningen som sparar 30 minuter varje morgon (och varf\u00f6r den dominerar v\u00e5ren 2025)\" class=\"read-more\" href=\"https:\/\/www.journee-mondiale.com\/se\/jag-testade-pageboy-klippningen-som-sparar-30-minuter-varje-morgon-och-varfor-den-dominerar-varen-2025\/\" aria-label=\"L\u00e4s mer om Jag testade pageboy-klippningen som sparar 30 minuter varje morgon (och varf\u00f6r den dominerar v\u00e5ren 2025)\">Lire plus<\/a><\/p>\n","protected":false},"author":1,"featured_media":13271,"comment_status":"","ping_status":"","sticky":false,"template":"","format":"standard","meta":{"footnotes":""},"categories":[37],"tags":[],"class_list":["post-13272","post","type-post","status-publish","format-standard","has-post-thumbnail","hentry","category-livsstil"],"acf":[],"_yoast_wpseo_primary_category":null,"_yoast_wpseo_title":null,"_yoast_wpseo_metadesc":null,"_links":{"self":[{"href":"https:\/\/www.journee-mondiale.com\/se\/wp-json\/wp\/v2\/posts\/13272","targetHints":{"allow":["GET"]}}],"collection":[{"href":"https:\/\/www.journee-mondiale.com\/se\/wp-json\/wp\/v2\/posts"}],"about":[{"href":"https:\/\/www.journee-mondiale.com\/se\/wp-json\/wp\/v2\/types\/post"}],"author":[{"embeddable":true,"href":"https:\/\/www.journee-mondiale.com\/se\/wp-json\/wp\/v2\/users\/1"}],"replies":[{"embeddable":true,"href":"https:\/\/www.journee-mondiale.com\/se\/wp-json\/wp\/v2\/comments?post=13272"}],"version-history":[{"count":0,"href":"https:\/\/www.journee-mondiale.com\/se\/wp-json\/wp\/v2\/posts\/13272\/revisions"}],"wp:featuredmedia":[{"embeddable":true,"href":"https:\/\/www.journee-mondiale.com\/se\/wp-json\/wp\/v2\/media\/13271"}],"wp:attachment":[{"href":"https:\/\/www.journee-mondiale.com\/se\/wp-json\/wp\/v2\/media?parent=13272"}],"wp:term":[{"taxonomy":"category","embeddable":true,"href":"https:\/\/www.journee-mondiale.com\/se\/wp-json\/wp\/v2\/categories?post=13272"},{"taxonomy":"post_tag","embeddable":true,"href":"https:\/\/www.journee-mondiale.com\/se\/wp-json\/wp\/v2\/tags?post=13272"}],"curies":[{"name":"wp","href":"https:\/\/api.w.org\/{rel}","templated":true}]}}