{"id":13112,"date":"2025-04-20T04:05:56","date_gmt":"2025-04-20T08:05:56","guid":{"rendered":"https:\/\/www.journee-mondiale.com\/se\/denna-atlantiska-strand-ar-nio-kilometer-lang-formad-som-en-gyllene-halvcirkel-och-helt-okand-for-svenskar-frankrikes-dolda-rival-till-rivieran\/"},"modified":"2025-04-20T04:05:56","modified_gmt":"2025-04-20T08:05:56","slug":"denna-atlantiska-strand-ar-nio-kilometer-lang-formad-som-en-gyllene-halvcirkel-och-helt-okand-for-svenskar-frankrikes-dolda-rival-till-rivieran","status":"publish","type":"post","link":"https:\/\/www.journee-mondiale.com\/se\/denna-atlantiska-strand-ar-nio-kilometer-lang-formad-som-en-gyllene-halvcirkel-och-helt-okand-for-svenskar-frankrikes-dolda-rival-till-rivieran\/","title":{"rendered":"Denna atlantiska strand \u00e4r nio kilometer l\u00e5ng, formad som en gyllene halvcirkel och helt ok\u00e4nd f\u00f6r svenskar (Frankrikes dolda rival till Rivieran)"},"content":{"rendered":"<p>La Baule &#8211; Frankrikes vackraste strand du aldrig h\u00f6rt talas om<\/p>\n<h2>En nio kilometer l\u00e5ng halvcirkel av gyllene sand<\/h2>\n<p>Medan svenskar oftast s\u00f6ker sig till Rivieran n\u00e4r Frankrike lockar, ligger en av Europas vackraste str\u00e4nder g\u00f6md l\u00e4ngs Atlantkusten &#8211; Plage de La Baule. Denna magnifika nio kilometer l\u00e5nga halvcirkelformade strand str\u00e4cker sig mellan klipporna vid Pornichet och Le Pouliguen, och erbjuder en upplevelse som f\u00e5 skandinaver uppt\u00e4ckt.<\/p>\n<p>Under sommarsolens str\u00e5lar glittrar Atlantens turkosa vatten mot den gyllene sanden, medan eleganta villor fr\u00e5n la belle \u00e9poque stoltserar l\u00e4ngs strandpromenaden. Detta \u00e4r inte bara en strand &#8211; det \u00e4r ett stycke levande fransk kulturhistoria.<\/p>\n<h2>Badortens gyllene era lever vidare<\/h2>\n<p>La Baule-Escoublac, som \u00e4r stadens fulla namn, blev p\u00e5 1800-talet en fashionabel tillflyktsort f\u00f6r den franska eliten. De praktfulla villorna med sina karakt\u00e4ristiska torn och detaljerade utsmyckningar vittnar om en tid d\u00e5 Paris societet s\u00f6kte sig hit f\u00f6r att andas den friska havsluften.<\/p>\n<p>&#8221;V\u00e5r strand \u00e4r inte bara sand och vatten, den \u00e4r b\u00e4rare av en rik historia som format v\u00e5r identitet,&#8221; ber\u00e4ttar Marie Lenoir, lokalhistoriker. &#8221;Varje villa l\u00e4ngs strandpromenaden har sin egen ber\u00e4ttelse.&#8221;<\/p>\n<h2>En unik kombination av bretonsk kultur och mond\u00e4n elegans<\/h2>\n<p>Trots att La Baule administrativt tillh\u00f6r Pays de la Loire, andas staden bretonsk kultur. H\u00e4r m\u00f6ts den robusta bretonska karakt\u00e4ren med elegant badortsatmosf\u00e4r p\u00e5 ett s\u00e4tt som skapar en helt unik st\u00e4mning. Promenera genom centrum och njut av gatukaff\u00e9er d\u00e4r b\u00e5de lokalbor och s\u00e4songsbes\u00f6kare avnjuter f\u00e4rska ostron med ett glas krispigt Muscadet-vin.<\/p>\n<p>Till skillnad fr\u00e5n <a href=\"https:\/\/www.journee-mondiale.com\/se\/denna-franska-canyon-doljer-europas-mest-turkosfargade-vatten-djupare-an-700-meter-fortfarande-okand-for-svenskar\/\" target=\"_blank\">Frankrikes dramatiska canyons<\/a> erbjuder La Baule en helt annan naturupplevelse &#8211; harmonisk och omfamnande.<\/p>\n<h2>En strand som f\u00f6rvandlas med tidvattnet<\/h2>\n<p>Atlantkustens dramatiska tidvatten skapar en st\u00e4ndigt f\u00f6r\u00e4nderlig strandupplevelse. Vid l\u00e5gvatten drar sig havet tillbaka flera hundra meter och exponerar ett fantasiskt landskap av r\u00e4fflad sand och sm\u00e5 tidvattenpooler. Lokalbefolkningen ger sig ut f\u00f6r att plocka musslor och ostron &#8211; en aktivitet kallad &#8221;p\u00eache \u00e0 pied&#8221; som blivit n\u00e5got av en lokal tradition.<\/p>\n<h2>Aktiviteter f\u00f6r \u00e4ventyrslystna och njutningss\u00f6kare<\/h2>\n<p>L\u00e4ngs stranden finns m\u00f6jlighet att hyra de ikoniska bl\u00e5- och vitrandiga strandhyddorna som erbjuder skydd mot sol och vind. F\u00f6r mer aktiva bes\u00f6kare finns ett \u00f6verfl\u00f6d av vattensporter fr\u00e5n vindsurfing till segling. Den l\u00e5nga strandpromenaden \u00e4r perfekt f\u00f6r cykelturer och jogging.<\/p>\n<p>Kontrastera din upplevelse h\u00e4r med <a href=\"https:\/\/www.journee-mondiale.com\/se\/denna-paradisiska-strand-har-varldens-mest-intensiva-bla-vatten-endast-3-av-svenskar-besoker-den-offentliga-paradisstranden\/\" target=\"_blank\">andra paradisiska str\u00e4nder<\/a> och uppt\u00e4ck hur La Baule erbjuder n\u00e5got helt eget med sin franska elegans.<\/p>\n<h2>En kulinarisk resa l\u00e4ngs strandpromenaden<\/h2>\n<p>La Baule \u00e4r ett paradis f\u00f6r mat\u00e4lskare. De m\u00e5nga restaurangerna l\u00e4ngs strandpromenaden serverar f\u00e4rska skaldjur direkt fr\u00e5n havet. Prova den lokala specialiteten &#8221;moules marini\u00e8res&#8221; &#8211; bl\u00e5musslor tillagade i vitt vin med vitl\u00f6k och persilja. Avsluta med en traditionell &#8221;kouign-amann&#8221;, en butterkaramelliserad bretonsk kaka.<\/p>\n<p>&#8221;V\u00e5r matkultur handlar om enkelhet och f\u00e4rskhet,&#8221; f\u00f6rklarar k\u00f6ksm\u00e4stare Jean Moreau. &#8221;Havet ger oss allt vi beh\u00f6ver, vi l\u00e4gger bara till n\u00e5gra f\u00e5 ingredienser f\u00f6r att f\u00f6rh\u00f6ja smakerna.&#8221;<\/p>\n<h2>Uppt\u00e4ck de dolda skatterna bortom stranden<\/h2>\n<p>Bara n\u00e5gra kilometer fr\u00e5n stranden ligger de historiska saltmarkerna i Gu\u00e9rande, d\u00e4r &#8221;fleur de sel&#8221; &#8211; havssaltets finaste blomma &#8211; sk\u00f6rdas f\u00f6r hand enligt traditioner som str\u00e4cker sig \u00e5rhundraden tillbaka. Detta exklusiva salt exporteras till v\u00e4rldens fr\u00e4msta restauranger.<\/p>\n<p>N\u00e4rliggande La Baule hittar vi ocks\u00e5 naturreservatet Bri\u00e8re med sina vackra v\u00e5tmarker och traditionella hus med vasstak &#8211; en perfekt kontrast till strandens mond\u00e4na atmosf\u00e4r. Liksom <a href=\"https:\/\/www.journee-mondiale.com\/se\/denna-skotska-o-ligger-7-minuter-fran-civilisationen-men-rymmer-6000-ars-historia-som-99-av-svenskarna-aldrig-upptackt\/\" target=\"_blank\">vissa skotska \u00f6ar<\/a> bevarar Bri\u00e8re en livsstil som k\u00e4nns or\u00f6rd av tiden.<\/p>\n<h2>En destination med st\u00e4ndigt skiftande skepnad<\/h2>\n<p>La Baule \u00e4r fascinerande \u00e5ret runt. Sommaren bjuder p\u00e5 livligt strandliv och festivaler, medan h\u00f6sten erbjuder l\u00e5nga promenader l\u00e4ngs den n\u00e4stan tomma stranden, d\u00e4r den friska havsluften fyller lungorna. Vinterns dramatiska stormar skapar ett m\u00e4ktigt sk\u00e5despel n\u00e4r v\u00e5gorna sl\u00e5r in mot land.<\/p>\n<h2>S\u00e5 upplever du La Baule som en lokal<\/h2>\n<p>Missa inte marknaden i La Baule d\u00e4r lokala producenter s\u00e4ljer allt fr\u00e5n f\u00e4rsk fisk och ost till lokalt hantverk. Bes\u00f6k tidigt p\u00e5 morgonen f\u00f6r att se lokalborna handla sina dagliga f\u00f6rn\u00f6denheter och smaka p\u00e5 regionala specialiteter. Dessa f\u00e4rgstarka marknader \u00e4r lika autentiska som <a href=\"https:\/\/www.journee-mondiale.com\/se\/denna-medeltida-stad-doljer-ett-hastlopp-som-avgjorts-pa-samma-torg-i-400-ar-italienare-kallar-den-vackrare-an-florens\/\" target=\"_blank\">medeltida marknadstorg i Italien<\/a>.<\/p>\n<p>F\u00f6r en \u00e4kta kulturupplevelse, bes\u00f6k n\u00e5gon av de m\u00e5nga konstgallerierna som finns i staden eller planera ditt bes\u00f6k under jazzfestivalen som \u00e4ger rum varje augusti.<\/p>\n<h2>En plats att \u00e5terv\u00e4nda till<\/h2>\n<p>La Baule \u00e4r inte en destination man bockar av p\u00e5 en lista. Det \u00e4r en plats som drar bes\u00f6kare tillbaka, \u00e5r efter \u00e5r. Precis som <a href=\"https:\/\/www.journee-mondiale.com\/se\/denna-nationalpark-gommer-92-vattenfall-som-skiftar-fran-smaragdgront-till-djupblatt-kroatiens-aldsta-naturunder-vaxer-1-cm-per-ar\/\" target=\"_blank\">Kroatiens natursev\u00e4rdheter<\/a> erbjuder nya uppt\u00e4ckter vid varje bes\u00f6k, visar La Baule upp nya nyanser varje g\u00e5ng du \u00e5terv\u00e4nder.<\/p>\n<p>N\u00e4r kv\u00e4llssolen sjunker i havet och f\u00f6rgyllar stranden med sitt varma ljus, f\u00f6rst\u00e5r du varf\u00f6r fransm\u00e4nnen h\u00e5ller denna p\u00e4rla s\u00e5 n\u00e4ra hj\u00e4rtat. Kanske \u00e4r det just d\u00e4rf\u00f6r s\u00e5 f\u00e5 svenskar hittat hit &#8211; men nu har du m\u00f6jligheten att uppt\u00e4cka La Baule innan alla andra.<\/p>\n","protected":false},"excerpt":{"rendered":"<p>La Baule &#8211; Frankrikes vackraste strand du aldrig h\u00f6rt talas om En nio kilometer l\u00e5ng halvcirkel av gyllene sand Medan svenskar oftast s\u00f6ker sig till Rivieran n\u00e4r Frankrike lockar, ligger en av Europas vackraste str\u00e4nder g\u00f6md l\u00e4ngs Atlantkusten &#8211; Plage de La Baule. Denna magnifika nio kilometer l\u00e5nga halvcirkelformade strand str\u00e4cker sig mellan klipporna vid &#8230; <a title=\"Denna atlantiska strand \u00e4r nio kilometer l\u00e5ng, formad som en gyllene halvcirkel och helt ok\u00e4nd f\u00f6r svenskar (Frankrikes dolda rival till Rivieran)\" class=\"read-more\" href=\"https:\/\/www.journee-mondiale.com\/se\/denna-atlantiska-strand-ar-nio-kilometer-lang-formad-som-en-gyllene-halvcirkel-och-helt-okand-for-svenskar-frankrikes-dolda-rival-till-rivieran\/\" aria-label=\"L\u00e4s mer om Denna atlantiska strand \u00e4r nio kilometer l\u00e5ng, formad som en gyllene halvcirkel och helt ok\u00e4nd f\u00f6r svenskar (Frankrikes dolda rival till Rivieran)\">Lire plus<\/a><\/p>\n","protected":false},"author":1,"featured_media":13111,"comment_status":"","ping_status":"","sticky":false,"template":"","format":"standard","meta":{"footnotes":""},"categories":[48],"tags":[],"class_list":["post-13112","post","type-post","status-publish","format-standard","has-post-thumbnail","hentry","category-resa"],"acf":[],"_yoast_wpseo_primary_category":null,"_yoast_wpseo_title":null,"_yoast_wpseo_metadesc":null,"_links":{"self":[{"href":"https:\/\/www.journee-mondiale.com\/se\/wp-json\/wp\/v2\/posts\/13112","targetHints":{"allow":["GET"]}}],"collection":[{"href":"https:\/\/www.journee-mondiale.com\/se\/wp-json\/wp\/v2\/posts"}],"about":[{"href":"https:\/\/www.journee-mondiale.com\/se\/wp-json\/wp\/v2\/types\/post"}],"author":[{"embeddable":true,"href":"https:\/\/www.journee-mondiale.com\/se\/wp-json\/wp\/v2\/users\/1"}],"replies":[{"embeddable":true,"href":"https:\/\/www.journee-mondiale.com\/se\/wp-json\/wp\/v2\/comments?post=13112"}],"version-history":[{"count":0,"href":"https:\/\/www.journee-mondiale.com\/se\/wp-json\/wp\/v2\/posts\/13112\/revisions"}],"wp:featuredmedia":[{"embeddable":true,"href":"https:\/\/www.journee-mondiale.com\/se\/wp-json\/wp\/v2\/media\/13111"}],"wp:attachment":[{"href":"https:\/\/www.journee-mondiale.com\/se\/wp-json\/wp\/v2\/media?parent=13112"}],"wp:term":[{"taxonomy":"category","embeddable":true,"href":"https:\/\/www.journee-mondiale.com\/se\/wp-json\/wp\/v2\/categories?post=13112"},{"taxonomy":"post_tag","embeddable":true,"href":"https:\/\/www.journee-mondiale.com\/se\/wp-json\/wp\/v2\/tags?post=13112"}],"curies":[{"name":"wp","href":"https:\/\/api.w.org\/{rel}","templated":true}]}}