{"id":13022,"date":"2025-04-13T14:09:41","date_gmt":"2025-04-13T18:09:41","guid":{"rendered":"https:\/\/www.journee-mondiale.com\/se\/denna-undangomda-alpby-med-endast-479-invanare-gommer-europas-sista-ororda-skidparadis-kan-du-gissa-vilken-fransk-parla\/"},"modified":"2025-04-13T14:09:41","modified_gmt":"2025-04-13T18:09:41","slug":"denna-undangomda-alpby-med-endast-479-invanare-gommer-europas-sista-ororda-skidparadis-kan-du-gissa-vilken-fransk-parla","status":"publish","type":"post","link":"https:\/\/www.journee-mondiale.com\/se\/denna-undangomda-alpby-med-endast-479-invanare-gommer-europas-sista-ororda-skidparadis-kan-du-gissa-vilken-fransk-parla\/","title":{"rendered":"Denna undang\u00f6mda alpby med endast 479 inv\u00e5nare g\u00f6mmer Europas sista or\u00f6rda skidparadis (kan du gissa vilken fransk p\u00e4rla?)"},"content":{"rendered":"<p>P\u00e5 gr\u00e4nsen mellan vildmark och civilisation finner vi La Grave \u2013 en av Frankrikes mest fascinerande bergsp\u00e4rlor som fortfarande \u00e4r relativt ok\u00e4nd f\u00f6r svenska resen\u00e4rer. Med endast 479 inv\u00e5nare utspridda \u00f6ver dramatiska alpsluttningar erbjuder denna charmerande by en s\u00e4llsynt autentisk upplevelse f\u00f6r \u00e4ventyrslystna sj\u00e4lar som s\u00f6ker n\u00e5got bortom de polerade skidorterna.<\/p>\n<h2>D\u00e4r himlen m\u00f6ter berget \u2013 en spektakul\u00e4r naturscen<\/h2>\n<p>La Grave ligger majest\u00e4tiskt vid foten av den imponerande La Meije (3983 m) i hj\u00e4rtat av Massif des \u00c9crins. Byns l\u00e4ge p\u00e5 1520 meters h\u00f6jd ger en hisnande panoramautsikt \u00f6ver dramatiska bergstoppar och djupa dalar som skiftar karakt\u00e4r med \u00e5rstiderna. Till skillnad fr\u00e5n <a href=\"https:\/\/www.journee-mondiale.com\/se\/denna-bilfria-alpby-gommer-sig-under-ett-ikoniskt-berg-besokare-korsar-gransen-for-lunch-och-atervander-till-kristallklara-sjoar-innan-kvallen\/\" target=\"_blank\">andra bilfria alpbyar<\/a> har La Grave medvetet valt att bevara sin rustika karakt\u00e4r, utan stora hotellkomplex och kommersiella anl\u00e4ggningar.<\/p>\n<h2>Europas sista or\u00f6rda skidparadis \u2013 f\u00f6r de verkligt or\u00e4dda<\/h2>\n<p>F\u00f6r skidentusiaster representerar La Grave n\u00e5got n\u00e4rmast mytiskt \u2013 ett av Europas sista or\u00f6rda freeride-paradis. Med endast en gondollift men obegr\u00e4nsade m\u00f6jligheter till offpist-\u00e5kning lockar byn de mest erfarna skid\u00e5karna fr\u00e5n hela v\u00e4rlden. H\u00e4r finns inga preparerade pister, inga s\u00e4kerhetsbarri\u00e4rer, bara 2150 h\u00f6jdmeter av oexploaterad terr\u00e4ng\u00e5kning.<\/p>\n<blockquote><p>&#8221;La Grave \u00e4r det sista or\u00f6rda skidparadiset i Europa. N\u00e4r du \u00e5ker h\u00e4r, \u00e4r det inte ett n\u00f6je \u2013 det \u00e4r en konfrontation med naturen i dess mest storslagna form,&#8221; s\u00e4ger Michel Rabioux, lokalt skidlegend och guide sedan 30 \u00e5r.<\/p><\/blockquote>\n<h2>En romansk p\u00e4rla fr\u00e5n 1100-talet<\/h2>\n<p>I byns hj\u00e4rta tronar Notre-Dame-de-l&#8217;Assomption-kyrkan fr\u00e5n 1100-talet med sitt karakteristiska gotiska torn. Kyrkans interi\u00f6r d\u00f6ljer f\u00f6rbluffande fresker och tr\u00e4sniderier som \u00f6verlevt \u00e5rhundraden av bergsklimat. La Grave har, likt <a href=\"https:\/\/www.journee-mondiale.com\/se\/denna-medeltida-by-bevarar-1200-talets-stadsplan-helt-perfekt-frankrikes-best-bevarade-bastidstad\/\" target=\"_blank\">Frankrikes medeltida byar<\/a>, bevarat sin unika arkitektoniska karakt\u00e4r n\u00e4stan intakt genom \u00e5rhundradena.<\/p>\n<h2>De fyra \u00e5rstidernas paradis<\/h2>\n<p>Medan vintern lockar med legendarisk offpist-\u00e5kning, erbjuder sommaren spektakul\u00e4ra vandringsturer genom \u00c9crins nationalpark. Sm\u00e4ltvattensb\u00e4ckar skapar kristallklara sj\u00f6ar som liknar de turkosf\u00e4rgade vattendragen i <a href=\"https:\/\/www.journee-mondiale.com\/se\/denna-gomd-fransk-canyon-har-europas-mest-turkosfargade-vatten-djupare-an-700-meter-och-fortfarande-okand-for-svenskar\/\" target=\"_blank\">Frankrikes dolda canyons<\/a>. H\u00f6sten f\u00e4rgar landskapet i eldiga nyanser, och v\u00e5ren exploderar med alp\u00e4ngarnas blomsterprakt.<\/p>\n<h2>Legenden om La Meije \u2013 berget som v\u00e4grar besegras<\/h2>\n<p>Lokala bergsguider ber\u00e4ttar g\u00e4rna den fascinerande historien om La Meije \u2013 det sista av Alpernas stora toppar att bestigas, f\u00f6rst 1877, efter otaliga misslyckade f\u00f6rs\u00f6k. Berget anses fortfarande vara ett av de mest tekniskt kr\u00e4vande i Alperna, och s\u00e4gs beskydda byn nedanf\u00f6r med sin m\u00e4ktiga n\u00e4rvaro.<\/p>\n<blockquote><p>&#8221;Vi s\u00e4ger att La Meije v\u00e4ljer sina bes\u00f6kare, inte tv\u00e4rtom. Berget har sin egen personlighet, ibland v\u00e4lkomnande, ibland hotfullt. Det \u00e4r en relation som kr\u00e4ver respekt,&#8221; f\u00f6rklarar Camille Laurent, tredje generationens bergsguide fr\u00e5n La Grave.<\/p><\/blockquote>\n<h2>Gastronomiska h\u00f6jdpunkter i bergsmilj\u00f6<\/h2>\n<p>Trots sin litenhet erbjuder La Grave \u00f6verraskande kulinariska upplevelser. P\u00e5 Auberge Edelweiss serveras traditionella alpina r\u00e4tter som tartiflette och fondue, men med moderna tolkningar baserade p\u00e5 lokala r\u00e5varor. Den som s\u00f6ker en ov\u00e4ntad gastronomisk upplevelse b\u00f6r prova Chamois d&#8217;Or, d\u00e4r alpk\u00f6k m\u00f6ter internationella influenser.<\/p>\n<h2>N\u00e4r b\u00e4st bes\u00f6ka La Grave<\/h2>\n<p>F\u00f6r skid\u00e5kning \u00e4r januari till mars optimalt, med p\u00e5litliga sn\u00f6f\u00f6rh\u00e5llanden och f\u00e4rre bes\u00f6kare \u00e4n under h\u00f6gs\u00e4song. Vandringsentusiaster b\u00f6r planera sitt bes\u00f6k fr\u00e5n mitten av juni till september, d\u00e5 de flesta leder \u00e4r sn\u00f6fria och alp\u00e4ngarnas blomprakt \u00e4r som mest imponerande, p\u00e5minnande om de f\u00e4rgsprakande landskapen runt <a href=\"https:\/\/www.journee-mondiale.com\/se\/denna-ikoniska-staty-stracker-sina-28-meter-breda-armar-over-paradiset-se-utsikten-som-gjort-rio-beromd-i-hela-varlden\/\" target=\"_blank\">v\u00e4rldens mest ikoniska statyer<\/a>.<\/p>\n<h2>Bortom turismens sp\u00e5r<\/h2>\n<p>La Grave har medvetet valt en alternativ v\u00e4g j\u00e4mf\u00f6rt med n\u00e4rliggande lyxorter som Courchevel och Val d&#8217;Is\u00e8re. H\u00e4r finns en p\u00e5taglig stolthet \u00f6ver att bevara det autentiska och oexploaterade. Bes\u00f6kare m\u00f6ts av en genuin fransk bykultur som blir allt s\u00e4llsyntare i v\u00e5r globaliserade v\u00e4rld, mer besl\u00e4ktad med livsrytmen i <a href=\"https:\/\/www.journee-mondiale.com\/se\/denna-franska-kustjuvel-gommer-500-ariga-hemligheter-dar-atlantens-tidvatten-andrar-landskapet-varje-dag\/\" target=\"_blank\">Frankrikes tidl\u00f6sa kustbyar<\/a> \u00e4n med moderna turistorter.<\/p>\n<p>La Grave erbjuder n\u00e5got allt s\u00e4llsyntare i v\u00e5r tid \u2013 en plats d\u00e4r naturen fortfarande dikterar villkoren och d\u00e4r den m\u00e4nskliga n\u00e4rvaron anpassar sig efter bergens rytm, inte tv\u00e4rtom. F\u00f6r den som s\u00f6ker en autentisk alpupplevelse bortom turistindustrins v\u00e4loljade maskineri finns f\u00e5 platser som kan m\u00e4ta sig med denna undang\u00f6mda p\u00e4rla i de franska Alperna.<\/p>\n","protected":false},"excerpt":{"rendered":"<p>P\u00e5 gr\u00e4nsen mellan vildmark och civilisation finner vi La Grave \u2013 en av Frankrikes mest fascinerande bergsp\u00e4rlor som fortfarande \u00e4r relativt ok\u00e4nd f\u00f6r svenska resen\u00e4rer. Med endast 479 inv\u00e5nare utspridda \u00f6ver dramatiska alpsluttningar erbjuder denna charmerande by en s\u00e4llsynt autentisk upplevelse f\u00f6r \u00e4ventyrslystna sj\u00e4lar som s\u00f6ker n\u00e5got bortom de polerade skidorterna. D\u00e4r himlen m\u00f6ter berget &#8230; <a title=\"Denna undang\u00f6mda alpby med endast 479 inv\u00e5nare g\u00f6mmer Europas sista or\u00f6rda skidparadis (kan du gissa vilken fransk p\u00e4rla?)\" class=\"read-more\" href=\"https:\/\/www.journee-mondiale.com\/se\/denna-undangomda-alpby-med-endast-479-invanare-gommer-europas-sista-ororda-skidparadis-kan-du-gissa-vilken-fransk-parla\/\" aria-label=\"L\u00e4s mer om Denna undang\u00f6mda alpby med endast 479 inv\u00e5nare g\u00f6mmer Europas sista or\u00f6rda skidparadis (kan du gissa vilken fransk p\u00e4rla?)\">Lire plus<\/a><\/p>\n","protected":false},"author":1,"featured_media":13021,"comment_status":"","ping_status":"","sticky":false,"template":"","format":"standard","meta":{"footnotes":""},"categories":[48],"tags":[],"class_list":["post-13022","post","type-post","status-publish","format-standard","has-post-thumbnail","hentry","category-resa"],"acf":[],"_yoast_wpseo_primary_category":null,"_yoast_wpseo_title":null,"_yoast_wpseo_metadesc":null,"_links":{"self":[{"href":"https:\/\/www.journee-mondiale.com\/se\/wp-json\/wp\/v2\/posts\/13022","targetHints":{"allow":["GET"]}}],"collection":[{"href":"https:\/\/www.journee-mondiale.com\/se\/wp-json\/wp\/v2\/posts"}],"about":[{"href":"https:\/\/www.journee-mondiale.com\/se\/wp-json\/wp\/v2\/types\/post"}],"author":[{"embeddable":true,"href":"https:\/\/www.journee-mondiale.com\/se\/wp-json\/wp\/v2\/users\/1"}],"replies":[{"embeddable":true,"href":"https:\/\/www.journee-mondiale.com\/se\/wp-json\/wp\/v2\/comments?post=13022"}],"version-history":[{"count":0,"href":"https:\/\/www.journee-mondiale.com\/se\/wp-json\/wp\/v2\/posts\/13022\/revisions"}],"wp:featuredmedia":[{"embeddable":true,"href":"https:\/\/www.journee-mondiale.com\/se\/wp-json\/wp\/v2\/media\/13021"}],"wp:attachment":[{"href":"https:\/\/www.journee-mondiale.com\/se\/wp-json\/wp\/v2\/media?parent=13022"}],"wp:term":[{"taxonomy":"category","embeddable":true,"href":"https:\/\/www.journee-mondiale.com\/se\/wp-json\/wp\/v2\/categories?post=13022"},{"taxonomy":"post_tag","embeddable":true,"href":"https:\/\/www.journee-mondiale.com\/se\/wp-json\/wp\/v2\/tags?post=13022"}],"curies":[{"name":"wp","href":"https:\/\/api.w.org\/{rel}","templated":true}]}}