{"id":13014,"date":"2025-04-13T04:05:12","date_gmt":"2025-04-13T08:05:12","guid":{"rendered":"https:\/\/www.journee-mondiale.com\/se\/denna-medeltida-stad-doljer-ett-hastlopp-som-avgjorts-pa-samma-torg-i-400-ar-italienare-kallar-den-vackrare-an-florens\/"},"modified":"2025-04-13T04:05:12","modified_gmt":"2025-04-13T08:05:12","slug":"denna-medeltida-stad-doljer-ett-hastlopp-som-avgjorts-pa-samma-torg-i-400-ar-italienare-kallar-den-vackrare-an-florens","status":"publish","type":"post","link":"https:\/\/www.journee-mondiale.com\/se\/denna-medeltida-stad-doljer-ett-hastlopp-som-avgjorts-pa-samma-torg-i-400-ar-italienare-kallar-den-vackrare-an-florens\/","title":{"rendered":"Denna medeltida stad d\u00f6ljer ett h\u00e4stlopp som avgjorts p\u00e5 samma torg i 400 \u00e5r (italienare kallar den vackrare \u00e4n Florens)"},"content":{"rendered":"<p>Siena \u2013 en medeltida dr\u00f6m bortom turistf\u00e4llan<\/p>\n<h2>Varf\u00f6r Siena \u00e4r Italiens b\u00e4st bevarade hemlighet<\/h2>\n<p>F\u00f6rest\u00e4ll dig en stad d\u00e4r tiden verkar ha stannat i det medeltida Italien. En plats d\u00e4r varje gath\u00f6rn ber\u00e4ttar en historia och varje byggnad \u00e4r ett m\u00e4sterverk i sig. Jag har bes\u00f6kt or\u00e4kneliga st\u00e4der i mitt liv som reseskribent, men Siena lyckas fortfarande ta andan ur mig varje g\u00e5ng jag \u00e5terv\u00e4nder. Till skillnad fr\u00e5n sin mer ber\u00f6mda granne Florens, har Siena en k\u00e4nsla av autenticitet som \u00e4r sv\u00e5r att hitta i v\u00e5rt \u00f6verturistade Europa.<\/p>\n<h2>Den historiska sn\u00e4ckskalsplatsen som f\u00e5r alla att tappa hakan<\/h2>\n<p>Piazza del Campo, Sienas hj\u00e4rta, \u00e4r inte bara ett torg \u2013 det \u00e4r ett levande konstrum. Med sin unika sn\u00e4ckskalform och b\u00f6jda tegelbel\u00e4ggning bryter den mot allt du n\u00e5gonsin sett. N\u00e4r solens str\u00e5lar sl\u00e5r mot de terrakottaf\u00e4rgade fasaderna under sen eftermiddag skapas en n\u00e4stan magisk gyllene gl\u00f6d \u00f6ver hela platsen. H\u00e4r samlas b\u00e5de lokalbefolkning och turister, men p\u00e5 ett s\u00e4tt som k\u00e4nns naturligt och inte p\u00e5tr\u00e4ngande.<\/p>\n<blockquote><p>&#8221;Piazza del Campo tillh\u00f6r inte bara Siena, den tillh\u00f6r m\u00e4nskligheten. N\u00e4r kv\u00e4llssolen faller \u00f6ver torget, \u00e4r det som att se en Dantisk dikt ta fysisk form&#8221;, ber\u00e4ttar Giuseppe, en lokal historiker jag m\u00f6tte p\u00e5 ett av torgets m\u00e5nga caf\u00e9er.<\/p><\/blockquote>\n<h2>Palio \u2013 det 90 sekunder l\u00e5nga galenskap som definierar en stad<\/h2>\n<p>Tv\u00e5 g\u00e5nger om \u00e5ret f\u00f6rvandlas den lugna Piazza del Campo till ett kokande inferno av passion n\u00e4r det legendariska h\u00e4stloppet Palio \u00e4ger rum. Denna vilda kappl\u00f6pning mellan stadens olika distrikt (contrade) \u00e4r s\u00e5 mycket mer \u00e4n sport \u2013 det \u00e4r en rituell kamp om \u00e4ra som p\u00e5g\u00e5tt sedan 1600-talet. Varje contrada har sitt eget emblem, f\u00e4rger och stolthet som g\u00e5r i arv genom generationerna.<\/p>\n<h2>Den svart-vita katedralen som f\u00e5r Milanos Duomo att rodna av avund<\/h2>\n<p>Sienas Duomo \u00e4r m\u00f6jligen Italiens mest originella katedral med sina dramatiska r\u00e4nder i svart och vit marmor. Inuti d\u00f6ljer sig ett bibliotek vars tak \u00e4r prytt med n\u00e5gra av Italiens mest levande fresker, m\u00e5lade av Pinturicchio. Det fascinerande \u00e4r att den nuvarande katedralen endast skulle ha varit ett sidoskepp till en planerad superkyrka som aldrig f\u00e4rdigst\u00e4lldes efter att pesten drabbade staden 1348.<\/p>\n<h2>Gatornas labyrint \u2013 d\u00e4r man vill g\u00e5 vilse<\/h2>\n<p>Till skillnad fr\u00e5n <a href=\"https:\/\/www.journee-mondiale.com\/se\/denna-nordiska-huvudstad-vilar-pa-14-oar-och-gommer-en-tropisk-skog-under-jord-stockholmare-avslojar-7-dolda-parlor-turister-aldrig-hittar\/\" target=\"_blank\">Stockholm med sina raka gator<\/a>, \u00e4r Siena en plats d\u00e4r man njuter av att g\u00e5 vilse. Smala, slingrande gr\u00e4nder leder till ov\u00e4ntade piazzor och pl\u00f6tsligt kan du st\u00e5 framf\u00f6r ett historiskt palats eller en bortgl\u00f6md kyrka som skulle vara huvudattraktion i vilken annan stad som helst. Inga appar eller kartor kan ers\u00e4tta upplevelsen av att utforska Siena p\u00e5 m\u00e5f\u00e5.<\/p>\n<h2>Sienesiskt k\u00f6k \u2013 bortom pasta och pizza<\/h2>\n<p>Gl\u00f6m allt du tror dig veta om italiensk mat. Siena har sin egen kulinariska identitet med r\u00e4tter som pici (handgjord tjock spaghetti) och ribollita (b\u00f6ngryta). Precis som <a href=\"https:\/\/www.journee-mondiale.com\/se\/denna-gomd-fransk-canyon-har-europas-mest-turkosfargade-vatten-djupare-an-700-meter-och-fortfarande-okand-for-svenskar\/\" target=\"_blank\">Gorges du Verdon i Frankrike<\/a> har sina lokala specialiteter, erbjuder Siena gastronomiska upplevelser som inte finns n\u00e5gon annanstans.<\/p>\n<blockquote><p>&#8221;N\u00e4r en sienesare lagar mat, g\u00f6r vi det med samma passion som n\u00e4r vi t\u00e4vlar i Palio \u2013 med hela hj\u00e4rtat. V\u00e5ra recept har \u00f6verlevt i hundratals \u00e5r eftersom de \u00e4r enkla men perfekta&#8221;, f\u00f6rklarar Lucia, kock p\u00e5 en familje\u00e4gd trattoria.<\/p><\/blockquote>\n<h2>Den \u00f6verraskande utsikten fr\u00e5n Torre del Mangia<\/h2>\n<p>F\u00f6r den som orkar bestiga de 400 trappstegen upp till toppen av Torre del Mangia v\u00e4ntar en panoramautsikt som f\u00e5r <a href=\"https:\/\/www.journee-mondiale.com\/se\/denna-alpregion-doljer-fem-stenkolosser-och-en-turkosfargad-sjo-se-det-italienska-naturundret-som-far-svenskar-att-tappa-andan\/\" target=\"_blank\">Dolomiterna att framst\u00e5 som milda kullar<\/a>. De b\u00f6ljande toskanska kullarna breder ut sig i alla riktningar, kl\u00e4dda i olivlundar och vinodlingar. M\u00e5nga bes\u00f6kare stannar i Siena bara en dag, men h\u00e4rifr\u00e5n uppifr\u00e5n f\u00f6rst\u00e5r man varf\u00f6r det \u00e4r ett misstag.<\/p>\n<h2>Det g\u00f6mda sjukhuset som blev ett museum<\/h2>\n<p>Santa Maria della Scala \u00e4r Europas \u00e4ldsta sjukhus som idag f\u00f6rvandlats till ett fantasieggande museum. Vad som g\u00f6r detta bes\u00f6k s\u00e5 speciellt \u00e4r kontrasten mellan de medeltida salarna d\u00e4r pilgrimer och f\u00f6r\u00e4ldral\u00f6sa barn en g\u00e5ng v\u00e5rdades och de moderna konstutst\u00e4llningarna som nu fyller samma rum \u2013 en perfekt symbol f\u00f6r hur Siena balanserar mellan sitt arv och framtiden.<\/p>\n<h2>N\u00e4r \u00e4r b\u00e4sta tiden att bes\u00f6ka Siena?<\/h2>\n<p>Undvik h\u00f6gsommaren om du inte specifikt kommer f\u00f6r Palio. Precis som med <a href=\"https:\/\/www.journee-mondiale.com\/se\/denna-nationalpark-gommer-92-vattenfall-som-skiftar-fran-smaragdgront-till-djupblatt-kroatiens-aldsta-naturunder-vaxer-1-cm-per-ar\/\" target=\"_blank\">Plitvice sj\u00f6ar i Kroatien<\/a>, \u00e4r maj och september magiska m\u00e5nader n\u00e4r v\u00e4dret fortfarande \u00e4r perfekt men turistmassorna har f\u00f6rsvunnit. En tidig oktobermorgon p\u00e5 Piazza del Campo med bara dig och n\u00e5gra lokala inv\u00e5nare \u00e4r en upplevelse som etsar sig fast i minnet.<\/p>\n<h2>Bostadstips: Hitta ditt hem i en medeltida stad<\/h2>\n<p>Skippa de stora hotellkedjorna och boka ist\u00e4llet in dig p\u00e5 n\u00e5got av Sienas charmiga familje\u00e4gda pensionat. Till skillnad fr\u00e5n <a href=\"https:\/\/www.journee-mondiale.com\/se\/denna-bilfria-alpby-gommer-sig-under-ett-ikoniskt-berg-besokare-korsar-gransen-for-lunch-och-atervander-till-kristallklara-sjoar-innan-kvallen\/\" target=\"_blank\">Zermatt d\u00e4r priserna ofta skjuter i h\u00f6jden<\/a>, erbjuder Siena fortfarande rimliga boendealternativ d\u00e4r du kan vakna till kyrkklockors milda klang och doften av nybakat br\u00f6d fr\u00e5n bageriet nedanf\u00f6r.<\/p>\n<p>Siena \u00e4r inte bara en stad \u2013 det \u00e4r en levande tidskapsel d\u00e4r ren\u00e4ssansen fortfarande k\u00e4nns n\u00e4rvarande i vardagen. N\u00e4r skymningen faller och dagens turister har f\u00f6rsvunnit, \u00e4r det d\u00e5 stadens sj\u00e4l verkligen vaknar till liv. I det \u00f6gonblicket f\u00f6rst\u00e5r du varf\u00f6r denna toskanska p\u00e4rla forts\u00e4tter att f\u00f6rtrolla bes\u00f6kare \u00e5rhundrade efter \u00e5rhundrade.<\/p>\n","protected":false},"excerpt":{"rendered":"<p>Siena \u2013 en medeltida dr\u00f6m bortom turistf\u00e4llan Varf\u00f6r Siena \u00e4r Italiens b\u00e4st bevarade hemlighet F\u00f6rest\u00e4ll dig en stad d\u00e4r tiden verkar ha stannat i det medeltida Italien. En plats d\u00e4r varje gath\u00f6rn ber\u00e4ttar en historia och varje byggnad \u00e4r ett m\u00e4sterverk i sig. Jag har bes\u00f6kt or\u00e4kneliga st\u00e4der i mitt liv som reseskribent, men Siena &#8230; <a title=\"Denna medeltida stad d\u00f6ljer ett h\u00e4stlopp som avgjorts p\u00e5 samma torg i 400 \u00e5r (italienare kallar den vackrare \u00e4n Florens)\" class=\"read-more\" href=\"https:\/\/www.journee-mondiale.com\/se\/denna-medeltida-stad-doljer-ett-hastlopp-som-avgjorts-pa-samma-torg-i-400-ar-italienare-kallar-den-vackrare-an-florens\/\" aria-label=\"L\u00e4s mer om Denna medeltida stad d\u00f6ljer ett h\u00e4stlopp som avgjorts p\u00e5 samma torg i 400 \u00e5r (italienare kallar den vackrare \u00e4n Florens)\">Lire plus<\/a><\/p>\n","protected":false},"author":1,"featured_media":13013,"comment_status":"","ping_status":"","sticky":false,"template":"","format":"standard","meta":{"footnotes":""},"categories":[48],"tags":[],"class_list":["post-13014","post","type-post","status-publish","format-standard","has-post-thumbnail","hentry","category-resa"],"acf":[],"_yoast_wpseo_primary_category":null,"_yoast_wpseo_title":null,"_yoast_wpseo_metadesc":null,"_links":{"self":[{"href":"https:\/\/www.journee-mondiale.com\/se\/wp-json\/wp\/v2\/posts\/13014","targetHints":{"allow":["GET"]}}],"collection":[{"href":"https:\/\/www.journee-mondiale.com\/se\/wp-json\/wp\/v2\/posts"}],"about":[{"href":"https:\/\/www.journee-mondiale.com\/se\/wp-json\/wp\/v2\/types\/post"}],"author":[{"embeddable":true,"href":"https:\/\/www.journee-mondiale.com\/se\/wp-json\/wp\/v2\/users\/1"}],"replies":[{"embeddable":true,"href":"https:\/\/www.journee-mondiale.com\/se\/wp-json\/wp\/v2\/comments?post=13014"}],"version-history":[{"count":0,"href":"https:\/\/www.journee-mondiale.com\/se\/wp-json\/wp\/v2\/posts\/13014\/revisions"}],"wp:featuredmedia":[{"embeddable":true,"href":"https:\/\/www.journee-mondiale.com\/se\/wp-json\/wp\/v2\/media\/13013"}],"wp:attachment":[{"href":"https:\/\/www.journee-mondiale.com\/se\/wp-json\/wp\/v2\/media?parent=13014"}],"wp:term":[{"taxonomy":"category","embeddable":true,"href":"https:\/\/www.journee-mondiale.com\/se\/wp-json\/wp\/v2\/categories?post=13014"},{"taxonomy":"post_tag","embeddable":true,"href":"https:\/\/www.journee-mondiale.com\/se\/wp-json\/wp\/v2\/tags?post=13014"}],"curies":[{"name":"wp","href":"https:\/\/api.w.org\/{rel}","templated":true}]}}