{"id":13010,"date":"2025-04-13T01:06:45","date_gmt":"2025-04-13T05:06:45","guid":{"rendered":"https:\/\/www.journee-mondiale.com\/se\/denna-bilfria-alpby-gommer-sig-under-ett-ikoniskt-berg-besokare-korsar-gransen-for-lunch-och-atervander-till-kristallklara-sjoar-innan-kvallen\/"},"modified":"2025-04-13T01:06:45","modified_gmt":"2025-04-13T05:06:45","slug":"denna-bilfria-alpby-gommer-sig-under-ett-ikoniskt-berg-besokare-korsar-gransen-for-lunch-och-atervander-till-kristallklara-sjoar-innan-kvallen","status":"publish","type":"post","link":"https:\/\/www.journee-mondiale.com\/se\/denna-bilfria-alpby-gommer-sig-under-ett-ikoniskt-berg-besokare-korsar-gransen-for-lunch-och-atervander-till-kristallklara-sjoar-innan-kvallen\/","title":{"rendered":"Denna bilfria alpby g\u00f6mmer sig under ett ikoniskt berg \u2013 bes\u00f6kare korsar gr\u00e4nsen f\u00f6r lunch och \u00e5terv\u00e4nder till kristallklara sj\u00f6ar innan kv\u00e4llen"},"content":{"rendered":"<p>I hj\u00e4rtat av de schweiziska alperna d\u00f6ljer sig en bilfri juvel som f\u00f6rtrollar bes\u00f6kare \u00e5ret runt &#8211; Zermatt. Bel\u00e4gen vid foten av det ikoniska Matterhorn, erbjuder denna alpina oas mycket mer \u00e4n bara spektakul\u00e4ra vyer. Med sn\u00f6t\u00e4ckta bergstoppar, kristallklara sj\u00f6ar och traditionsrik charm \u00e4r Zermatt en plats d\u00e4r tid verkar st\u00e5 stilla, samtidigt som pulsen av \u00e4ventyr aldrig slutar sl\u00e5.<\/p>\n<h2>En bilfri oas med alpcharm<\/h2>\n<p>Zermatt \u00e4r k\u00e4nd f\u00f6r sin unika bilfria milj\u00f6 som skapar en rofylld atmosf\u00e4r sv\u00e5r att finna p\u00e5 andra platser. Ist\u00e4llet f\u00f6r bilarnas buller m\u00f6ts du av klockringning fr\u00e5n kyrktorn och mjuka ljudet av elmobiler som glider genom gatorna. Traditionella schweiziska chalets med blomprydda balkonger ramar in huvudgatan Bahnhofstrasse d\u00e4r lokala butiker och caf\u00e9er bjuder in till gemytliga pauser.<\/p>\n<h2>Matterhorn &#8211; den ikoniska silhuetten<\/h2>\n<p>Den pyramidformade silhuetten av Matterhorn har blivit sj\u00e4lva sinnebilden f\u00f6r Alperna. P\u00e5 4,478 meters h\u00f6jd dominerar berget landskapet som en stolt v\u00e4ktare \u00f6ver dalen. En lokal guide ber\u00e4ttade f\u00f6r mig: &#8221;Matterhorn har ett eget v\u00e4der och hum\u00f6r; ibland d\u00f6ljer den sig i molnen, bara f\u00f6r att pl\u00f6tsligt framtr\u00e4da i all sin majest\u00e4t och l\u00e4mna alla bes\u00f6kare m\u00e5ll\u00f6sa.&#8221;<\/p>\n<h2>V\u00e4rldsklass skid\u00e5kning med italiensk twist<\/h2>\n<p>Med \u00f6ver 360 km pister \u00e4r Zermatt ett paradis f\u00f6r vinterfantaster. Det unika med omr\u00e5det \u00e4r att du kan skida \u00f6ver gr\u00e4nsen till Italien och njuta av lunch i Cervinia innan du \u00e5terv\u00e4nder till schweizisk mark. F\u00f6r den \u00e4ventyrliga finns <a href=\"https:\/\/www.journee-mondiale.com\/se\/denna-nationalpark-gommer-92-vattenfall-som-skiftar-fran-smaragdgront-till-djupblatt-kroatiens-aldsta-naturunder-vaxer-1-cm-per-ar\/\" target=\"_blank\">fantastiska offpist-m\u00f6jligheter<\/a> med guidade turer som tar dig genom or\u00f6rda sn\u00f6landskap.<\/p>\n<h2>Sommarens dolda hemlighet<\/h2>\n<p>Medan m\u00e5nga associerar Zermatt med vinter, \u00e4r sommarm\u00e5naderna omr\u00e5dets b\u00e4st bevarade hemlighet. \u00d6ver 400 km vandringsled \u00f6ppnar upp sig n\u00e4r sn\u00f6n sm\u00e4lter och avsl\u00f6jar blomstrande alp\u00e4ngar och kristallklara bergssj\u00f6ar. S\u00f6ker du mer adrenalinkickande aktiviteter finns mountainbike-leder och m\u00f6jlighet till paragliding som ger en hisnande flygtur \u00f6ver Alpdalen.<\/p>\n<h2>Kulinariska h\u00f6jdpunkter p\u00e5 h\u00f6g h\u00f6jd<\/h2>\n<p>Gastronomin i Zermatt \u00e4r lika imponerande som utsikten. Fr\u00e5n rustika bergsstugor som serverar traditionell raclette och fondue till Michelin-stj\u00e4rnbestr\u00f6dda restauranger, finns smakupplevelser f\u00f6r alla sinnen. Missa inte att prova en r\u00f6sti med hemlagad korv och ett glas lokalt Valais-vin vid n\u00e5gon av de <a href=\"https:\/\/www.journee-mondiale.com\/se\/denna-medelhavsby-anvander-bara-tva-farger-for-alla-byggnader-det-borjade-pa-1920-talet-nar-en-baron-skapade-traditionen\/\" target=\"_blank\">pittoreska alpstugorna<\/a> med utsikt \u00f6ver dalen.<\/p>\n<h2>Matterhorn Glacier Paradise &#8211; Europas h\u00f6gsta utsiktsplats<\/h2>\n<p>P\u00e5 3,883 meters h\u00f6jd ligger Matterhorn Glacier Paradise, Europas h\u00f6gst bel\u00e4gna utsiktsplats n\u00e5bar med lift. H\u00e4rifr\u00e5n kan du blicka ut \u00f6ver 38 alptoppar p\u00e5 \u00f6ver 4000 meter. Den isiga luften k\u00e4nns krispig mot huden medan panoramat av sn\u00f6kl\u00e4dda bergstoppar str\u00e4cker sig mot horisonten i alla riktningar.<\/p>\n<blockquote><p>&#8221;H\u00e4r uppe, mellan himmel och jord, f\u00f6rst\u00e5r man varf\u00f6r Alperna har inspirerat poeter och konstn\u00e4rer i \u00e5rhundraden. Det \u00e4r som att st\u00e5 p\u00e5 randen av v\u00e4rlden,&#8221; beskriver en lokal bergsguide.<\/p><\/blockquote>\n<h2>Den lilla byn med stor historia<\/h2>\n<p>Zermatt var en g\u00e5ng en oansenlig jordbruksby, men fick internationell uppm\u00e4rksamhet efter den tragiska f\u00f6rsta bestigningen av Matterhorn 1865. Idag kan du bes\u00f6ka Matterhorn Museum och uppt\u00e4cka fascinerade ber\u00e4ttelser om <a href=\"https:\/\/www.journee-mondiale.com\/se\/denna-magiska-monolit-skiftar-farg-vid-solnedgang-aboriginerna-forbjod-turister-att-bestiga-den-gommer-25-km-av-sin-massa-under-jordens-yta\/\" target=\"_blank\">tidiga \u00e4ventyrare och deras \u00f6den<\/a>. Bergsbestigningens kulturarv lever vidare i byns sj\u00e4l och p\u00e5minner om naturens b\u00e5de sk\u00f6nhet och farlighet.<\/p>\n<h2>Ov\u00e4ntade upplevelser f\u00f6r sj\u00e4len<\/h2>\n<p>F\u00f6r en mer unik upplevelse, boka en natt p\u00e5 Monte Rosa-stugan, en futuristisk byggnad som vilar p\u00e5 en klippavsats med 360-graders utsikt \u00f6ver glaci\u00e4rlandskapet. Eller uppt\u00e4ck <a href=\"https:\/\/www.journee-mondiale.com\/se\/denna-gomd-fransk-canyon-har-europas-mest-turkosfargade-vatten-djupare-an-700-meter-och-fortfarande-okand-for-svenskar\/\" target=\"_blank\">Gorner-ravinen<\/a> d\u00e4r sm\u00e4ltvatten fr\u00e5n glaci\u00e4rerna skapat spektakul\u00e4ra klippformationer under tusentals \u00e5r.<\/p>\n<h2>Praktisk information f\u00f6r bes\u00f6karen<\/h2>\n<p>Zermatt n\u00e5s enklast med t\u00e5g fr\u00e5n T\u00e4sch, d\u00e4r du parkerar din bil om du kommer med egen transport. Byn \u00e4r kompakt och allt \u00e4r inom promenadavst\u00e5nd. F\u00f6r l\u00e4ngre str\u00e4ckor finns elektriska taxibilar. B\u00e4sta tiden att bes\u00f6ka \u00e4r januari-mars f\u00f6r vinterskid\u00e5kning och juni-september f\u00f6r vandring och sommaraktiviteter.<\/p>\n<h2>En plats att \u00e5terv\u00e4nda till<\/h2>\n<p>Det mest fascinerande med Zermatt \u00e4r hur platsen f\u00f6r\u00e4ndras med \u00e5rstiderna. Varje bes\u00f6k erbjuder nya perspektiv och upplevelser, fr\u00e5n vintersoluppg\u00e5ngar \u00f6ver sn\u00f6t\u00e4ckta toppar till sommarkv\u00e4llar med alprosens rosa skimmer \u00f6ver \u00e4ngarna. Som en <a href=\"https:\/\/www.journee-mondiale.com\/se\/denna-medeltida-by-i-bretagne-har-bevarat-sitt-1500-tals-hjarta-dar-floden-delar-tva-historiska-regioner-och-modets-historia-overraskar\/\" target=\"_blank\">medeltida by bevarar sina traditioner<\/a>, s\u00e5 h\u00e5ller Zermatt fast vid sin autenticitet samtidigt som den v\u00e4lkomnar v\u00e4rlden.<\/p>\n","protected":false},"excerpt":{"rendered":"<p>I hj\u00e4rtat av de schweiziska alperna d\u00f6ljer sig en bilfri juvel som f\u00f6rtrollar bes\u00f6kare \u00e5ret runt &#8211; Zermatt. Bel\u00e4gen vid foten av det ikoniska Matterhorn, erbjuder denna alpina oas mycket mer \u00e4n bara spektakul\u00e4ra vyer. Med sn\u00f6t\u00e4ckta bergstoppar, kristallklara sj\u00f6ar och traditionsrik charm \u00e4r Zermatt en plats d\u00e4r tid verkar st\u00e5 stilla, samtidigt som pulsen &#8230; <a title=\"Denna bilfria alpby g\u00f6mmer sig under ett ikoniskt berg \u2013 bes\u00f6kare korsar gr\u00e4nsen f\u00f6r lunch och \u00e5terv\u00e4nder till kristallklara sj\u00f6ar innan kv\u00e4llen\" class=\"read-more\" href=\"https:\/\/www.journee-mondiale.com\/se\/denna-bilfria-alpby-gommer-sig-under-ett-ikoniskt-berg-besokare-korsar-gransen-for-lunch-och-atervander-till-kristallklara-sjoar-innan-kvallen\/\" aria-label=\"L\u00e4s mer om Denna bilfria alpby g\u00f6mmer sig under ett ikoniskt berg \u2013 bes\u00f6kare korsar gr\u00e4nsen f\u00f6r lunch och \u00e5terv\u00e4nder till kristallklara sj\u00f6ar innan kv\u00e4llen\">Lire plus<\/a><\/p>\n","protected":false},"author":1,"featured_media":13009,"comment_status":"","ping_status":"","sticky":false,"template":"","format":"standard","meta":{"footnotes":""},"categories":[48],"tags":[],"class_list":["post-13010","post","type-post","status-publish","format-standard","has-post-thumbnail","hentry","category-resa"],"acf":[],"_yoast_wpseo_primary_category":null,"_yoast_wpseo_title":null,"_yoast_wpseo_metadesc":null,"_links":{"self":[{"href":"https:\/\/www.journee-mondiale.com\/se\/wp-json\/wp\/v2\/posts\/13010","targetHints":{"allow":["GET"]}}],"collection":[{"href":"https:\/\/www.journee-mondiale.com\/se\/wp-json\/wp\/v2\/posts"}],"about":[{"href":"https:\/\/www.journee-mondiale.com\/se\/wp-json\/wp\/v2\/types\/post"}],"author":[{"embeddable":true,"href":"https:\/\/www.journee-mondiale.com\/se\/wp-json\/wp\/v2\/users\/1"}],"replies":[{"embeddable":true,"href":"https:\/\/www.journee-mondiale.com\/se\/wp-json\/wp\/v2\/comments?post=13010"}],"version-history":[{"count":0,"href":"https:\/\/www.journee-mondiale.com\/se\/wp-json\/wp\/v2\/posts\/13010\/revisions"}],"wp:featuredmedia":[{"embeddable":true,"href":"https:\/\/www.journee-mondiale.com\/se\/wp-json\/wp\/v2\/media\/13009"}],"wp:attachment":[{"href":"https:\/\/www.journee-mondiale.com\/se\/wp-json\/wp\/v2\/media?parent=13010"}],"wp:term":[{"taxonomy":"category","embeddable":true,"href":"https:\/\/www.journee-mondiale.com\/se\/wp-json\/wp\/v2\/categories?post=13010"},{"taxonomy":"post_tag","embeddable":true,"href":"https:\/\/www.journee-mondiale.com\/se\/wp-json\/wp\/v2\/tags?post=13010"}],"curies":[{"name":"wp","href":"https:\/\/api.w.org\/{rel}","templated":true}]}}