{"id":13008,"date":"2025-04-12T14:05:08","date_gmt":"2025-04-12T18:05:08","guid":{"rendered":"https:\/\/www.journee-mondiale.com\/se\/denna-medeltida-by-i-bretagne-har-bevarat-sitt-1500-tals-hjarta-dar-floden-delar-tva-historiska-regioner-och-modets-historia-overraskar\/"},"modified":"2025-04-12T14:05:08","modified_gmt":"2025-04-12T18:05:08","slug":"denna-medeltida-by-i-bretagne-har-bevarat-sitt-1500-tals-hjarta-dar-floden-delar-tva-historiska-regioner-och-modets-historia-overraskar","status":"publish","type":"post","link":"https:\/\/www.journee-mondiale.com\/se\/denna-medeltida-by-i-bretagne-har-bevarat-sitt-1500-tals-hjarta-dar-floden-delar-tva-historiska-regioner-och-modets-historia-overraskar\/","title":{"rendered":"Denna medeltida by i Bretagne har bevarat sitt 1500-tals hj\u00e4rta (d\u00e4r floden delar tv\u00e5 historiska regioner och modets historia \u00f6verraskar)"},"content":{"rendered":"<p>I Bretagne, p\u00e5 Frankrikes nordv\u00e4stra kust, g\u00f6mmer sig en charmig liten p\u00e4rla som f\u00e5 svenska resen\u00e4rer k\u00e4nner till. Ch\u00e2telaudren, numera del av kommunen Ch\u00e2telaudren-Plouagat, \u00e4r en plats d\u00e4r tiden tycks ha st\u00e5tt still. Med sina medeltida byggnader, kristallklara vattendrag och ett kulturarv som str\u00e4cker sig \u00e5rhundraden bak\u00e5t, erbjuder denna bretonska juvel en of\u00f6rgl\u00f6mlig upplevelse f\u00f6r den \u00e4ventyrslystne resen\u00e4ren.<\/p>\n<h2>En plats d\u00e4r historia och nutid m\u00f6ts<\/h2>\n<p>N\u00e4r jag f\u00f6rsta g\u00e5ngen vandrade genom Ch\u00e2telaudrens smala gr\u00e4nder, slogs jag av den perfekta balansen mellan historiskt arv och levande byatmosf\u00e4r. Staden, som slogs samman med grannkommunen Plouagat 2019, b\u00e4r stolt titeln &#8221;Petite Cit\u00e9 de Caract\u00e8re&#8221; (Liten stad med karakt\u00e4r) \u2013 en v\u00e4lf\u00f6rtj\u00e4nt utm\u00e4rkelse f\u00f6r denna juvel d\u00e4r varje gath\u00f6rn ber\u00e4ttar en historia.<\/p>\n<h2>Floden Leff \u2013 byns pulserande hj\u00e4rta<\/h2>\n<p>Floden Leff rinner genom stadens centrum och skapar ett naturligt gr\u00e4nsland mellan de historiska regionerna Pays Breton och Pays Gallo. Under mina morgonpromenader l\u00e4ngs flodbankerna f\u00e5ngade jag glimtar av lokala fiskare som kastade sina linor i det kristallklara vattnet \u2013 en tradition som p\u00e5g\u00e5tt i generationer.<\/p>\n<h2>Chapelle Notre-Dame du Tertre \u2013 ett konstn\u00e4rligt underverk<\/h2>\n<p>Den som bes\u00f6ker Ch\u00e2telaudren f\u00e5r inte missa kapellet Notre-Dame du Tertre, ett \u00e4kta medeltida m\u00e4sterverk. Inuti d\u00f6ljer sig en s\u00e4llsynt skatt: tr\u00e4paneler fr\u00e5n 1400-talet med enast\u00e5ende m\u00e5lningar som illustrerar bibliska scener. Deras livfulla f\u00e4rger och detaljer f\u00f6rbluffar fortfarande bes\u00f6kare efter sex \u00e5rhundraden.<\/p>\n<blockquote><p>&#8221;V\u00e5r lilla kapell har bevittnat \u00e5rhundraden av b\u00f6n och reflektion. M\u00e5lningarna ber\u00e4ttar historier f\u00f6r dem som inte kunde l\u00e4sa \u2013 ett bildspr\u00e5k som talar direkt till hj\u00e4rtat&#8221;, ber\u00e4ttar Marie Lefevre, lokal historiker och guide.<\/p><\/blockquote>\n<h2>Le Petit \u00c9cho de la Mode \u2013 modets historiska epicentrum<\/h2>\n<p>F\u00e5 k\u00e4nner till att denna lugna by en g\u00e5ng var centrum f\u00f6r fransk modekultur. Tryckeriet f\u00f6r modtidningen &#8221;Le Petit \u00c9cho de la Mode&#8221; l\u00e5g h\u00e4r och spred trender \u00f6ver hela Frankrike fr\u00e5n 1880 till 1980-talet. Idag har byggnaden f\u00f6rvandlats till ett kulturt\u00e4lt d\u00e4r utst\u00e4llningar och konserter h\u00e5ller byns kreativa anda vid liv.<\/p>\n<h2>Bretonsk gastronomi i sin renaste form<\/h2>\n<p>Min k\u00e4rlek till Ch\u00e2telaudren f\u00f6rdjupades ytterligare vid matbordet. P\u00e5 den lilla krogen &#8221;La Ville Blanche&#8221; serveras \u00e4kta bretonska galetter \u2013 bovetemj\u00f6lspannkakor fyllda med lokala ostar, \u00f6rter och nysk\u00f6rdade gr\u00f6nsaker. Allt detta avnjuts b\u00e4st med en sk\u00e5l traditionell cidre, serverad i de karakteristiska keramikmuggarna.<\/p>\n<h2>Vandring i ett landskap av kontraster<\/h2>\n<p>Precis som <a href=\"https:\/\/www.journee-mondiale.com\/se\/denna-medeltida-vagstracka-gommer-30-sagobyar-langs-460-km-slottet-som-inspirerade-disney-ar-bara-borjan\/\" target=\"_blank\">denna medeltida v\u00e4gstr\u00e4cka g\u00f6mmer 30 sagobyar l\u00e4ngs 460 km<\/a>, erbjuder omgivningarna kring Ch\u00e2telaudren o\u00e4ndliga m\u00f6jligheter f\u00f6r uppt\u00e4cktsf\u00e4rder. Vandringsleder slingrar sig genom ett landskap som bretonerna k\u00e4rleksfullt kallar &#8221;Argoat&#8221; (skogslandet) och &#8221;Armor&#8221; (havslandet), en perfekt illustration av regionens varierade natur.<\/p>\n<h2>En fest f\u00f6r sinne och sj\u00e4l<\/h2>\n<p>F\u00f6rra sommaren hade jag turen att uppleva byns \u00e5rliga &#8221;F\u00eate de la Musique&#8221;. Gator och torg fylldes av folkmusik, lokala k\u00f6rer och dansare kl\u00e4dda i traditionella bretonska dr\u00e4kter. Ljuden av s\u00e4ckpipor och bombarder (ett oboeliknande instrument) ekade mellan de gamla stenhusen l\u00e5ngt in p\u00e5 natten.<\/p>\n<blockquote><p>&#8221;Musik och dans sitter i v\u00e5rt bretonska DNA. Det \u00e4r v\u00e5rt s\u00e4tt att ber\u00e4tta vilka vi \u00e4r och var vi kommer ifr\u00e5n&#8221;, f\u00f6rklarade Jean-Marc Guillou, en lokal musiker, medan han st\u00e4mde sin celtiska harpa.<\/p><\/blockquote>\n<h2>Hemligheten bakom den perfekta dagsturen<\/h2>\n<p>Ch\u00e2telaudren ligger knappt 30 minuter fr\u00e5n den ber\u00f6mda <a href=\"https:\/\/www.journee-mondiale.com\/se\/denna-kuststad-gommer-portugals-dramatiska-klippgrotta-bara-tillganglig-vid-lagvatten-75-av-besokarna-missar-den\/\" target=\"_blank\">dramatiska klippformer<\/a> vid Rosa Granitkusten, vilket g\u00f6r byn till en perfekt utg\u00e5ngspunkt f\u00f6r utflykter. Precis som <a href=\"https:\/\/www.journee-mondiale.com\/se\/denna-medeltida-by-bevarar-1200-talets-stadsplan-helt-perfekt-frankrikes-best-bevarade-bastidstad\/\" target=\"_blank\">denna medeltida by bevarar 1200-talets stadsplan helt perfekt<\/a>, har Ch\u00e2telaudren bevarat sin autentiska medeltida charm.<\/p>\n<h2>N\u00e4r \u00e4r b\u00e4sta tiden att bes\u00f6ka?<\/h2>\n<p>F\u00f6r att uppleva Ch\u00e2telaudren i all sin prakt rekommenderar jag ett bes\u00f6k i maj eller september. V\u00e4dret \u00e4r behagligt, turistmassorna \u00e4r fr\u00e5nvarande, och lokala evenemang blomstrar. Det p\u00e5minner mig om hur <a href=\"https:\/\/www.journee-mondiale.com\/se\/detta-heliga-berg-far-tusentals-pilgrimer-att-vandra-i-totalt-morker-for-en-3000-arig-soluppgang-du-kan-se-galaxen-med-blotta-ogat\/\" target=\"_blank\">detta heliga berg f\u00e5r tusentals pilgrimer att vandra i totalt m\u00f6rker<\/a> \u2013 det finns en magisk k\u00e4nsla av uppt\u00e4ckt.<\/p>\n<h2>Bretagnes dolda p\u00e4rla<\/h2>\n<p>I Ch\u00e2telaudren, precis som i <a href=\"https:\/\/www.journee-mondiale.com\/se\/denna-medelhavsby-anvander-bara-tva-farger-for-alla-byggnader-det-borjade-pa-1920-talet-nar-en-baron-skapade-traditionen\/\" target=\"_blank\">denna medelhavsby som anv\u00e4nder bara tv\u00e5 f\u00e4rger f\u00f6r alla byggnader<\/a>, finns en stark k\u00e4nsla av gemenskap och tradition som s\u00e4llan hittas i st\u00f6rre st\u00e4der. Det \u00e4r en plats d\u00e4r det f\u00f6rflutna inte bara bevaras \u2013 det lever och andas genom varje gatuh\u00f6rn, byggnad och ansikte du m\u00f6ter.<\/p>\n<p>Att bes\u00f6ka Ch\u00e2telaudren \u00e4r att uppt\u00e4cka Bretagne bortom turistbroschyrerna \u2013 ett autentiskt m\u00f6te med en region stolt \u00f6ver sitt keltiska arv, sin matkultur och sin s\u00e4rpr\u00e4glade identitet. F\u00f6r den som s\u00f6ker en genuin fransk upplevelse bortom de upptrampade stigarna, \u00e4r denna lilla bretonska p\u00e4rla v\u00e4rd varenda kilometer av resan dit.<\/p>\n","protected":false},"excerpt":{"rendered":"<p>I Bretagne, p\u00e5 Frankrikes nordv\u00e4stra kust, g\u00f6mmer sig en charmig liten p\u00e4rla som f\u00e5 svenska resen\u00e4rer k\u00e4nner till. Ch\u00e2telaudren, numera del av kommunen Ch\u00e2telaudren-Plouagat, \u00e4r en plats d\u00e4r tiden tycks ha st\u00e5tt still. Med sina medeltida byggnader, kristallklara vattendrag och ett kulturarv som str\u00e4cker sig \u00e5rhundraden bak\u00e5t, erbjuder denna bretonska juvel en of\u00f6rgl\u00f6mlig upplevelse f\u00f6r &#8230; <a title=\"Denna medeltida by i Bretagne har bevarat sitt 1500-tals hj\u00e4rta (d\u00e4r floden delar tv\u00e5 historiska regioner och modets historia \u00f6verraskar)\" class=\"read-more\" href=\"https:\/\/www.journee-mondiale.com\/se\/denna-medeltida-by-i-bretagne-har-bevarat-sitt-1500-tals-hjarta-dar-floden-delar-tva-historiska-regioner-och-modets-historia-overraskar\/\" aria-label=\"L\u00e4s mer om Denna medeltida by i Bretagne har bevarat sitt 1500-tals hj\u00e4rta (d\u00e4r floden delar tv\u00e5 historiska regioner och modets historia \u00f6verraskar)\">Lire plus<\/a><\/p>\n","protected":false},"author":1,"featured_media":13007,"comment_status":"","ping_status":"","sticky":false,"template":"","format":"standard","meta":{"footnotes":""},"categories":[48],"tags":[],"class_list":["post-13008","post","type-post","status-publish","format-standard","has-post-thumbnail","hentry","category-resa"],"acf":[],"_yoast_wpseo_primary_category":null,"_yoast_wpseo_title":null,"_yoast_wpseo_metadesc":null,"_links":{"self":[{"href":"https:\/\/www.journee-mondiale.com\/se\/wp-json\/wp\/v2\/posts\/13008","targetHints":{"allow":["GET"]}}],"collection":[{"href":"https:\/\/www.journee-mondiale.com\/se\/wp-json\/wp\/v2\/posts"}],"about":[{"href":"https:\/\/www.journee-mondiale.com\/se\/wp-json\/wp\/v2\/types\/post"}],"author":[{"embeddable":true,"href":"https:\/\/www.journee-mondiale.com\/se\/wp-json\/wp\/v2\/users\/1"}],"replies":[{"embeddable":true,"href":"https:\/\/www.journee-mondiale.com\/se\/wp-json\/wp\/v2\/comments?post=13008"}],"version-history":[{"count":0,"href":"https:\/\/www.journee-mondiale.com\/se\/wp-json\/wp\/v2\/posts\/13008\/revisions"}],"wp:featuredmedia":[{"embeddable":true,"href":"https:\/\/www.journee-mondiale.com\/se\/wp-json\/wp\/v2\/media\/13007"}],"wp:attachment":[{"href":"https:\/\/www.journee-mondiale.com\/se\/wp-json\/wp\/v2\/media?parent=13008"}],"wp:term":[{"taxonomy":"category","embeddable":true,"href":"https:\/\/www.journee-mondiale.com\/se\/wp-json\/wp\/v2\/categories?post=13008"},{"taxonomy":"post_tag","embeddable":true,"href":"https:\/\/www.journee-mondiale.com\/se\/wp-json\/wp\/v2\/tags?post=13008"}],"curies":[{"name":"wp","href":"https:\/\/api.w.org\/{rel}","templated":true}]}}