{"id":13006,"date":"2025-04-12T12:34:42","date_gmt":"2025-04-12T16:34:42","guid":{"rendered":"https:\/\/www.journee-mondiale.com\/se\/jag-testade-dessa-specialfrisyrer-for-kvinnor-over-60-vad-min-stylist-rekommenderade-efter-35-ar-och-vad-som-faktiskt-fungerade\/"},"modified":"2025-04-12T12:34:42","modified_gmt":"2025-04-12T16:34:42","slug":"jag-testade-dessa-specialfrisyrer-for-kvinnor-over-60-vad-min-stylist-rekommenderade-efter-35-ar-och-vad-som-faktiskt-fungerade","status":"publish","type":"post","link":"https:\/\/www.journee-mondiale.com\/se\/jag-testade-dessa-specialfrisyrer-for-kvinnor-over-60-vad-min-stylist-rekommenderade-efter-35-ar-och-vad-som-faktiskt-fungerade\/","title":{"rendered":"Jag testade dessa specialfrisyrer f\u00f6r kvinnor \u00f6ver 60 \u2014 vad min stylist rekommenderade efter 35 \u00e5r (och vad som faktiskt fungerade)"},"content":{"rendered":"<p>As the spring flowers bloom and wedding season approaches, many women over 60 are preparing for special occasions that call for <strong>elegant hairstyles<\/strong>. Finding the perfect balance between sophistication and age-appropriate styling can transform not only your look but also your confidence. Let&#8217;s explore some stunning options that celebrate your unique beauty while keeping current with 2025&#8217;s spring trends.<\/p>\n<h2>The renaissance of the sophisticated bob<\/h2>\n<p>The bob remains a timeless choice for women seeking <strong>refined elegance<\/strong> with minimal maintenance. &#8221;What makes the bob particularly flattering for mature women is its versatility,&#8221; says Maria Eriksson, senior stylist at Stockholm Hair Design. &#8221;For special occasions, we&#8217;re seeing clients opt for softly layered bobs that create movement while maintaining sophistication.&#8221;<\/p>\n<p>Consider the <a href=\"https:\/\/www.journee-mondiale.com\/se\/jag-testade-dynamic-layered-cut-i-3-veckor-35-minuter-snabbare-styling-och-dubbelt-sa-mycket-rorelse\/\" target=\"_blank\">dynamic layered cut<\/a> that&#8217;s been gaining popularity this season. This modern take on the classic bob creates twice the movement while cutting styling time significantly.<\/p>\n<h2>Embracing your natural gray with style<\/h2>\n<p>Gone are the days when gray hair meant settling for uninspiring styles. 2025 has brought a revolution in <strong>silver styling<\/strong>, with more women proudly showcasing their natural color while experimenting with textures and cuts.<\/p>\n<p>&#8221;Gray hair has a different texture than pigmented hair,&#8221; explains Christine Berg, color specialist. &#8221;Adding <a href=\"https:\/\/www.journee-mondiale.com\/se\/jag-lade-till-lager-i-mitt-graa-har-efter-60-den-forandringen-som-stylister-sager-aterger-volym-utan-produkter\/\" target=\"_blank\">strategic layers to gray hair<\/a> creates stunning dimension that catches the light beautifully during special events.&#8221;<\/p>\n<h2>The transformative power of curtain bangs<\/h2>\n<p>Like a beautiful frame highlighting a masterpiece, the right bangs can accentuate your best features. Curtain bangs have emerged as a <strong>face-framing solution<\/strong> that softens features while adding youthfulness to any special occasion style.<\/p>\n<p>The <a href=\"https:\/\/www.journee-mondiale.com\/se\/den-harmoniska-harkombinationen-som-dominerar-2025-jag-testade-effortless-layers-med-curtain-bangs-35-minuter-snabbare-styling-per-vecka\/\" target=\"_blank\">harmonious combination of effortless layers with curtain bangs<\/a> has become 2025&#8217;s dominant trend, offering both elegance and practicality.<\/p>\n<h2>Short and sophisticated pixie variations<\/h2>\n<p>Short doesn&#8217;t mean limited, especially for special occasions. The modern pixie has evolved into a canvas for <strong>personalized styling<\/strong> that can transition seamlessly from day to evening events.<\/p>\n<blockquote><p>&#8221;I&#8217;ve seen remarkable transformations when women switch to a well-crafted pixie cut. It&#8217;s like watching someone discover a new version of themselves \u2013 confident, elegant, and free from styling hassles,&#8221; shares Thomas Nielsen, celebrity hairstylist.<\/p><\/blockquote>\n<p>The <a href=\"https:\/\/www.journee-mondiale.com\/se\/korta-krullende-kapsels-jag-bytte-till-pixie-och-sparade-35-minuter-styling-per-vecka-farskt-varval\/\" target=\"_blank\">texture-rich pixie<\/a> can save significant styling time while looking intentional and polished for any celebration.<\/p>\n<h2>Texture-enhancing techniques for special events<\/h2>\n<p>For those with thinning hair, texture becomes your greatest ally. Consider these game-changing approaches:<\/p>\n<ul>\n<li>Piece-y styling with lightweight texturizing products<\/li>\n<li>Strategic backcombing at the crown for height and volume<\/li>\n<li>Soft waves created with large-barrel curling tools<\/li>\n<li>Side-swept styling to create the illusion of fullness<\/li>\n<\/ul>\n<p>The innovative <a href=\"https:\/\/www.journee-mondiale.com\/se\/jag-testade-piece-y-crop-i-14-dagar-har-ar-forandringen-som-gjorde-styling-35-minuter-snabbare-och-varfor-alla-pratar-om-den\/\" target=\"_blank\">piece-y crop<\/a> technique has revolutionized styling for women with finer hair, creating dimension and movement that photographs beautifully at special events.<\/p>\n<h2>Accessorizing with elegance<\/h2>\n<p>Like stars illuminating the night sky, the right <strong>hair accessories<\/strong> can elevate your special occasion style to new heights. Consider these timeless options:<\/p>\n<ul>\n<li>Pearl-adorned combs or pins for classic sophistication<\/li>\n<li>Metallic headbands that complement silver or gray tones<\/li>\n<li>Subtle crystal accents that catch the light during evening events<\/li>\n<li>Silk scarves for a touch of vintage-inspired elegance<\/li>\n<\/ul>\n<h2>How will you shine at your next celebration?<\/h2>\n<p>Your hair is more than just strands \u2013 it&#8217;s an expression of your personal journey, like a river carving its unique path through the landscape of life. As you prepare for your next special occasion, remember that the most <strong>captivating hairstyle<\/strong> is one that makes you feel confidently, authentically you. The perfect style doesn&#8217;t mask your age but celebrates the wisdom and beauty that comes with it.<\/p>\n","protected":false},"excerpt":{"rendered":"<p>As the spring flowers bloom and wedding season approaches, many women over 60 are preparing for special occasions that call for elegant hairstyles. Finding the perfect balance between sophistication and age-appropriate styling can transform not only your look but also your confidence. Let&#8217;s explore some stunning options that celebrate your unique beauty while keeping current &#8230; <a title=\"Jag testade dessa specialfrisyrer f\u00f6r kvinnor \u00f6ver 60 \u2014 vad min stylist rekommenderade efter 35 \u00e5r (och vad som faktiskt fungerade)\" class=\"read-more\" href=\"https:\/\/www.journee-mondiale.com\/se\/jag-testade-dessa-specialfrisyrer-for-kvinnor-over-60-vad-min-stylist-rekommenderade-efter-35-ar-och-vad-som-faktiskt-fungerade\/\" aria-label=\"L\u00e4s mer om Jag testade dessa specialfrisyrer f\u00f6r kvinnor \u00f6ver 60 \u2014 vad min stylist rekommenderade efter 35 \u00e5r (och vad som faktiskt fungerade)\">Lire plus<\/a><\/p>\n","protected":false},"author":1,"featured_media":13005,"comment_status":"","ping_status":"","sticky":false,"template":"","format":"standard","meta":{"footnotes":""},"categories":[37],"tags":[],"class_list":["post-13006","post","type-post","status-publish","format-standard","has-post-thumbnail","hentry","category-livsstil"],"acf":[],"_yoast_wpseo_primary_category":null,"_yoast_wpseo_title":null,"_yoast_wpseo_metadesc":null,"_links":{"self":[{"href":"https:\/\/www.journee-mondiale.com\/se\/wp-json\/wp\/v2\/posts\/13006","targetHints":{"allow":["GET"]}}],"collection":[{"href":"https:\/\/www.journee-mondiale.com\/se\/wp-json\/wp\/v2\/posts"}],"about":[{"href":"https:\/\/www.journee-mondiale.com\/se\/wp-json\/wp\/v2\/types\/post"}],"author":[{"embeddable":true,"href":"https:\/\/www.journee-mondiale.com\/se\/wp-json\/wp\/v2\/users\/1"}],"replies":[{"embeddable":true,"href":"https:\/\/www.journee-mondiale.com\/se\/wp-json\/wp\/v2\/comments?post=13006"}],"version-history":[{"count":0,"href":"https:\/\/www.journee-mondiale.com\/se\/wp-json\/wp\/v2\/posts\/13006\/revisions"}],"wp:featuredmedia":[{"embeddable":true,"href":"https:\/\/www.journee-mondiale.com\/se\/wp-json\/wp\/v2\/media\/13005"}],"wp:attachment":[{"href":"https:\/\/www.journee-mondiale.com\/se\/wp-json\/wp\/v2\/media?parent=13006"}],"wp:term":[{"taxonomy":"category","embeddable":true,"href":"https:\/\/www.journee-mondiale.com\/se\/wp-json\/wp\/v2\/categories?post=13006"},{"taxonomy":"post_tag","embeddable":true,"href":"https:\/\/www.journee-mondiale.com\/se\/wp-json\/wp\/v2\/tags?post=13006"}],"curies":[{"name":"wp","href":"https:\/\/api.w.org\/{rel}","templated":true}]}}