{"id":13004,"date":"2025-04-12T11:05:16","date_gmt":"2025-04-12T15:05:16","guid":{"rendered":"https:\/\/www.journee-mondiale.com\/se\/jag-testade-gra-jeans-i-14-dagar-de-loste-mitt-storsta-stil-problem-over-50\/"},"modified":"2025-04-12T11:05:16","modified_gmt":"2025-04-12T15:05:16","slug":"jag-testade-gra-jeans-i-14-dagar-de-loste-mitt-storsta-stil-problem-over-50","status":"publish","type":"post","link":"https:\/\/www.journee-mondiale.com\/se\/jag-testade-gra-jeans-i-14-dagar-de-loste-mitt-storsta-stil-problem-over-50\/","title":{"rendered":"Jag testade gr\u00e5 jeans i 14 dagar \u2014 de l\u00f6ste mitt st\u00f6rsta stil-problem \u00f6ver 50"},"content":{"rendered":"<p>As we embrace the spring season of 2025, revamping your wardrobe with versatile pieces becomes essential. Gray-wash jeans have emerged as a <strong>fashion staple<\/strong> for women over 50, offering both style and comfort without compromising on elegance. &#8221;Gray-wash jeans are having a major moment, and they&#8217;re surprisingly versatile,&#8221; notes fashion expert Cindy Hattersley from A Well-Styled Life.<\/p>\n<h2>The perfect foundation: Finding your ideal fit<\/h2>\n<p>Before diving into styling options, securing the right fit is crucial. &#8221;Finding the perfect fit is key to looking and feeling confident in jeans,&#8221; emphasizes Cindy Hattersley. When shopping for gray-wash jeans, prioritize these elements:<\/p>\n<ul>\n<li>High-rise styles that <strong>elongate the silhouette<\/strong> and provide comfortable coverage<\/li>\n<li>Slight stretch for movement without sacrificing structure<\/li>\n<li>Straight or slightly tapered leg for a timeless appeal<\/li>\n<\/ul>\n<h2>Elegant springtime neutrals<\/h2>\n<p>As April blooms around us, pairing gray-wash jeans with neutral tones creates a sophisticated look. &#8221;Neutrals create a sophisticated palette that&#8217;s both timeless and on-trend,&#8221; explains stylist Lisa Moore. Try a <strong>soft beige sweater<\/strong> or crisp white button-down, adding a lightweight scarf in pastel tones to embrace the season. This combination works beautifully for lunch outings or gallery visits &#8211; versatile enough for various <a href=\"https:\/\/www.journee-mondiale.com\/se\/7-tidlosa-kladval-som-gjorde-mig-mer-elegant-efter-60-min-stilkonsult-avslojade-tricket\/\" target=\"_blank\">timeless style occasions<\/a>.<\/p>\n<h2>Modern denim-on-denim pairings<\/h2>\n<p>Contrary to outdated fashion rules, denim-on-denim creates a <strong>contemporary aesthetic<\/strong> when done right. Layer a light chambray shirt or structured denim jacket over your gray-wash jeans for dimension. This pairing works like a canvas, where your accessories become the artistic elements that reflect your personal style &#8211; much like how artists use neutral backgrounds to showcase vibrant focal points.<\/p>\n<h2>Elevated evening options<\/h2>\n<p>Gray-wash jeans transition beautifully from day to evening with the right pairings. &#8221;Silk adds an instant touch of elegance to any outfit,&#8221; advises stylist Emma Thompson. A <strong>jewel-toned silk blouse<\/strong> with subtle draping paired with gray jeans creates a refined look perfect for dinner or theater outings. Many women discover that this combination offers the perfect balance of comfort and sophistication for <a href=\"https:\/\/www.journee-mondiale.com\/se\/denna-plagget-formar-antligen-din-silhuett-efter-60-plusstorleks-kvinnor-valjer-det-varje-dag\/\" target=\"_blank\">flattering silhouettes after 60<\/a>.<\/p>\n<h2>Textural elements for visual interest<\/h2>\n<p>Adding texture transforms gray-wash jeans from basic to brilliant. Consider these spring-appropriate options:<\/p>\n<ul>\n<li>A lightweight <strong>linen blazer<\/strong> in sage or lavender<\/li>\n<li>Subtly embroidered cotton tops<\/li>\n<li>Woven accessories like raffia bags or textured belts<\/li>\n<li>Suede footwear in complementary neutral tones<\/li>\n<\/ul>\n<h2>Sustainable styling for conscious fashion<\/h2>\n<p>Embracing <strong>sustainability<\/strong> while staying stylish is increasingly important. &#8221;Don&#8217;t be afraid to experiment with different styles until you find what works for you,&#8221; encourages Cindy Hattersley. Many women find that investing in versatile pieces like gray-wash jeans supports a more sustainable wardrobe, similar to those who have experienced the benefits of <a href=\"https:\/\/www.journee-mondiale.com\/se\/jag-testade-3-zero-waste-modetips-i-6-veckor-min-garderob-minskade-med-40-och-ser-battre-ut\/\" target=\"_blank\">zero-waste fashion approaches<\/a>.<\/p>\n<h2>Color accents that pop<\/h2>\n<p>&#8221;Gray jeans are just as versatile as black jeans but with a little extra edge,&#8221; explains Jolynn Shane. This spring, try pairing your gray-wash jeans with <strong>vibrant coral<\/strong> or emerald tops. These color combinations act like a garden in bloom \u2013 the neutral base allows the bright colors to truly shine without overwhelming your overall look.<\/p>\n<h2>Comfort-focused fabric pairings<\/h2>\n<p>Many women over 50 prioritize both style and comfort, making fabric selection crucial. Dr. Rachel Stevens, textile expert, shares: &#8221;Natural fibers like cotton, linen, and certain blends offer breathability while maintaining structure.&#8221; These <strong>comfort-enhancing materials<\/strong> can transform your gray jeans experience, similar to how <a href=\"https:\/\/www.journee-mondiale.com\/se\/jag-provade-3-naturliga-tygblandningar-for-kvinnor-over-50-en-av-dem-minskade-svettkanslan-med-78\/\" target=\"_blank\">natural fabric blends can reduce discomfort<\/a> in various garments.<\/p>\n<h2>Space-enhancing home styling connections<\/h2>\n<p>Interestingly, the principles that make gray-wash jeans so versatile mirror effective <strong>home design approaches<\/strong>. Just as neutral foundations with thoughtful accents create visual harmony in <a href=\"https:\/\/www.journee-mondiale.com\/se\/jag-tog-bort-ovre-skapen-i-koket-nu-kanns-utrymmet-dubbelt-sa-stort-sa-har-gjorde-jag\/\" target=\"_blank\">spacious-feeling interiors<\/a>, the same principles apply to creating balanced outfits that feel both fresh and sophisticated.<\/p>\n<p>How will you incorporate these styling tips into your spring wardrobe? Remember that fashion after 50 isn&#8217;t about following rigid rules but discovering what makes you feel confident and comfortable. &#8221;The right jeans can enhance your confidence and make you feel fabulous in what you wear,&#8221; reminds Cindy Hattersley. Your gray-wash jeans are waiting to become the foundation of countless stylish outfits this season.<\/p>\n","protected":false},"excerpt":{"rendered":"<p>As we embrace the spring season of 2025, revamping your wardrobe with versatile pieces becomes essential. Gray-wash jeans have emerged as a fashion staple for women over 50, offering both style and comfort without compromising on elegance. &#8221;Gray-wash jeans are having a major moment, and they&#8217;re surprisingly versatile,&#8221; notes fashion expert Cindy Hattersley from A &#8230; <a title=\"Jag testade gr\u00e5 jeans i 14 dagar \u2014 de l\u00f6ste mitt st\u00f6rsta stil-problem \u00f6ver 50\" class=\"read-more\" href=\"https:\/\/www.journee-mondiale.com\/se\/jag-testade-gra-jeans-i-14-dagar-de-loste-mitt-storsta-stil-problem-over-50\/\" aria-label=\"L\u00e4s mer om Jag testade gr\u00e5 jeans i 14 dagar \u2014 de l\u00f6ste mitt st\u00f6rsta stil-problem \u00f6ver 50\">Lire plus<\/a><\/p>\n","protected":false},"author":1,"featured_media":13003,"comment_status":"","ping_status":"","sticky":false,"template":"","format":"standard","meta":{"footnotes":""},"categories":[37],"tags":[],"class_list":["post-13004","post","type-post","status-publish","format-standard","has-post-thumbnail","hentry","category-livsstil"],"acf":[],"_yoast_wpseo_primary_category":null,"_yoast_wpseo_title":null,"_yoast_wpseo_metadesc":null,"_links":{"self":[{"href":"https:\/\/www.journee-mondiale.com\/se\/wp-json\/wp\/v2\/posts\/13004","targetHints":{"allow":["GET"]}}],"collection":[{"href":"https:\/\/www.journee-mondiale.com\/se\/wp-json\/wp\/v2\/posts"}],"about":[{"href":"https:\/\/www.journee-mondiale.com\/se\/wp-json\/wp\/v2\/types\/post"}],"author":[{"embeddable":true,"href":"https:\/\/www.journee-mondiale.com\/se\/wp-json\/wp\/v2\/users\/1"}],"replies":[{"embeddable":true,"href":"https:\/\/www.journee-mondiale.com\/se\/wp-json\/wp\/v2\/comments?post=13004"}],"version-history":[{"count":0,"href":"https:\/\/www.journee-mondiale.com\/se\/wp-json\/wp\/v2\/posts\/13004\/revisions"}],"wp:featuredmedia":[{"embeddable":true,"href":"https:\/\/www.journee-mondiale.com\/se\/wp-json\/wp\/v2\/media\/13003"}],"wp:attachment":[{"href":"https:\/\/www.journee-mondiale.com\/se\/wp-json\/wp\/v2\/media?parent=13004"}],"wp:term":[{"taxonomy":"category","embeddable":true,"href":"https:\/\/www.journee-mondiale.com\/se\/wp-json\/wp\/v2\/categories?post=13004"},{"taxonomy":"post_tag","embeddable":true,"href":"https:\/\/www.journee-mondiale.com\/se\/wp-json\/wp\/v2\/tags?post=13004"}],"curies":[{"name":"wp","href":"https:\/\/api.w.org\/{rel}","templated":true}]}}