{"id":13002,"date":"2025-04-12T04:05:40","date_gmt":"2025-04-12T08:05:40","guid":{"rendered":"https:\/\/www.journee-mondiale.com\/se\/detta-heliga-berg-far-tusentals-pilgrimer-att-vandra-i-totalt-morker-for-en-3000-arig-soluppgang-du-kan-se-galaxen-med-blotta-ogat\/"},"modified":"2025-04-12T04:05:40","modified_gmt":"2025-04-12T08:05:40","slug":"detta-heliga-berg-far-tusentals-pilgrimer-att-vandra-i-totalt-morker-for-en-3000-arig-soluppgang-du-kan-se-galaxen-med-blotta-ogat","status":"publish","type":"post","link":"https:\/\/www.journee-mondiale.com\/se\/detta-heliga-berg-far-tusentals-pilgrimer-att-vandra-i-totalt-morker-for-en-3000-arig-soluppgang-du-kan-se-galaxen-med-blotta-ogat\/","title":{"rendered":"Detta heliga berg f\u00e5r tusentals pilgrimer att vandra i totalt m\u00f6rker f\u00f6r en 3000-\u00e5rig soluppg\u00e5ng (du kan se galaxen med blotta \u00f6gat)"},"content":{"rendered":"<h2>Sinaiberget &#8211; d\u00e4r soluppg\u00e5ngen v\u00e4cker 3000 \u00e5r av heliga minnen<\/h2>\n<p>Klockan \u00e4r 03:30 n\u00e4r jag v\u00e4cks av min beduinska guide utanf\u00f6r t\u00e4ltet. &#8221;Yalla, Erik! Solen v\u00e4ntar inte.&#8221; I totalt m\u00f6rker b\u00f6rjar vi v\u00e5r vandring uppf\u00f6r det heliga Sinaiberget, d\u00e4r Moses enligt traditionen mottog de tio budorden. Det som sl\u00e5r mig direkt \u00e4r stj\u00e4rnhimlen \u2013 s\u00e5 klar att galaxen n\u00e4stan k\u00e4nns inom r\u00e4ckh\u00e5ll mot den kolsvarta \u00f6kenhimlen. Det \u00e4r en upplevelse som saknar motstycke i v\u00e5r ljusf\u00f6rorenade v\u00e4rld.<\/p>\n<blockquote><p>&#8221;Sedan 1500-talet har pilgrimer och \u00e4ventyrare vandrat dessa stigar. Berget \u00e4r inte bara ett landm\u00e4rke, utan ett levande vittnesm\u00e5l om tre religioners historia,&#8221; f\u00f6rklarar Mahmoud, min guide som tillh\u00f6r den lokala beduinstammen.<\/p><\/blockquote>\n<h2>De tv\u00e5 stigarna mot himlen<\/h2>\n<p>F\u00f6r att bestiga det 2285 meter h\u00f6ga Sinaiberget finns tv\u00e5 huvudv\u00e4gar. Den mer utmanande &#8221;Trapporna av \u00c5nger&#8221; med sina 3750 stentrappor byggda av en botg\u00f6rande munk, eller den mindre branta &#8221;Kamelstigen&#8221; som jag valde. Oavsett v\u00e4g m\u00f6ts alla vid Elijahs Basin, varifr\u00e5n 750 trappsteg \u00e5terst\u00e5r till toppen.<\/p>\n<p>Under min vandring m\u00f6ter jag m\u00e4nniskor fr\u00e5n v\u00e4rldens alla h\u00f6rn \u2013 kristna pilgrimer fr\u00e5n Ryssland, judiska familjer fr\u00e5n Israel och muslimska bes\u00f6kare som hedrar berget d\u00e4r profeten Musa talade med Gud.<\/p>\n<h2>Soluppg\u00e5ngen som f\u00f6rvandlar \u00f6knen<\/h2>\n<p>N\u00e4r jag n\u00e5r toppen, sl\u00e5s jag av den absoluta tystnaden. Omkring 200 m\u00e4nniskor sitter i and\u00e4ktig v\u00e4ntan. N\u00e4r solen b\u00f6rjar stiga \u00f6ver horisonten f\u00f6rvandlas landskapet: bergskedjorna flammar upp i orange och r\u00f6tt, och skuggorna drar sig tillbaka \u00f6ver det m\u00e5nlika landskapet. Det \u00e4r en n\u00e4stan \u00f6vernaturlig upplevelse som f\u00e5r t\u00e5rar att stiga i mina \u00f6gon.<\/p>\n<h2>St. Catherine&#8217;s kloster &#8211; en oas av historia<\/h2>\n<p>Efter nedstigningen v\u00e4ntar en av kristenhetens \u00e4ldsta skatter vid bergets fot. St. Catherine&#8217;s kloster, byggt mellan 548-565 e.Kr, \u00e4r en av v\u00e4rldens \u00e4ldsta kontinuerligt bebodda kristna kloster. Bakom dess m\u00e4ktiga murar finns ov\u00e4rderliga konstskatter, inklusive \u00f6ver 2000 ikoner och en biblisk manuskriptsamling som endast \u00f6vertr\u00e4ffas av Vatikanens.<\/p>\n<p>Det som verkligen f\u00e4ngslar mig \u00e4r den brinnande busken &#8211; enligt traditionen samma buske d\u00e4r Gud f\u00f6rst uppenbarade sig f\u00f6r Moses. Den v\u00e4xer fortfarande gr\u00f6nt i klostertr\u00e4dg\u00e5rden efter 3000 \u00e5r, ett mirakel i sig enligt de ortodoxa munkarna.<\/p>\n<h2>Beduinerna &#8211; \u00f6knens v\u00e4ktare<\/h2>\n<p>I Sainte-Catherine-omr\u00e5det lever fortfarande beduinska stammar som har vakat \u00f6ver dessa heliga platser i generationer. De fungerar som guider, kamelf\u00f6rare och leverant\u00f6rer av den lokala kunskapen som kr\u00e4vs f\u00f6r att uppleva omr\u00e5det p\u00e5 riktigt.<\/p>\n<blockquote><p>&#8221;Vi har alltid levt h\u00e4r, i harmoni med alla som kommer f\u00f6r att bevittna bergets kraft. F\u00f6r oss \u00e4r det lika mycket hem som helgedom,&#8221; ber\u00e4ttar Salim, en \u00e4ldre beduinman som bjuder in mig p\u00e5 s\u00f6tsyrligt teherba med mynta.<\/p><\/blockquote>\n<h2>En oas av frid i en turbulent region<\/h2>\n<p>Trots sp\u00e4nningar i andra delar av Sinaihalv\u00f6n f\u00f6rblir omr\u00e5det kring Sinaiberget och Sainte-Catherine relativt lugnt och s\u00e4kert f\u00f6r bes\u00f6kare. Det k\u00e4nns som en fristad d\u00e4r olika trosuppfattningar m\u00f6ts i respekt f\u00f6r platsens historiska betydelse.<\/p>\n<p>F\u00f6r den som \u00e4lskar <a href=\"https:\/\/www.journee-mondiale.com\/se\/denna-medelhavsby-anvander-bara-tva-farger-for-alla-byggnader-det-borjade-pa-1920-talet-nar-en-baron-skapade-traditionen\/\" target=\"_blank\">vackra medelhavsbyar<\/a> kan Sinaiberget kombineras med en resa genom Egypten som erbjuder b\u00e5de andlig och kulturell rikedom.<\/p>\n<h2>Praktiska tips f\u00f6r bes\u00f6kare<\/h2>\n<p>Den b\u00e4sta tiden att bes\u00f6ka \u00e4r mellan oktober och april n\u00e4r temperaturen \u00e4r behaglig. Sommaren kan vara br\u00e4nnande het med temperaturer upp till 40\u00b0C. F\u00f6r att n\u00e5 toppen i tid f\u00f6r soluppg\u00e5ngen beh\u00f6ver du b\u00f6rja vandringen omkring 02:30-03:00, beroende p\u00e5 \u00e5rstid.<\/p>\n<p>J\u00e4mf\u00f6rt med <a href=\"https:\/\/www.journee-mondiale.com\/se\/denna-kuststad-gommer-portugals-dramatiska-klippgrotta-bara-tillganglig-vid-lagvatten-75-av-besokarna-missar-den\/\" target=\"_blank\">dramatiska kustlandskap i Portugal<\/a> eller <a href=\"https:\/\/www.journee-mondiale.com\/se\/denna-sanddyn-slukar-en-hel-skog-i-frankrike-106-meter-hog-och-vaxer-5-meter-om-aret\/\" target=\"_blank\">Frankrikes r\u00f6rliga sanddyner<\/a>, erbjuder Sinaiberget en helt annan typ av naturupplevelse &#8211; tidl\u00f6s och andlig.<\/p>\n<h2>Bortom turiststr\u00e5ken<\/h2>\n<p>F\u00f6r den som vill utforska mer \u00e4n bara huvudattraktionerna rekommenderar jag varmt Wadi El Arbain-leden, som leder f\u00f6rbi historiska platser som Monastery of Forty Martyrs. H\u00e4r m\u00f6ter du betydligt f\u00e4rre m\u00e4nniskor och f\u00e5r en djupare inblick i regionens historia och geologi.<\/p>\n<p>Liksom <a href=\"https:\/\/www.journee-mondiale.com\/se\/denna-medeltida-by-bevarar-1200-talets-stadsplan-helt-perfekt-frankrikes-best-bevarade-bastidstad\/\" target=\"_blank\">Frankrikes v\u00e4lbevarade medeltida byar<\/a>, har St. Catherine&#8217;s-omr\u00e5det en k\u00e4nsla av tidl\u00f6shet, men med en andlig dimension som \u00e4r helt unik.<\/p>\n<h2>N\u00e4r du reser till Sinaiberget<\/h2>\n<p>M\u00e5nga bes\u00f6kare utg\u00e5r fr\u00e5n Sharm el-Sheikh, varifr\u00e5n arrangerade turer g\u00e5r till berget. F\u00f6r den \u00e4ventyrlige rekommenderar jag att stanna i sj\u00e4lva byn St. Catherine f\u00f6r att verkligen k\u00e4nna platsens puls. Byn erbjuder enkla men genuina boendealternativ, fr\u00e5n hostels till mindre hotell.<\/p>\n<p>I likhet med <a href=\"https:\/\/www.journee-mondiale.com\/se\/denna-medeltida-vagstracka-gommer-30-sagobyar-langs-460-km-slottet-som-inspirerade-disney-ar-bara-borjan\/\" target=\"_blank\">Tysklands sagobyar<\/a> finns h\u00e4r en atmosf\u00e4r som f\u00f6r tankarna till en annan tid. Skillnaden \u00e4r att p\u00e5 Sinaiberget \u00e4r sagan verklig historia &#8211; och den forts\u00e4tter att attrahera s\u00f6kare och \u00e4ventyrare fr\u00e5n hela v\u00e4rlden.<\/p>\n","protected":false},"excerpt":{"rendered":"<p>Sinaiberget &#8211; d\u00e4r soluppg\u00e5ngen v\u00e4cker 3000 \u00e5r av heliga minnen Klockan \u00e4r 03:30 n\u00e4r jag v\u00e4cks av min beduinska guide utanf\u00f6r t\u00e4ltet. &#8221;Yalla, Erik! Solen v\u00e4ntar inte.&#8221; I totalt m\u00f6rker b\u00f6rjar vi v\u00e5r vandring uppf\u00f6r det heliga Sinaiberget, d\u00e4r Moses enligt traditionen mottog de tio budorden. Det som sl\u00e5r mig direkt \u00e4r stj\u00e4rnhimlen \u2013 s\u00e5 &#8230; <a title=\"Detta heliga berg f\u00e5r tusentals pilgrimer att vandra i totalt m\u00f6rker f\u00f6r en 3000-\u00e5rig soluppg\u00e5ng (du kan se galaxen med blotta \u00f6gat)\" class=\"read-more\" href=\"https:\/\/www.journee-mondiale.com\/se\/detta-heliga-berg-far-tusentals-pilgrimer-att-vandra-i-totalt-morker-for-en-3000-arig-soluppgang-du-kan-se-galaxen-med-blotta-ogat\/\" aria-label=\"L\u00e4s mer om Detta heliga berg f\u00e5r tusentals pilgrimer att vandra i totalt m\u00f6rker f\u00f6r en 3000-\u00e5rig soluppg\u00e5ng (du kan se galaxen med blotta \u00f6gat)\">Lire plus<\/a><\/p>\n","protected":false},"author":1,"featured_media":13001,"comment_status":"","ping_status":"","sticky":false,"template":"","format":"standard","meta":{"footnotes":""},"categories":[48],"tags":[],"class_list":["post-13002","post","type-post","status-publish","format-standard","has-post-thumbnail","hentry","category-resa"],"acf":[],"_yoast_wpseo_primary_category":null,"_yoast_wpseo_title":null,"_yoast_wpseo_metadesc":null,"_links":{"self":[{"href":"https:\/\/www.journee-mondiale.com\/se\/wp-json\/wp\/v2\/posts\/13002","targetHints":{"allow":["GET"]}}],"collection":[{"href":"https:\/\/www.journee-mondiale.com\/se\/wp-json\/wp\/v2\/posts"}],"about":[{"href":"https:\/\/www.journee-mondiale.com\/se\/wp-json\/wp\/v2\/types\/post"}],"author":[{"embeddable":true,"href":"https:\/\/www.journee-mondiale.com\/se\/wp-json\/wp\/v2\/users\/1"}],"replies":[{"embeddable":true,"href":"https:\/\/www.journee-mondiale.com\/se\/wp-json\/wp\/v2\/comments?post=13002"}],"version-history":[{"count":0,"href":"https:\/\/www.journee-mondiale.com\/se\/wp-json\/wp\/v2\/posts\/13002\/revisions"}],"wp:featuredmedia":[{"embeddable":true,"href":"https:\/\/www.journee-mondiale.com\/se\/wp-json\/wp\/v2\/media\/13001"}],"wp:attachment":[{"href":"https:\/\/www.journee-mondiale.com\/se\/wp-json\/wp\/v2\/media?parent=13002"}],"wp:term":[{"taxonomy":"category","embeddable":true,"href":"https:\/\/www.journee-mondiale.com\/se\/wp-json\/wp\/v2\/categories?post=13002"},{"taxonomy":"post_tag","embeddable":true,"href":"https:\/\/www.journee-mondiale.com\/se\/wp-json\/wp\/v2\/tags?post=13002"}],"curies":[{"name":"wp","href":"https:\/\/api.w.org\/{rel}","templated":true}]}}