{"id":12998,"date":"2025-04-12T01:05:29","date_gmt":"2025-04-12T05:05:29","guid":{"rendered":"https:\/\/www.journee-mondiale.com\/se\/denna-medelhavsby-anvander-bara-tva-farger-for-alla-byggnader-det-borjade-pa-1920-talet-nar-en-baron-skapade-traditionen\/"},"modified":"2025-04-12T01:05:29","modified_gmt":"2025-04-12T05:05:29","slug":"denna-medelhavsby-anvander-bara-tva-farger-for-alla-byggnader-det-borjade-pa-1920-talet-nar-en-baron-skapade-traditionen","status":"publish","type":"post","link":"https:\/\/www.journee-mondiale.com\/se\/denna-medelhavsby-anvander-bara-tva-farger-for-alla-byggnader-det-borjade-pa-1920-talet-nar-en-baron-skapade-traditionen\/","title":{"rendered":"Denna medelhavsby anv\u00e4nder bara tv\u00e5 f\u00e4rger f\u00f6r alla byggnader (det b\u00f6rjade p\u00e5 1920-talet n\u00e4r en baron skapade traditionen)"},"content":{"rendered":"<h2>Det bl\u00e5vita paradiset i Tunisien: Uppt\u00e4ck magiska Sidi Bou Sa\u00efd<\/h2>\n<p>H\u00f6gt ovanf\u00f6r Medelhavets glittrande vatten tronar Sidi Bou Sa\u00efd \u2013 Tunisiens juvel som lyser i vitt och himmelsbl\u00e5tt. Denna lilla stad, bara 20 kilometer fr\u00e5n huvudstaden Tunis, har f\u00f6rtrollat bes\u00f6kare i generationer med sin s\u00e4rpr\u00e4glade arkitektur och bohemiska charm. Konstn\u00e4rer som Paul Klee och Henri Matisse s\u00f6kte inspiration i dess gr\u00e4nder, men f\u00f6rv\u00e5nande nog b\u00f6rjade den ikoniska f\u00e4rgkombinationen f\u00f6rst p\u00e5 1920-talet n\u00e4r Baron Rodolphe d&#8217;Erlanger initierade traditionen.<\/p>\n<h2>En f\u00e4rgexplosion som har en historia<\/h2>\n<p>Det \u00e4r om\u00f6jligt att inte bli betagen av stadens koboltbl\u00e5 d\u00f6rrar och f\u00f6nsterluckor som kontrasterar mot bl\u00e4ndvita fasader. Varje gath\u00f6rn bjuder p\u00e5 ett nytt Instagram-v\u00e4rdigt motiv. Men f\u00e4rgerna \u00e4r mer \u00e4n bara vackra \u2013 de har en praktisk funktion; bl\u00e5tt s\u00e4gs avv\u00e4rja onda \u00f6gat och vitt reflekterar den starka medelhavssolen.<\/p>\n<p>&#8221;V\u00e5r stad \u00e4r en levande tavla d\u00e4r varje hem bidrar till det konstn\u00e4rliga uttrycket genom att f\u00f6lja traditionen&#8221;, ber\u00e4ttar Amir, lokal guide som vuxit upp i stadens vindlande gr\u00e4nder. &#8221;N\u00e4r bes\u00f6kare kommer hit ser de bara sk\u00f6nheten, men f\u00f6r oss representerar f\u00e4rgerna v\u00e5r identitet och historia.&#8221;<\/p>\n<h2>Vandring genom en levande konstinstallation<\/h2>\n<p>B\u00f6rja dagen med att strosa genom Centro storico, den historiska stadsk\u00e4rnan, d\u00e4r varje tr\u00e5ng gr\u00e4nd leder till nya uppt\u00e4ckter. De traditionella d\u00f6rrarna med sina utsmyckade spikm\u00f6nster \u00e4r mer \u00e4n dekorativa \u2013 varje design ber\u00e4ttar en familjs historia, ungef\u00e4r som ett sl\u00e4ktvapen.<\/p>\n<p>F\u00f6r den som s\u00f6ker fler historiska upplevelser i regionen finns <a href=\"https:\/\/www.journee-mondiale.com\/se\/denna-medeltida-by-bevarar-1200-talets-stadsplan-helt-perfekt-frankrikes-best-bevarade-bastidstad\/\" target=\"_blank\">denna medeltida by med perfekt bevarad 1200-talsplan<\/a> \u2013 ett perfekt komplement till din tunisiska resa.<\/p>\n<h2>Caf\u00e9 des D\u00e9lices \u2013 stadens hj\u00e4rtpunkt<\/h2>\n<p>H\u00f6gt uppe p\u00e5 klippan hittar du det legendariska Caf\u00e9 des D\u00e9lices, kanske Tunisiens mest ber\u00f6mda kaf\u00e9. Med en svindlande utsikt \u00f6ver hamnen och bukten erbjuder detta kaf\u00e9 en idealisk plats f\u00f6r att njuta av traditionell mint-te serverat i vackra glas med pinjen\u00f6tter.<\/p>\n<p>Fr\u00e5n denna utsiktsplats kan du skymta hamnen och f\u00f6rst\u00e5 varf\u00f6r Sidi Bou Sa\u00efd fick strategisk betydelse genom historien \u2013 p\u00e5 liknande s\u00e4tt som <a href=\"https:\/\/www.journee-mondiale.com\/se\/denna-kuststad-gommer-portugals-dramatiska-klippgrotta-bara-tillganglig-vid-lagvatten-75-av-besokarna-missar-den\/\" target=\"_blank\">denna portugisiska kuststad med sin dramatiska klippgrotta<\/a> blev viktig f\u00f6r sitt lands historia.<\/p>\n<h2>Palatset som bevarar en epok<\/h2>\n<p>Dar Nejma Ezzahra, det palats som Baron d&#8217;Erlanger byggde i b\u00f6rjan av 1900-talet, \u00e4r idag ett museum v\u00e4rt bes\u00f6k. Byggnaden kombinerar andalusisk, ottomansk och traditionell tunisisk arkitektur till n\u00e5got helt unikt. H\u00e4r finns en samling medeltida musikinstrument och en tr\u00e4dg\u00e5rd som erbjuder skugga under heta sommardagar.<\/p>\n<h2>Bombastisk baklava och kulinariska h\u00f6jdpunkter<\/h2>\n<p>F\u00f6lj doften av jasmin och orange blossom till n\u00e5gon av de lokala konditorierna. De s\u00e4ljer baklava med pistage och mandel som sm\u00e4lter i munnen och bambalouni, tunisiska munkar doppade i honung. F\u00f6r en mer m\u00e4ttande upplevelse, best\u00e4ll brik \u2013 en tunn, friterad deg fylld med \u00e4gg och tonfisk \u2013 p\u00e5 n\u00e5gon av strandpromenadernas restauranger.<\/p>\n<p>&#8221;V\u00e5rt k\u00f6k \u00e4r en blandning av medelhavets alla traditioner&#8221;, f\u00f6rklarar kocken Leila p\u00e5 restaurangen Au Bon Vieux Temps. &#8221;Men v\u00e5r touch \u00e4r unik \u2013 s\u00f6t, kryddig och alltid gener\u00f6s.&#8221;<\/p>\n<h2>Dyk in i konstv\u00e4rlden<\/h2>\n<p>F\u00f6r konst\u00e4lskare bjuder Sidi Bou Sa\u00efd p\u00e5 flera gallerier inrymda i traditionella byggnader. Staden har blivit centrum f\u00f6r tunisisk modern konst, d\u00e4r traditionella uttryck m\u00f6ter samtida tekniker. M\u00e5nga konstn\u00e4rer h\u00e5ller \u00f6ppna atelj\u00e9er d\u00e4r du kan se dem arbeta och k\u00f6pa originalverk direkt fr\u00e5n skaparen.<\/p>\n<h2>Den b\u00e4sta tiden f\u00f6r bes\u00f6k<\/h2>\n<p>F\u00f6r att undvika folkmassorna, kom tidigt p\u00e5 morgonen eller sent p\u00e5 eftermiddagen. B\u00e4sta s\u00e4songen \u00e4r v\u00e5r och h\u00f6st, d\u00e5 temperaturen \u00e4r perfekt f\u00f6r promenader. De som \u00e4lskar naturfenomen b\u00f6r utforska <a href=\"https:\/\/www.journee-mondiale.com\/se\/denna-sanddyn-slukar-en-hel-skog-i-frankrike-106-meter-hog-och-vaxer-5-meter-om-aret\/\" target=\"_blank\">denna imponerande sanddyn i Frankrike<\/a> som \u00e4r minst lika m\u00e4ktig som Sidis klippor.<\/p>\n<h2>En perfekt dagsutflykt fr\u00e5n Tunis<\/h2>\n<p>Med sin n\u00e4rhet till huvudstaden utg\u00f6r Sidi Bou Sa\u00efd ett perfekt resm\u00e5l f\u00f6r en dagsutflykt. Kombinera g\u00e4rna med bes\u00f6k till n\u00e4rliggande Karthago f\u00f6r att f\u00e5 en komplett historisk upplevelse. F\u00f6r den \u00e4ventyrslystne finns \u00e4ven <a href=\"https:\/\/www.journee-mondiale.com\/se\/denna-medeltida-vagstracka-gommer-30-sagobyar-langs-460-km-slottet-som-inspirerade-disney-ar-bara-borjan\/\" target=\"_blank\">denna medeltida v\u00e4gstr\u00e4cka med 30 sagobyar<\/a> att inspireras av inf\u00f6r framtida resor.<\/p>\n<h2>N\u00e4r solnedg\u00e5ngen f\u00f6rvandlar staden<\/h2>\n<p>N\u00e4r solen b\u00f6rjar sjunka f\u00f6rvandlas Sidi Bou Sa\u00efd. Det vita b\u00f6rjar skimra i gyllene toner medan det bl\u00e5 blir allt mer intensivt. Solnedg\u00e5ngen fr\u00e5n utsiktsplatsen vid fyren \u00e4r en upplevelse som br\u00e4nner sig fast i minnet \u2013 ett f\u00e4rgspel som inte st\u00e5r tillbaka f\u00f6r <a href=\"https:\/\/www.journee-mondiale.com\/se\/denna-nationalpark-gommer-92-vattenfall-som-skiftar-fran-smaragdgront-till-djupblatt-kroatiens-aldsta-naturunder-vaxer-1-cm-per-ar\/\" target=\"_blank\">Kroatiens smaragdgr\u00f6na till djupbl\u00e5 vattenfall<\/a>.<\/p>\n<p>Sidi Bou Sa\u00efd \u00e4r mer \u00e4n bara en vacker kuliss \u2013 det \u00e4r en plats d\u00e4r tiden tycks st\u00e5 still mellan de bl\u00e5vita husen. I denna konstn\u00e4rliga oas m\u00f6ts Europas och Afrikas kulturer i perfekt harmoni, skapad av generationer hantverkare och bevarad av stolta inv\u00e5nare som vet att de f\u00f6rvaltar n\u00e5got alldeles unikt.<\/p>\n","protected":false},"excerpt":{"rendered":"<p>Det bl\u00e5vita paradiset i Tunisien: Uppt\u00e4ck magiska Sidi Bou Sa\u00efd H\u00f6gt ovanf\u00f6r Medelhavets glittrande vatten tronar Sidi Bou Sa\u00efd \u2013 Tunisiens juvel som lyser i vitt och himmelsbl\u00e5tt. Denna lilla stad, bara 20 kilometer fr\u00e5n huvudstaden Tunis, har f\u00f6rtrollat bes\u00f6kare i generationer med sin s\u00e4rpr\u00e4glade arkitektur och bohemiska charm. Konstn\u00e4rer som Paul Klee och Henri &#8230; <a title=\"Denna medelhavsby anv\u00e4nder bara tv\u00e5 f\u00e4rger f\u00f6r alla byggnader (det b\u00f6rjade p\u00e5 1920-talet n\u00e4r en baron skapade traditionen)\" class=\"read-more\" href=\"https:\/\/www.journee-mondiale.com\/se\/denna-medelhavsby-anvander-bara-tva-farger-for-alla-byggnader-det-borjade-pa-1920-talet-nar-en-baron-skapade-traditionen\/\" aria-label=\"L\u00e4s mer om Denna medelhavsby anv\u00e4nder bara tv\u00e5 f\u00e4rger f\u00f6r alla byggnader (det b\u00f6rjade p\u00e5 1920-talet n\u00e4r en baron skapade traditionen)\">Lire plus<\/a><\/p>\n","protected":false},"author":1,"featured_media":12997,"comment_status":"","ping_status":"","sticky":false,"template":"","format":"standard","meta":{"footnotes":""},"categories":[48],"tags":[],"class_list":["post-12998","post","type-post","status-publish","format-standard","has-post-thumbnail","hentry","category-resa"],"acf":[],"_yoast_wpseo_primary_category":null,"_yoast_wpseo_title":null,"_yoast_wpseo_metadesc":null,"_links":{"self":[{"href":"https:\/\/www.journee-mondiale.com\/se\/wp-json\/wp\/v2\/posts\/12998","targetHints":{"allow":["GET"]}}],"collection":[{"href":"https:\/\/www.journee-mondiale.com\/se\/wp-json\/wp\/v2\/posts"}],"about":[{"href":"https:\/\/www.journee-mondiale.com\/se\/wp-json\/wp\/v2\/types\/post"}],"author":[{"embeddable":true,"href":"https:\/\/www.journee-mondiale.com\/se\/wp-json\/wp\/v2\/users\/1"}],"replies":[{"embeddable":true,"href":"https:\/\/www.journee-mondiale.com\/se\/wp-json\/wp\/v2\/comments?post=12998"}],"version-history":[{"count":0,"href":"https:\/\/www.journee-mondiale.com\/se\/wp-json\/wp\/v2\/posts\/12998\/revisions"}],"wp:featuredmedia":[{"embeddable":true,"href":"https:\/\/www.journee-mondiale.com\/se\/wp-json\/wp\/v2\/media\/12997"}],"wp:attachment":[{"href":"https:\/\/www.journee-mondiale.com\/se\/wp-json\/wp\/v2\/media?parent=12998"}],"wp:term":[{"taxonomy":"category","embeddable":true,"href":"https:\/\/www.journee-mondiale.com\/se\/wp-json\/wp\/v2\/categories?post=12998"},{"taxonomy":"post_tag","embeddable":true,"href":"https:\/\/www.journee-mondiale.com\/se\/wp-json\/wp\/v2\/tags?post=12998"}],"curies":[{"name":"wp","href":"https:\/\/api.w.org\/{rel}","templated":true}]}}