{"id":12982,"date":"2025-04-10T14:06:51","date_gmt":"2025-04-10T18:06:51","guid":{"rendered":"https:\/\/www.journee-mondiale.com\/se\/denna-sanddyn-slukar-en-hel-skog-i-frankrike-106-meter-hog-och-vaxer-5-meter-om-aret\/"},"modified":"2025-04-10T14:06:51","modified_gmt":"2025-04-10T18:06:51","slug":"denna-sanddyn-slukar-en-hel-skog-i-frankrike-106-meter-hog-och-vaxer-5-meter-om-aret","status":"publish","type":"post","link":"https:\/\/www.journee-mondiale.com\/se\/denna-sanddyn-slukar-en-hel-skog-i-frankrike-106-meter-hog-och-vaxer-5-meter-om-aret\/","title":{"rendered":"Denna sanddyn slukar en hel skog i Frankrike (106 meter h\u00f6g och v\u00e4xer 5 meter om \u00e5ret)"},"content":{"rendered":"<p>Europas h\u00f6gsta sanddyn bjuder inte bara p\u00e5 hisnande vyer \u00f6ver Atlanten och Arcachonbukten, utan \u00e4ven p\u00e5 en dynamisk naturkraft som st\u00e4ndigt f\u00f6r\u00e4ndras. Dune du Pilat i sydv\u00e4stra Frankrike \u00e4r ett andl\u00f6s naturfenomen som \u00e5rligen lockar \u00f6ver tv\u00e5 miljoner bes\u00f6kare \u2013 \u00e4nd\u00e5 k\u00e4nner f\u00f6rv\u00e5nansv\u00e4rt f\u00e5 svenskar till denna kolossala sandformation som l\u00e5ngsamt slukar allt i sin v\u00e4g.<\/p>\n<h2>En sandens gigant som st\u00e4ndigt v\u00e4xer<\/h2>\n<p>Majest\u00e4tiskt tronar Dune du Pilat 106 meter \u00f6ver havsytan i regionen Nouvelle-Aquitaine, bara 60 kilometer fr\u00e5n Bordeaux. Denna koloss av fin sand str\u00e4cker sig 2,7 kilometer l\u00e4ngs kusten och avancerar \u00e5rligen 1-5 meter in\u00e5t land, l\u00e5ngsamt men obevekligt slukande den omgivande Teste-de-Buch-skogen. Det \u00e4r en naturkraft i r\u00f6relse som fascinerande nog kan bevittnas i realtid.<\/p>\n<h2>Kl\u00e4ttra uppf\u00f6r Europas m\u00e4ktigaste sanddyn<\/h2>\n<p>Under sommarm\u00e5naderna installeras en tr\u00e4trappa f\u00f6r att underl\u00e4tta uppstigningen, men m\u00e5nga v\u00e4ljer \u00e4nd\u00e5 den rena sandv\u00e4gen f\u00f6r en mer autentisk upplevelse. Den anstr\u00e4ngande kl\u00e4ttringen bel\u00f6nas med en panoramavy som f\u00e5r de flesta att tappa andan \u2013 Atlantens djupbl\u00e5 horisont m\u00f6ter den smaragdgr\u00f6na skogen i ett spektakul\u00e4rt f\u00e4rgspel som p\u00e5minner om <a href=\"https:\/\/www.journee-mondiale.com\/se\/denna-franska-canyon-har-europas-mest-turkosfargade-vatten-djupare-an-700-meter-och-fortfarande-okand-for-svenskar\/\" target=\"_blank\">Frankrikes turkosf\u00e4rgade canyons<\/a>.<\/p>\n<blockquote><p>&#8221;N\u00e4r solljuset tr\u00e4ffar sanden vid solnedg\u00e5ngen skapas en n\u00e4stan \u00f6vernaturlig gl\u00f6d, som om dynen vore doppad i flytande guld \u2013 inte helt olikt <a href=\"https:\/\/www.journee-mondiale.com\/se\/denna-franska-by-ar-doppad-i-eldrott-pigment-invanarna-bygger-sina-hem-av-jord-som-lyser-i-25-olika-nyanser\/\" target=\"_blank\">Frankrikes eldr\u00f6da byar<\/a>,&#8221; ber\u00e4ttar Jean-Pierre Seguin, lokal naturguide sedan 25 \u00e5r.<\/p><\/blockquote>\n<h2>Ett levande landskap med mytisk bakgrund<\/h2>\n<p>Lokalbefolkningen ber\u00e4ttar g\u00e4rna legenderna om hur dynen uppstod. Enligt en gammal gasconsk folks\u00e4gen skapades den n\u00e4r en j\u00e4tte rensade sina sandaler efter en l\u00e5ng vandring l\u00e4ngs Atlantkusten. Namnet &#8221;Pilat&#8221; kommer fr\u00e5n det gasconska ordet &#8221;pilhar&#8221; som betyder h\u00f6g eller kulle \u2013 ett passande namn f\u00f6r denna naturens katedral.<\/p>\n<h2>Perfekt f\u00f6r \u00e4ventyrliga sj\u00e4lar<\/h2>\n<p>F\u00f6r den \u00e4ventyrslystne erbjuder dynen mer \u00e4n bara vandring. Paragliding fr\u00e5n toppen har blivit alltmer popul\u00e4rt, d\u00e4r modiga sj\u00e4lar seglar p\u00e5 termikerna \u00f6ver Arcachonbukten. Under sommarm\u00e5naderna arrangeras \u00e4ven guidade m\u00e5nvandringarturer \u2013 en magisk upplevelse n\u00e4r sanden skimrar silvervit i m\u00e5nskenet.<\/p>\n<h2>Ett ekosystem i kamp<\/h2>\n<p>Dynen \u00e4r inte bara ett naturfenomen utan ocks\u00e5 ett unikt ekosystem. I m\u00f6tet mellan sand, hav och skog har en speciell flora och fauna utvecklats. S\u00e4rskilt anm\u00e4rkningsv\u00e4rt \u00e4r hur tallar och marhalm tappert k\u00e4mpar f\u00f6r att f\u00e5 f\u00e4ste i den st\u00e4ndigt f\u00f6r\u00e4nderliga milj\u00f6n, p\u00e5minnande om naturens motst\u00e5ndskraft som \u00e4ven syns i <a href=\"https:\/\/www.journee-mondiale.com\/se\/denna-vulkano-overlevde-11-000-evakueringar-och-ger-varldens-aldsta-vin-prinsessan-av-det-egeiska-havet-vaknar-2025\/\" target=\"_blank\">vulkaniska milj\u00f6er runt Medelhavet<\/a>.<\/p>\n<h2>Praktiska tips f\u00f6r bes\u00f6kare<\/h2>\n<p>Bes\u00f6k tidigt p\u00e5 morgonen eller sent p\u00e5 eftermiddagen f\u00f6r att undvika b\u00e5de folkmassor och den starkaste hettan. Sommartid kan parkeringen bli fullbelagd innan lunchtid. Ta med rikligt med vatten och solskydd \u2013 p\u00e5 dynen finns ingen naturlig skugga. Bekv\u00e4ma skor rekommenderas, trots att m\u00e5nga v\u00e4ljer att utforska barfota n\u00e4r de v\u00e4l n\u00e5tt toppen.<\/p>\n<blockquote><p>&#8221;De flesta turisterna stannar bara en timme, men f\u00f6r att verkligen uppleva dynens magi, stanna tills solnedg\u00e5ngen. Det \u00e4r d\u00e5 f\u00e4rgerna exploderar och sanden b\u00f6rjar viska sina hemligheter,&#8221; s\u00e4ger Marie Dubois, lokalinv\u00e5nare i La Teste-de-Buch.<\/p><\/blockquote>\n<h2>Kulinariska upplevelser efter \u00e4ventyret<\/h2>\n<p>Efter kl\u00e4ttringen v\u00e4ntar Arcachonbuktens kulinariska skatter. Omr\u00e5det \u00e4r ber\u00f6mt f\u00f6r sina ostron som serveras f\u00e4rska med bara en skv\u00e4tt citron. Prova ocks\u00e5 den lokala specialiteten &#8221;lamproie \u00e0 la bordelaise&#8221; \u2013 en traditionell fiskr\u00e4tt som tillagas med r\u00f6dvin fr\u00e5n n\u00e4rliggande Bordeaux.<\/p>\n<h2>En g\u00f6md tropisk upplevelse i Europa<\/h2>\n<p>Med sin kombination av \u00e4ventyr, natursk\u00f6nhet och gastronomiska upplevelser erbjuder Dune du Pilat en exotisk k\u00e4nsla inom Europas gr\u00e4nser, n\u00e4stan som ett <a href=\"https:\/\/www.journee-mondiale.com\/se\/denna-tropiska-bukt-doljer-ett-flytande-smaragdparadis-som-svenskar-knappt-upptackt-vattnets-farg-forandras-med-solen\/\" target=\"_blank\">smaragdparadis g\u00f6mt i en tropisk bukt<\/a>. F\u00f6r svenskar som s\u00f6ker n\u00e5got bortom de vanliga turistdestinationerna \u00e4r detta en perfekt weekendutflykt som kombinerar naturunder med fransk livsstil.<\/p>\n<h2>Ett naturunder i f\u00f6r\u00e4ndring<\/h2>\n<p>Forskare f\u00f6ljer noggrant dynens f\u00f6rflyttning d\u00e5 den l\u00e5ngsamt men obevekligt kryper in\u00e5t land. Denna process har redan slukat flera byggnader och forts\u00e4tter ohejdat \u2013 ett levande exempel p\u00e5 naturens kraft och st\u00e4ndiga f\u00f6r\u00e4ndring, liknande de <a href=\"https:\/\/www.journee-mondiale.com\/se\/denna-nationalpark-gommer-92-vattenfall-som-skiftar-fran-smaragdgront-till-djupblatt-kroatiens-aldsta-naturunder-vaxer-1-cm-per-ar\/\" target=\"_blank\">v\u00e4xande vattenfallen i Kroatiens nationalparker<\/a>.<\/p>\n<p>Dune du Pilat st\u00e5r som ett monument \u00f6ver naturens outgrundliga makt \u2013 en sandens katedral som st\u00e4ndigt omskapar sig sj\u00e4lv. N\u00e4r du st\u00e5r p\u00e5 toppen med vinden i h\u00e5ret och blicken svepande \u00f6ver det glittrande havet f\u00f6rst\u00e5r du varf\u00f6r denna plats betraktas som ett av Frankrikes mest spektakul\u00e4ra naturunder, v\u00e4l v\u00e4rt den anstr\u00e4ngande kl\u00e4ttringen.<\/p>\n","protected":false},"excerpt":{"rendered":"<p>Europas h\u00f6gsta sanddyn bjuder inte bara p\u00e5 hisnande vyer \u00f6ver Atlanten och Arcachonbukten, utan \u00e4ven p\u00e5 en dynamisk naturkraft som st\u00e4ndigt f\u00f6r\u00e4ndras. Dune du Pilat i sydv\u00e4stra Frankrike \u00e4r ett andl\u00f6s naturfenomen som \u00e5rligen lockar \u00f6ver tv\u00e5 miljoner bes\u00f6kare \u2013 \u00e4nd\u00e5 k\u00e4nner f\u00f6rv\u00e5nansv\u00e4rt f\u00e5 svenskar till denna kolossala sandformation som l\u00e5ngsamt slukar allt i sin &#8230; <a title=\"Denna sanddyn slukar en hel skog i Frankrike (106 meter h\u00f6g och v\u00e4xer 5 meter om \u00e5ret)\" class=\"read-more\" href=\"https:\/\/www.journee-mondiale.com\/se\/denna-sanddyn-slukar-en-hel-skog-i-frankrike-106-meter-hog-och-vaxer-5-meter-om-aret\/\" aria-label=\"L\u00e4s mer om Denna sanddyn slukar en hel skog i Frankrike (106 meter h\u00f6g och v\u00e4xer 5 meter om \u00e5ret)\">Lire plus<\/a><\/p>\n","protected":false},"author":1,"featured_media":12981,"comment_status":"","ping_status":"","sticky":false,"template":"","format":"standard","meta":{"footnotes":""},"categories":[48],"tags":[],"class_list":["post-12982","post","type-post","status-publish","format-standard","has-post-thumbnail","hentry","category-resa"],"acf":[],"_yoast_wpseo_primary_category":null,"_yoast_wpseo_title":null,"_yoast_wpseo_metadesc":null,"_links":{"self":[{"href":"https:\/\/www.journee-mondiale.com\/se\/wp-json\/wp\/v2\/posts\/12982","targetHints":{"allow":["GET"]}}],"collection":[{"href":"https:\/\/www.journee-mondiale.com\/se\/wp-json\/wp\/v2\/posts"}],"about":[{"href":"https:\/\/www.journee-mondiale.com\/se\/wp-json\/wp\/v2\/types\/post"}],"author":[{"embeddable":true,"href":"https:\/\/www.journee-mondiale.com\/se\/wp-json\/wp\/v2\/users\/1"}],"replies":[{"embeddable":true,"href":"https:\/\/www.journee-mondiale.com\/se\/wp-json\/wp\/v2\/comments?post=12982"}],"version-history":[{"count":0,"href":"https:\/\/www.journee-mondiale.com\/se\/wp-json\/wp\/v2\/posts\/12982\/revisions"}],"wp:featuredmedia":[{"embeddable":true,"href":"https:\/\/www.journee-mondiale.com\/se\/wp-json\/wp\/v2\/media\/12981"}],"wp:attachment":[{"href":"https:\/\/www.journee-mondiale.com\/se\/wp-json\/wp\/v2\/media?parent=12982"}],"wp:term":[{"taxonomy":"category","embeddable":true,"href":"https:\/\/www.journee-mondiale.com\/se\/wp-json\/wp\/v2\/categories?post=12982"},{"taxonomy":"post_tag","embeddable":true,"href":"https:\/\/www.journee-mondiale.com\/se\/wp-json\/wp\/v2\/tags?post=12982"}],"curies":[{"name":"wp","href":"https:\/\/api.w.org\/{rel}","templated":true}]}}