{"id":12872,"date":"2025-04-02T14:05:36","date_gmt":"2025-04-02T18:05:36","guid":{"rendered":"https:\/\/www.journee-mondiale.com\/se\/denna-gomd-fransk-canyon-har-europas-mest-turkosfargade-vatten-djupare-an-700-meter-och-fortfarande-okand-for-svenskar\/"},"modified":"2025-04-02T14:05:36","modified_gmt":"2025-04-02T18:05:36","slug":"denna-gomd-fransk-canyon-har-europas-mest-turkosfargade-vatten-djupare-an-700-meter-och-fortfarande-okand-for-svenskar","status":"publish","type":"post","link":"https:\/\/www.journee-mondiale.com\/se\/denna-gomd-fransk-canyon-har-europas-mest-turkosfargade-vatten-djupare-an-700-meter-och-fortfarande-okand-for-svenskar\/","title":{"rendered":"Denna g\u00f6md fransk canyon har Europas mest turkosf\u00e4rgade vatten &#8211; djupare \u00e4n 700 meter och fortfarande ok\u00e4nd f\u00f6r svenskar"},"content":{"rendered":"<h2>Gorges du Verdon &#8211; Europas bed\u00f6vande Grand Canyon ingen ber\u00e4ttat om<\/h2>\n<p>Fastkilad mellan dramatiska kalkstensklippor med ett svindlande djup p\u00e5 700 meter slingrar sig Verdon-floden fram i en n\u00e4stan overklig turkosf\u00e4rg. Gorges du Verdon i s\u00f6dra Frankrike \u00e4r inte bara Europas djupaste canyon utan ocks\u00e5 ett av kontinentens mest h\u00e4pnadsv\u00e4ckande naturunder som fortfarande ligger utanf\u00f6r svenskarnas vanliga resestigar. N\u00e4r solljuset tr\u00e4ffar det kristallklara vattnet skapas en n\u00e4stan konstgjord skimrande smaragdton som f\u00e5r \u00e4ven den mest luttrade resen\u00e4ren att tappa andan.<\/p>\n<h3>En geologisk underverk dold i Provence<\/h3>\n<p>Denna spektakul\u00e4ra klyfta sk\u00e4r genom hj\u00e4rtat av Provence-Alpes-C\u00f4te d&#8217;Azur-regionen och str\u00e4cker sig 25 kilometer mellan byarna Castellane och Moustiers-Sainte-Marie. Formad under miljontals \u00e5r av Verdon-flodens t\u00e5lmodiga erosion har canyonen skapat ett landskap som konkurrerar med den amerikanska motsvarigheten i dramatik \u2013 men med en distinkt europeisk touch.<\/p>\n<p>&#8221;Det finns n\u00e5got magiskt med ljuset h\u00e4r,&#8221; ber\u00e4ttar Jean-Pierre Girard, lokal naturfotograf. &#8221;N\u00e4r morgondimman l\u00e4ttar och avsl\u00f6jar de vertikala klippv\u00e4ggarna reflekterade i det turkosa vattnet, k\u00e4nns det som att tiden st\u00e5r still.&#8221;<\/p>\n<h3>Castellane &#8211; porten till canyon\u00e4ventyret<\/h3>\n<p>Den medeltida byn Castellane fungerar som huvudentr\u00e9 till detta naturparadis. Dominerad av klippan &#8221;Roc&#8221; med det lilla kapellet Notre-Dame du Roc p\u00e5 toppen, erbjuder staden en perfekt blandning av provensalsk charm och \u00e4ventyrlig energi. <a href=\"https:\/\/www.journee-mondiale.com\/se\/denna-medeltida-by-gommer-en-vriden-kyrkspiralhemlighet-800-ar-gamla-murar-omringar-frankrikes-okanda-juvel\/\" target=\"_blank\">Liksom m\u00e5nga franska medeltida byar<\/a> g\u00f6mmer Castellane historiska skatter bakom sina stenmurar och tr\u00e5nga gr\u00e4nder.<\/p>\n<h3>Route des Cr\u00eates &#8211; den svindlande panoramav\u00e4gen<\/h3>\n<p>F\u00f6r den som vill uppleva canyonen i sin fulla prakt \u00e4r Route des Cr\u00eates ett m\u00e5ste. Denna 24 kilometer l\u00e5nga v\u00e4gstr\u00e4cka erbjuder hisnande utsiktsplatser d\u00e4r man kan blicka ned i avgrunden och \u00f6ver det smaragdgr\u00f6na vattnet som sk\u00e4r genom landskapet. Vid Point Sublime kan du f\u00e5nga den perfekta panoramabilden, men kom tidigt \u2013 denna plats f\u00f6rtj\u00e4nar sitt namn och lockar bes\u00f6kare.<\/p>\n<h3>\u00c4ventyr f\u00f6r varje adrenalinniv\u00e5<\/h3>\n<p>Fr\u00e5n stillsam paddling p\u00e5 Lac de Sainte-Croix till h\u00e5rresande kl\u00e4ttring p\u00e5 de vertikala klippv\u00e4ggarna \u2013 h\u00e4r finns aktiviteter f\u00f6r alla. Canyonen har \u00f6ver 1500 kl\u00e4tterleder och \u00e4r ett mecka f\u00f6r bergskl\u00e4ttrare fr\u00e5n hela v\u00e4rlden. F\u00f6r vandrare erbjuder Sentier Blanc-Martel en of\u00f6rgl\u00f6mlig vandring genom hj\u00e4rtat av canyonen.<\/p>\n<p>&#8221;Detta \u00e4r ett av f\u00e5 st\u00e4llen i Europa d\u00e4r naturens r\u00e5a kraft fortfarande dominerar,&#8221; f\u00f6rklarar Claude Benoit, lokal bergsfgguide med 30 \u00e5rs erfarenhet. &#8221;Varje g\u00e5ng jag tar med bes\u00f6kare hit ser jag samma f\u00f6rv\u00e5ning i deras \u00f6gon.&#8221;<\/p>\n<h3>Den g\u00f6mda v\u00e4rlden under ytan<\/h3>\n<p>Den turkosa vattenv\u00e4gen lockar kanotister och kajakpaddlare att utforska canyonen fr\u00e5n ett helt annat perspektiv. <a href=\"https:\/\/www.journee-mondiale.com\/se\/denna-tropiska-bukt-doljer-ett-flytande-smaragdparadis-som-svenskar-knappt-upptackt-vattnets-farg-forandras-med-solen\/\" target=\"_blank\">Precis som i tropiska paradis f\u00f6r\u00e4ndras vattnets f\u00e4rg med solen<\/a>, fr\u00e5n djup jadegr\u00f6n till elektrisk turkos. H\u00e4r paddlar du genom tr\u00e5nga passager d\u00e4r klippv\u00e4ggarna reser sig hundratals meter p\u00e5 b\u00e5da sidor.<\/p>\n<h3>Moustiers-Sainte-Marie &#8211; porslinets by<\/h3>\n<p>I canyonens \u00f6stra \u00e4nde ligger den pittoreska byn Moustiers-Sainte-Marie, k\u00e4nd f\u00f6r sin handgjorda fajans och keramik sedan 1600-talet. Inkl\u00e4md mellan tv\u00e5 klippv\u00e4ggar med en stj\u00e4rna h\u00e4ngande p\u00e5 en kedja mellan topparna \u00e4r detta en av &#8221;Frankrikes vackraste byar&#8221; och ett perfekt stopp f\u00f6r en provensalsk lunch.<\/p>\n<h3>B\u00e4sta tiden att bes\u00f6ka<\/h3>\n<p>Undvik h\u00f6gs\u00e4songen juli-augusti n\u00e4r turistbussar dominerar. Ist\u00e4llet rekommenderas sent v\u00e5ren (maj-juni) eller tidig h\u00f6st (september) n\u00e4r temperaturen \u00e4r behaglig och naturen visar sig fr\u00e5n sin b\u00e4sta sida. <a href=\"https:\/\/www.journee-mondiale.com\/se\/denna-franska-kustplats-gommer-70-meter-hoga-kalkstensklippor-dar-monet-malade-masterverk-fa-svenskar-upptacker-naturens-egen-konsthall\/\" target=\"_blank\">Precis som vid Normandies kalkstensklippor<\/a> erbjuder ljuset under dessa perioder magiska f\u00f6ruts\u00e4ttningar f\u00f6r fotografer.<\/p>\n<h3>\u00d6vernatta i hj\u00e4rtat av naturen<\/h3>\n<p>F\u00f6r en autentisk upplevelse, v\u00e4lj n\u00e5got av de familje\u00e4gda pensionaten (chambres d&#8217;h\u00f4tes) som kl\u00e4ttrar p\u00e5 sluttningarna kring canyonen. <a href=\"https:\/\/www.journee-mondiale.com\/se\/denna-franska-by-gommer-en-tropisk-tradgard-vid-branta-klippor-honungsfargade-hus-vaxer-direkt-ur-berget-som-fa-svenskar-upptackt\/\" target=\"_blank\">H\u00e4r finns charmiga byar d\u00e4r husen tycks v\u00e4xa direkt ur berget<\/a>, vilket erbjuder en unik \u00f6vernattningsupplevelse.<\/p>\n<h3>Ett g\u00f6mt \u00e4ventyr v\u00e4rt omv\u00e4gen<\/h3>\n<p>Gorges du Verdon kanske inte ligger p\u00e5 svenskars vanliga resrutt i Frankrike, men denna naturens katedrall f\u00f6rtj\u00e4nar en omv\u00e4g. <a href=\"https:\/\/www.journee-mondiale.com\/se\/denna-vildmarkshighway-gommer-marmorpalats-och-hangande-glaciarer-svenskar-forbiser-patagoniens-mest-magiska-aventyr\/\" target=\"_blank\">Liksom Patagoniens vildmarkshighway<\/a> erbjuder Gorges du Verdon ett \u00e4ventyr som kombinerar naturens storslagenhet med lokal kultur. N\u00e4r du f\u00f6rst blickar ut \u00f6ver det turkosgr\u00f6na vattnet som sk\u00e4r genom de vita kalkstensklipporna f\u00f6rst\u00e5r du varf\u00f6r denna plats f\u00f6rtrollat bes\u00f6kare i generationer.<\/p>\n","protected":false},"excerpt":{"rendered":"<p>Gorges du Verdon &#8211; Europas bed\u00f6vande Grand Canyon ingen ber\u00e4ttat om Fastkilad mellan dramatiska kalkstensklippor med ett svindlande djup p\u00e5 700 meter slingrar sig Verdon-floden fram i en n\u00e4stan overklig turkosf\u00e4rg. Gorges du Verdon i s\u00f6dra Frankrike \u00e4r inte bara Europas djupaste canyon utan ocks\u00e5 ett av kontinentens mest h\u00e4pnadsv\u00e4ckande naturunder som fortfarande ligger utanf\u00f6r &#8230; <a title=\"Denna g\u00f6md fransk canyon har Europas mest turkosf\u00e4rgade vatten &#8211; djupare \u00e4n 700 meter och fortfarande ok\u00e4nd f\u00f6r svenskar\" class=\"read-more\" href=\"https:\/\/www.journee-mondiale.com\/se\/denna-gomd-fransk-canyon-har-europas-mest-turkosfargade-vatten-djupare-an-700-meter-och-fortfarande-okand-for-svenskar\/\" aria-label=\"L\u00e4s mer om Denna g\u00f6md fransk canyon har Europas mest turkosf\u00e4rgade vatten &#8211; djupare \u00e4n 700 meter och fortfarande ok\u00e4nd f\u00f6r svenskar\">Lire plus<\/a><\/p>\n","protected":false},"author":1,"featured_media":12871,"comment_status":"","ping_status":"","sticky":false,"template":"","format":"standard","meta":{"footnotes":""},"categories":[48],"tags":[],"class_list":["post-12872","post","type-post","status-publish","format-standard","has-post-thumbnail","hentry","category-resa"],"acf":[],"_yoast_wpseo_primary_category":null,"_yoast_wpseo_title":null,"_yoast_wpseo_metadesc":null,"_links":{"self":[{"href":"https:\/\/www.journee-mondiale.com\/se\/wp-json\/wp\/v2\/posts\/12872","targetHints":{"allow":["GET"]}}],"collection":[{"href":"https:\/\/www.journee-mondiale.com\/se\/wp-json\/wp\/v2\/posts"}],"about":[{"href":"https:\/\/www.journee-mondiale.com\/se\/wp-json\/wp\/v2\/types\/post"}],"author":[{"embeddable":true,"href":"https:\/\/www.journee-mondiale.com\/se\/wp-json\/wp\/v2\/users\/1"}],"replies":[{"embeddable":true,"href":"https:\/\/www.journee-mondiale.com\/se\/wp-json\/wp\/v2\/comments?post=12872"}],"version-history":[{"count":0,"href":"https:\/\/www.journee-mondiale.com\/se\/wp-json\/wp\/v2\/posts\/12872\/revisions"}],"wp:featuredmedia":[{"embeddable":true,"href":"https:\/\/www.journee-mondiale.com\/se\/wp-json\/wp\/v2\/media\/12871"}],"wp:attachment":[{"href":"https:\/\/www.journee-mondiale.com\/se\/wp-json\/wp\/v2\/media?parent=12872"}],"wp:term":[{"taxonomy":"category","embeddable":true,"href":"https:\/\/www.journee-mondiale.com\/se\/wp-json\/wp\/v2\/categories?post=12872"},{"taxonomy":"post_tag","embeddable":true,"href":"https:\/\/www.journee-mondiale.com\/se\/wp-json\/wp\/v2\/tags?post=12872"}],"curies":[{"name":"wp","href":"https:\/\/api.w.org\/{rel}","templated":true}]}}