{"id":12822,"date":"2025-03-30T03:06:20","date_gmt":"2025-03-30T07:06:20","guid":{"rendered":"https:\/\/www.journee-mondiale.com\/se\/jag-anvande-plattang-i-15-ar-innan-frisoren-visade-mig-detta-om-shag-klippningen-med-curtain-bangs-3x-mer-volym\/"},"modified":"2025-03-30T03:06:20","modified_gmt":"2025-03-30T07:06:20","slug":"jag-anvande-plattang-i-15-ar-innan-frisoren-visade-mig-detta-om-shag-klippningen-med-curtain-bangs-3x-mer-volym","status":"publish","type":"post","link":"https:\/\/www.journee-mondiale.com\/se\/jag-anvande-plattang-i-15-ar-innan-frisoren-visade-mig-detta-om-shag-klippningen-med-curtain-bangs-3x-mer-volym\/","title":{"rendered":"Jag anv\u00e4nde platt\u00e5ng i 15 \u00e5r innan fris\u00f6ren visade mig detta om shag klippningen med curtain bangs (3x mer volym)"},"content":{"rendered":"<p>Spring is here, and it&#8217;s the perfect time to revamp your hairstyle! The <strong>shag haircut with curtain bangs<\/strong> is making waves in 2025, offering that effortless blend of modern edge and bohemian volume we&#8217;re all craving after winter. This retro-inspired yet thoroughly contemporary style has become the go-to look for those seeking dimension without high maintenance.<\/p>\n<h2>The resurgence of the modern shag<\/h2>\n<p>The shag haircut has evolved significantly since its 1970s heyday. Today&#8217;s version maintains the <strong>signature layers<\/strong> but with a softer, more refined approach. &#8221;The modern shag is all about movement and customization,&#8221; explains Maria Eriksson, stylist at Stockholm Hair Design. &#8221;It&#8217;s less about the dramatic choppy layers of the past and more about creating a personalized shape that enhances your natural texture.&#8221;<\/p>\n<p>What makes this cut unique is how versatile it is across <strong>different hair types<\/strong> and face shapes. From fine straight hair to thick curls, the layered technique creates volume where needed and reduces bulk where it isn&#8217;t.<\/p>\n<h2>Curtain bangs: The perfect face-framing companion<\/h2>\n<p>Adding <strong>curtain bangs<\/strong> (or &#8221;frange rideau&#8221; as the French so elegantly call them) takes the shag to another level. Unlike traditional straight-across bangs, these part in the middle and elegantly frame the face like theater curtains.<\/p>\n<p>&#8221;Curtain bangs are the gateway fringe for those who&#8217;ve been hesitant about bangs,&#8221; says Thomas Nilsson, celebrity hairstylist. &#8221;They&#8217;re low-commitment and grow out beautifully, blending into the rest of your hair like they were always meant to be there.&#8221; For those who&#8217;ve struggled with thin hair, <a href=\"https:\/\/www.journee-mondiale.com\/se\/jag-gjorde-misstaget-att-klippa-mitt-tunna-har-kort-och-upptackte-denna-franska-teknik-som-gav-mig-3x-mer-volym\/\" target=\"_blank\">this French technique can triple your volume<\/a>.<\/p>\n<h2>Why this combo creates that coveted bohemian volume<\/h2>\n<p>Like a garden that thrives with strategic pruning, the shag creates <strong>volume through subtraction<\/strong>. By removing weight in the right places, hair naturally lifts and moves more freely. When paired with curtain bangs, the overall effect is that effortlessly cool, &#8221;I woke up like this&#8221; vibe that defines bohemian style.<\/p>\n<p>For those concerned about aging, this style can be particularly flattering, as <a href=\"https:\/\/www.journee-mondiale.com\/se\/10-korta-frisyrer-som-doljer-los-halshud-dessa-gjorde-storst-skillnad\/\" target=\"_blank\">certain short hairstyles can mask loose neck skin<\/a> and create a more youthful appearance.<\/p>\n<h2>Styling your shag and curtain bangs for maximum impact<\/h2>\n<blockquote><p>I once had a client who described her new shag haircut as &#8217;finally allowing her hair to breathe.&#8217; It&#8217;s true\u2014this cut liberates your hair&#8217;s natural tendency to move and flow.<\/p><\/blockquote>\n<p>To style your modern shag with curtain bangs:<\/p>\n<ul>\n<li>Apply <strong>texturizing product<\/strong> to damp hair, focusing on the roots for lift<\/li>\n<li>Blow dry with a round brush, directing the bangs away from the face<\/li>\n<li>Finish with a lightweight pomade to define layers and create piece-y separation<\/li>\n<li>Avoid over-styling\u2014this look thrives on a bit of beautiful chaos<\/li>\n<\/ul>\n<h2>Seasonal adaptation: Spring 2025 shag styling<\/h2>\n<p>For spring 2025, we&#8217;re seeing shaggier styles paired with <strong>warmer tones<\/strong> and subtle highlights to enhance dimension. If you&#8217;re experiencing changes in your hair&#8217;s thickness, know that there are solutions\u2014some women have <a href=\"https:\/\/www.journee-mondiale.com\/se\/trichologist-min-mamma-forlorade-40-av-haret-efter-menopaus-sa-har-aterfick-hon-volym-pa-bara-8-veckor\/\" target=\"_blank\">regained volume after significant hair loss<\/a> with the right approach.<\/p>\n<h2>Common styling mistakes to avoid<\/h2>\n<p>Many people make these common errors when styling their shag:<\/p>\n<ul>\n<li>Using too much product, which weighs down the layers<\/li>\n<li>Straightening too much, which defeats the volumizing purpose<\/li>\n<li>Neglecting the curtain bangs, which need specific styling attention<\/li>\n<\/ul>\n<p>If you want to add beachy waves to your shag, <a href=\"https:\/\/www.journee-mondiale.com\/se\/jag-anvande-min-mammas-plattang-fel-i-15-ar-hemligheten-till-perfekta-beach-waves\/\" target=\"_blank\">there&#8217;s a correct way to use your flat iron<\/a> that many people don&#8217;t know about.<\/p>\n<h2>Which face shapes benefit most from this style?<\/h2>\n<p>Like a custom-tailored garment, the shag with curtain bangs can be adjusted to flatter any face. For those with more pronounced features, <a href=\"https:\/\/www.journee-mondiale.com\/se\/frisoren-visade-mig-7-texturer-som-mjukar-upp-markanta-ansiktsdrag-3-av-dem-forandrade-allt\/\" target=\"_blank\">certain textures can soften distinctive facial features<\/a> dramatically.<\/p>\n<p>Are you ready to embrace the liberating feeling of a style that&#8217;s both carefree and sophisticated? This spring, the shag with curtain bangs isn&#8217;t just a haircut\u2014it&#8217;s a statement of modern bohemian confidence that grows more beautiful with every toss and turn.<\/p>\n","protected":false},"excerpt":{"rendered":"<p>Spring is here, and it&#8217;s the perfect time to revamp your hairstyle! The shag haircut with curtain bangs is making waves in 2025, offering that effortless blend of modern edge and bohemian volume we&#8217;re all craving after winter. This retro-inspired yet thoroughly contemporary style has become the go-to look for those seeking dimension without high &#8230; <a title=\"Jag anv\u00e4nde platt\u00e5ng i 15 \u00e5r innan fris\u00f6ren visade mig detta om shag klippningen med curtain bangs (3x mer volym)\" class=\"read-more\" href=\"https:\/\/www.journee-mondiale.com\/se\/jag-anvande-plattang-i-15-ar-innan-frisoren-visade-mig-detta-om-shag-klippningen-med-curtain-bangs-3x-mer-volym\/\" aria-label=\"L\u00e4s mer om Jag anv\u00e4nde platt\u00e5ng i 15 \u00e5r innan fris\u00f6ren visade mig detta om shag klippningen med curtain bangs (3x mer volym)\">Lire plus<\/a><\/p>\n","protected":false},"author":1,"featured_media":12821,"comment_status":"","ping_status":"","sticky":false,"template":"","format":"standard","meta":{"footnotes":""},"categories":[37],"tags":[],"class_list":["post-12822","post","type-post","status-publish","format-standard","has-post-thumbnail","hentry","category-livsstil"],"acf":[],"_yoast_wpseo_primary_category":null,"_yoast_wpseo_title":null,"_yoast_wpseo_metadesc":null,"_links":{"self":[{"href":"https:\/\/www.journee-mondiale.com\/se\/wp-json\/wp\/v2\/posts\/12822","targetHints":{"allow":["GET"]}}],"collection":[{"href":"https:\/\/www.journee-mondiale.com\/se\/wp-json\/wp\/v2\/posts"}],"about":[{"href":"https:\/\/www.journee-mondiale.com\/se\/wp-json\/wp\/v2\/types\/post"}],"author":[{"embeddable":true,"href":"https:\/\/www.journee-mondiale.com\/se\/wp-json\/wp\/v2\/users\/1"}],"replies":[{"embeddable":true,"href":"https:\/\/www.journee-mondiale.com\/se\/wp-json\/wp\/v2\/comments?post=12822"}],"version-history":[{"count":0,"href":"https:\/\/www.journee-mondiale.com\/se\/wp-json\/wp\/v2\/posts\/12822\/revisions"}],"wp:featuredmedia":[{"embeddable":true,"href":"https:\/\/www.journee-mondiale.com\/se\/wp-json\/wp\/v2\/media\/12821"}],"wp:attachment":[{"href":"https:\/\/www.journee-mondiale.com\/se\/wp-json\/wp\/v2\/media?parent=12822"}],"wp:term":[{"taxonomy":"category","embeddable":true,"href":"https:\/\/www.journee-mondiale.com\/se\/wp-json\/wp\/v2\/categories?post=12822"},{"taxonomy":"post_tag","embeddable":true,"href":"https:\/\/www.journee-mondiale.com\/se\/wp-json\/wp\/v2\/tags?post=12822"}],"curies":[{"name":"wp","href":"https:\/\/api.w.org\/{rel}","templated":true}]}}