{"id":12818,"date":"2025-03-29T14:06:03","date_gmt":"2025-03-29T18:06:03","guid":{"rendered":"https:\/\/www.journee-mondiale.com\/se\/denna-franska-kuststracka-doljer-300-miljoner-ar-gamla-rosa-skulpturer-som-skiftar-farg-nar-solen-gar-ner-fa-svenskar-kanner-till-detta-naturunder\/"},"modified":"2025-03-29T14:06:03","modified_gmt":"2025-03-29T18:06:03","slug":"denna-franska-kuststracka-doljer-300-miljoner-ar-gamla-rosa-skulpturer-som-skiftar-farg-nar-solen-gar-ner-fa-svenskar-kanner-till-detta-naturunder","status":"publish","type":"post","link":"https:\/\/www.journee-mondiale.com\/se\/denna-franska-kuststracka-doljer-300-miljoner-ar-gamla-rosa-skulpturer-som-skiftar-farg-nar-solen-gar-ner-fa-svenskar-kanner-till-detta-naturunder\/","title":{"rendered":"Denna franska kuststr\u00e4cka d\u00f6ljer 300 miljoner \u00e5r gamla rosa skulpturer som skiftar f\u00e4rg n\u00e4r solen g\u00e5r ner (f\u00e5 svenskar k\u00e4nner till detta naturunder)"},"content":{"rendered":"<p>Rosa granitklippor glittrar i solnedg\u00e5ngen l\u00e4ngs C\u00f4te de Granit Rose \u2013 en av Frankrikes mest spektakul\u00e4ra kuststr\u00e4ckor som f\u00f6rblir \u00f6verraskande ok\u00e4nd f\u00f6r svenska resen\u00e4rer. Denna 30 kilometer l\u00e5nga kuststr\u00e4cka i Bretagne erbjuder ett naturens konstverk som skiftar i f\u00e4rg fr\u00e5n mjukt rosa till rostf\u00e4rgat beroende p\u00e5 dagens ljus. H\u00e4r m\u00f6ter Atlantens dramatiska v\u00e5gor en strandlinje som formats under miljontals \u00e5r till fantasieggande skulpturer av vindar och hav.<\/p>\n<h2>Den rosa kusten \u2013 ett geologiskt under i Bretagne<\/h2>\n<p>C\u00f4te de Granit Rose str\u00e4cker sig mellan Plestin-les-Gr\u00e8ves och Louannec i Bretagnes nordv\u00e4stra h\u00f6rn. Omr\u00e5dets unika rosa granit bildades f\u00f6r \u00f6ver 300 miljoner \u00e5r sedan och har eroderat till mjuka, rundade former som skapar ett n\u00e4stan surrealistiskt landskap. Ljusfenomenet blir s\u00e4rskilt magiskt under gyllene timmen, d\u00e5 solens str\u00e5lar f\u00e5r stenarna att gl\u00f6da i varma nyanser.<\/p>\n<p>Som en lokalinv\u00e5nare ber\u00e4ttade f\u00f6r mig: <\/p>\n<blockquote><p>&#8221;F\u00f6r oss bretagner \u00e4r de rosa klipporna som levande v\u00e4sen. De skiftar f\u00e4rg med v\u00e4dret och \u00e5rstiden \u2013 ibland blekrosa som flamingof\u00e5glar, ibland djupt r\u00f6daktiga som h\u00f6stl\u00f6v.&#8221;<\/p><\/blockquote>\n<h2>Perros-Guirec \u2013 den perfekta utg\u00e5ngspunkten<\/h2>\n<p>Den charmiga badorten Perros-Guirec fungerar som en utm\u00e4rkt bas f\u00f6r att utforska omr\u00e5det. Med sina tre vidstr\u00e4ckta sandstr\u00e4nder (Trestraou, La Clart\u00e9 och Trestrignel) lockar staden b\u00e5de soldyrkare och vattensportsentusiaster. Den livliga hamnen och det pittoreska centrumet erbjuder uteserveringar d\u00e4r du kan avnjuta f\u00e4rska ostron med ett glas lokalt vitt vin.<\/p>\n<p>F\u00f6r familjer med barn \u00e4r <a href=\"https:\/\/www.journee-mondiale.com\/se\/denna-engelska-by-hyllas-som-landets-vackraste-men-dess-700-ariga-industrihemlighet-och-japanska-koppling-forblir-dold-for-turistmassorna\/\" target=\"_blank\">stadens barnv\u00e4nliga str\u00e4nder<\/a> och det intressanta havscentrumet h\u00f6jdpunkter som garanterar b\u00e5de underh\u00e5llning och l\u00e4rande.<\/p>\n<h2>Ploumanac&#8217;h \u2013 fiskebyn som f\u00f6rtrollar alla sinnen<\/h2>\n<p>N\u00e5gra kilometer v\u00e4sterut fr\u00e5n Perros-Guirec ligger den sagolika fiskebyn Ploumanac&#8217;h, utsedd till &#8221;Frankrikes vackraste by&#8221; 2015. H\u00e4r tr\u00e4ngs rosa granitformationer i de mest fantastiska konstellationer \u2013 fr\u00e5n gigantiska svampar till djurfigurer som stimulerar fantasin. Den ikoniska fyren &#8221;Phare de Ploumanac&#8217;h&#8221; st\u00e5r majest\u00e4tiskt p\u00e5 sina rosa granitklippor och guidar sj\u00f6farare sedan 1860.<\/p>\n<h2>Sentier des Douaniers \u2013 vandring l\u00e4ngs tullmansleden<\/h2>\n<p>En av de mest fascinerande upplevelserna \u00e4r att vandra l\u00e4ngs den historiska tullmansleden (GR-34) som erbjuder en spektakul\u00e4r utsikt \u00f6ver den rosa kusten. Denna slingriga stig som en g\u00e5ng anv\u00e4ndes av tulltj\u00e4nstem\u00e4n f\u00f6r att f\u00e5nga smugglare tar dig genom ett landskap som p\u00e5minner om en annan planet.<\/p>\n<blockquote><p>&#8221;Att vandra l\u00e4ngs tullmansleden \u00e4r som att bl\u00e4ddra genom en geologisk bildbok. Varje kr\u00f6k avsl\u00f6jar ett nytt kapitel i jordens otroliga historia,&#8221;<\/p><\/blockquote>\n<p> f\u00f6rklarade en lokal geolog n\u00e4r jag bes\u00f6kte omr\u00e5det.<\/p>\n<h2>Sept-\u00celes \u2013 f\u00e5gelparadiset utanf\u00f6r kusten<\/h2>\n<p>F\u00f6r natur\u00e4lskare \u00e4r <a href=\"https:\/\/www.journee-mondiale.com\/se\/denna-chilenska-hamn-vid-varldens-ande-gommer-nyckeln-till-patagoniens-vildaste-naturunder-vad-doljer-sig-bortom-sista-hoppets-fjordar\/\" target=\"_blank\">b\u00e5tturen till Sept-\u00celes<\/a> (De sju \u00f6arna) ett m\u00e5ste. Detta skyddade naturreservat huserar Frankrikes st\u00f6rsta sj\u00f6f\u00e5gelkoloni med \u00f6ver 27 olika arter. Under sommarm\u00e5naderna kan du sk\u00e5da lunnef\u00e5glar, havssuler och till och med gr\u00e5s\u00e4lar som solar sig p\u00e5 klipporna.<\/p>\n<h2>Bretonsk gastronomi \u2013 havets delikatesser och s\u00f6ta frestelser<\/h2>\n<p>Den bretonska mattraditionen \u00e4r starkt f\u00f6rankrad i havet, och l\u00e4ngs Rosa granitlosten finns gott om restauranger som serverar dagens f\u00e5ngst. Missa inte att prova &#8221;moules marini\u00e8res&#8221; (musslor i vitvin) eller den f\u00e4rska havskr\u00e4ftan. Som dessert \u00e4r en &#8221;cr\u00eape&#8221; med saltkola och sm\u00f6r \u2013 en lokal specialitet \u2013 helt oemotst\u00e5ndlig.<\/p>\n<h2>De dolda p\u00e4rlorna bortom turiststr\u00e5ken<\/h2>\n<p>F\u00f6r den \u00e4ventyrlige resen\u00e4ren bjuder omr\u00e5det p\u00e5 flera mindre k\u00e4nda skatter. Utforska Presqu&#8217;\u00eele Renote, en halv\u00f6 med dramatiska klippor och avskilda vikar med kristallklart vatten. Eller bes\u00f6k den mystiska Sillon de Talbert \u2013 en 3,2 kilometer l\u00e5ng sandremsa som str\u00e4cker sig ut i havet som ett sv\u00e4rd, perfekt f\u00f6r ensamtid med vinden och v\u00e5gorna.<\/p>\n<p><a href=\"https:\/\/www.journee-mondiale.com\/se\/denna-mexikanska-parla-doljer-2-kilometer-strand-dar-du-faktiskt-kan-simma-sakert-valsafari-och-margaritas-med-tarna-i-sanden-vantar\/\" target=\"_blank\">Strandlivet h\u00e4r erbjuder<\/a> b\u00e5de aktivitet och avkoppling i en unik naturmilj\u00f6 som saknar motstycke i Europa.<\/p>\n<h2>Praktisk information f\u00f6r bes\u00f6kare<\/h2>\n<p>B\u00e4sta tiden att bes\u00f6ka C\u00f4te de Granit Rose \u00e4r fr\u00e5n maj till september n\u00e4r v\u00e4dret \u00e4r mildast. Flygplatsen i Brest \u00e4r n\u00e4rmaste internationella flygplats, d\u00e4rifr\u00e5n \u00e4r det cirka tv\u00e5 timmars bilresa. Alternativt kan du ta t\u00e5get till Lannion och sedan buss eller hyrbil till kusten.<\/p>\n<p>F\u00f6r boende rekommenderas n\u00e5gon av de charmiga <a href=\"https:\/\/www.journee-mondiale.com\/se\/denna-franska-klosterskatt-gommer-1000-ariga-kungagravar-och-en-michelinstjarna-kan-du-gissa-vilken-plats-vi-beskriver\/\" target=\"_blank\">mindre hotellen i Perros-Guirec<\/a> eller ett traditionellt B&#038;B i n\u00e5gon av de pittoreska byarna.<\/p>\n<h2>En rosa oas i Atlantens famn<\/h2>\n<p>N\u00e4r solen sakta sjunker i horisonten och de rosa granitformationerna gl\u00f6der i det gyllene ljuset f\u00f6rst\u00e5r du varf\u00f6r denna kust har inspirerat konstn\u00e4rer och dr\u00f6mmare i \u00e5rhundraden. C\u00f4te de Granit Rose \u00e4r inte bara ett naturfenomen \u2013 det \u00e4r en plats d\u00e4r tiden tycks st\u00e5 stilla medan havet outtr\u00f6ttligt forts\u00e4tter att skulptera sitt m\u00e4sterverk i rosa granit.<\/p>\n","protected":false},"excerpt":{"rendered":"<p>Rosa granitklippor glittrar i solnedg\u00e5ngen l\u00e4ngs C\u00f4te de Granit Rose \u2013 en av Frankrikes mest spektakul\u00e4ra kuststr\u00e4ckor som f\u00f6rblir \u00f6verraskande ok\u00e4nd f\u00f6r svenska resen\u00e4rer. Denna 30 kilometer l\u00e5nga kuststr\u00e4cka i Bretagne erbjuder ett naturens konstverk som skiftar i f\u00e4rg fr\u00e5n mjukt rosa till rostf\u00e4rgat beroende p\u00e5 dagens ljus. H\u00e4r m\u00f6ter Atlantens dramatiska v\u00e5gor en strandlinje &#8230; <a title=\"Denna franska kuststr\u00e4cka d\u00f6ljer 300 miljoner \u00e5r gamla rosa skulpturer som skiftar f\u00e4rg n\u00e4r solen g\u00e5r ner (f\u00e5 svenskar k\u00e4nner till detta naturunder)\" class=\"read-more\" href=\"https:\/\/www.journee-mondiale.com\/se\/denna-franska-kuststracka-doljer-300-miljoner-ar-gamla-rosa-skulpturer-som-skiftar-farg-nar-solen-gar-ner-fa-svenskar-kanner-till-detta-naturunder\/\" aria-label=\"L\u00e4s mer om Denna franska kuststr\u00e4cka d\u00f6ljer 300 miljoner \u00e5r gamla rosa skulpturer som skiftar f\u00e4rg n\u00e4r solen g\u00e5r ner (f\u00e5 svenskar k\u00e4nner till detta naturunder)\">Lire plus<\/a><\/p>\n","protected":false},"author":1,"featured_media":12817,"comment_status":"","ping_status":"","sticky":false,"template":"","format":"standard","meta":{"footnotes":""},"categories":[48],"tags":[],"class_list":["post-12818","post","type-post","status-publish","format-standard","has-post-thumbnail","hentry","category-resa"],"acf":[],"_yoast_wpseo_primary_category":null,"_yoast_wpseo_title":null,"_yoast_wpseo_metadesc":null,"_links":{"self":[{"href":"https:\/\/www.journee-mondiale.com\/se\/wp-json\/wp\/v2\/posts\/12818","targetHints":{"allow":["GET"]}}],"collection":[{"href":"https:\/\/www.journee-mondiale.com\/se\/wp-json\/wp\/v2\/posts"}],"about":[{"href":"https:\/\/www.journee-mondiale.com\/se\/wp-json\/wp\/v2\/types\/post"}],"author":[{"embeddable":true,"href":"https:\/\/www.journee-mondiale.com\/se\/wp-json\/wp\/v2\/users\/1"}],"replies":[{"embeddable":true,"href":"https:\/\/www.journee-mondiale.com\/se\/wp-json\/wp\/v2\/comments?post=12818"}],"version-history":[{"count":0,"href":"https:\/\/www.journee-mondiale.com\/se\/wp-json\/wp\/v2\/posts\/12818\/revisions"}],"wp:featuredmedia":[{"embeddable":true,"href":"https:\/\/www.journee-mondiale.com\/se\/wp-json\/wp\/v2\/media\/12817"}],"wp:attachment":[{"href":"https:\/\/www.journee-mondiale.com\/se\/wp-json\/wp\/v2\/media?parent=12818"}],"wp:term":[{"taxonomy":"category","embeddable":true,"href":"https:\/\/www.journee-mondiale.com\/se\/wp-json\/wp\/v2\/categories?post=12818"},{"taxonomy":"post_tag","embeddable":true,"href":"https:\/\/www.journee-mondiale.com\/se\/wp-json\/wp\/v2\/tags?post=12818"}],"curies":[{"name":"wp","href":"https:\/\/api.w.org\/{rel}","templated":true}]}}