{"id":12816,"date":"2025-03-29T12:35:56","date_gmt":"2025-03-29T16:35:56","guid":{"rendered":"https:\/\/www.journee-mondiale.com\/se\/jag-gjorde-misstaget-att-klippa-mitt-tunna-har-kort-och-upptackte-denna-franska-teknik-som-gav-mig-3x-mer-volym\/"},"modified":"2025-03-29T12:35:56","modified_gmt":"2025-03-29T16:35:56","slug":"jag-gjorde-misstaget-att-klippa-mitt-tunna-har-kort-och-upptackte-denna-franska-teknik-som-gav-mig-3x-mer-volym","status":"publish","type":"post","link":"https:\/\/www.journee-mondiale.com\/se\/jag-gjorde-misstaget-att-klippa-mitt-tunna-har-kort-och-upptackte-denna-franska-teknik-som-gav-mig-3x-mer-volym\/","title":{"rendered":"Jag gjorde misstaget att klippa mitt tunna h\u00e5r kort (och uppt\u00e4ckte denna franska teknik som gav mig 3x mer volym)"},"content":{"rendered":"<p>Tired of flat, lifeless hair? Spring 2025 is bringing a revival of the cascade layered cut\u2014a game-changing technique for those with fine hair seeking natural volume and movement. This elegant French-inspired style (known as &#8221;d\u00e9grad\u00e9 en cascade&#8221;) creates the illusion of thicker, fuller hair without sacrificing length. Let&#8217;s explore how this sophisticated cutting technique can transform your fine hair this season.<\/p>\n<h2>What exactly is a cascade layered cut?<\/h2>\n<p>The cascade layered cut is essentially a <strong>butterfly haircut<\/strong> reimagined for 2025. &#8221;This technique creates soft, waterfall-like layers that give fine hair natural lift and movement,&#8221; explains Maria Eriksson, senior stylist at Stockholm Hair Design. Unlike traditional layers that can make fine hair appear thinner, cascade layers are strategically cut to build volume while maintaining a cohesive silhouette.<\/p>\n<h2>Why fine hair needs special cutting techniques<\/h2>\n<p>Fine hair presents unique challenges. Each individual strand is smaller in diameter, which often results in hair that falls flat and lacks body. The <strong>cascade technique<\/strong> works by creating layers that &#8221;stack&#8221; upon each other, generating natural volume without relying heavily on products or heat styling.<\/p>\n<blockquote><p>&#8221;Fine hair is like delicate fabric\u2014it needs the right structure to show its true beauty. Cascade layers provide that framework, allowing the hair to move naturally while appearing fuller,&#8221; says Lisa Thompson, celebrity hairstylist.<\/p><\/blockquote>\n<h2>5 benefits of cascade layers for fine hair<\/h2>\n<ul>\n<li>Creates natural volume without excessive teasing or product<\/li>\n<li>Adds movement and dimension that makes hair appear thicker<\/li>\n<li>Frames the face elegantly while reducing weight at the ends<\/li>\n<li>Easier to style and maintain than many other volumizing cuts<\/li>\n<li>Works with your natural hair pattern rather than fighting against it<\/li>\n<\/ul>\n<h2>Spring 2025 styling techniques for cascade layers<\/h2>\n<p>This spring, we&#8217;re seeing cascade layers styled with <strong>gentle waves<\/strong> that enhance the cut&#8217;s natural movement. I once witnessed a client with lifeless fine hair transformed by this technique\u2014her hair suddenly had the body and movement she&#8217;d been trying to achieve with products for years.<\/p>\n<p>The beauty of cascade layers lies in how they <a href=\"https:\/\/www.journee-mondiale.com\/se\/jag-provade-denna-ansiktsforyngrande-frisyr-5-ar-yngre-pa-2-veckor\/\" target=\"_blank\">create a rejuvenating effect<\/a> for the face, softening features while adding youthful bounce to the hair.<\/p>\n<h2>How to prep your hair for a salon consultation<\/h2>\n<p>Before booking your appointment, gather inspiration photos showing both the cut and how you&#8217;d like it styled. Consider your natural texture\u2014cascade layers work like rivers flowing through your hair, enhancing what&#8217;s naturally there rather than fighting against it.<\/p>\n<p>For those looking to <a href=\"https:\/\/www.journee-mondiale.com\/se\/jag-provade-7-frisyrer-efter-50-det-har-tog-bort-ar-fran-mitt-ansikte-och-gav-mig-mitt-ungdomliga-sjalvfortroende-tillbaka\/\" target=\"_blank\">take years off their appearance<\/a>, this cut offers remarkable results without requiring major length changes.<\/p>\n<h2>Daily styling for maximum volume<\/h2>\n<ul>\n<li>Use lightweight volumizing products at the roots<\/li>\n<li>Blow-dry with a round brush, focusing on root lift<\/li>\n<li>Incorporate texturizing spray for added dimension<\/li>\n<li>Refresh with dry shampoo between washes<\/li>\n<\/ul>\n<h2>Complementary textures that enhance the cascade effect<\/h2>\n<p>The right texture can dramatically amplify your cascade layers. <a href=\"https:\/\/www.journee-mondiale.com\/se\/frisoren-visade-mig-7-texturer-som-mjukar-upp-markanta-ansiktsdrag-3-av-dem-forandrade-allt\/\" target=\"_blank\">Certain textures can soften prominent facial features<\/a> while others create visual volume. Your hair becomes like a <strong>silk waterfall<\/strong>\u2014flowing naturally while catching the light at different angles.<\/p>\n<h2>Will cascade layers work for your face shape?<\/h2>\n<p>What makes cascade layers particularly versatile is their adaptability to various face shapes. &#8221;We can customize the starting point of the layers to highlight your best features,&#8221; explains Eriksson. This technique can <a href=\"https:\/\/www.journee-mondiale.com\/se\/10-korta-frisyrer-som-doljer-los-halshud-dessa-gjorde-storst-skillnad\/\" target=\"_blank\">even help conceal aging concerns<\/a> like loose neck skin when properly executed.<\/p>\n<h2>Embracing 2025&#8217;s hair trends<\/h2>\n<p>Cascade layers perfectly align with 2025&#8217;s emphasis on <strong>effortless elegance<\/strong>. As we move away from high-maintenance styles, this cut offers sophistication without sacrificing practicality. Curious about how it compares to other trending cuts? <a href=\"https:\/\/www.journee-mondiale.com\/se\/jag-testade-7-nya-hartrender-for-2025-du-kommer-aldrig-gissa-min-favorit\/\" target=\"_blank\">Check out this comparison of 2025&#8217;s top hair trends<\/a>.<\/p>\n<p>Ready to transform your fine hair into a voluminous cascade? This spring is the perfect time to embrace this French-inspired technique that turns fine hair from flat to fabulous, giving you the natural, flowing volume you&#8217;ve always desired.<\/p>\n","protected":false},"excerpt":{"rendered":"<p>Tired of flat, lifeless hair? Spring 2025 is bringing a revival of the cascade layered cut\u2014a game-changing technique for those with fine hair seeking natural volume and movement. This elegant French-inspired style (known as &#8221;d\u00e9grad\u00e9 en cascade&#8221;) creates the illusion of thicker, fuller hair without sacrificing length. Let&#8217;s explore how this sophisticated cutting technique can &#8230; <a title=\"Jag gjorde misstaget att klippa mitt tunna h\u00e5r kort (och uppt\u00e4ckte denna franska teknik som gav mig 3x mer volym)\" class=\"read-more\" href=\"https:\/\/www.journee-mondiale.com\/se\/jag-gjorde-misstaget-att-klippa-mitt-tunna-har-kort-och-upptackte-denna-franska-teknik-som-gav-mig-3x-mer-volym\/\" aria-label=\"L\u00e4s mer om Jag gjorde misstaget att klippa mitt tunna h\u00e5r kort (och uppt\u00e4ckte denna franska teknik som gav mig 3x mer volym)\">Lire plus<\/a><\/p>\n","protected":false},"author":1,"featured_media":12815,"comment_status":"","ping_status":"","sticky":false,"template":"","format":"standard","meta":{"footnotes":""},"categories":[37],"tags":[],"class_list":["post-12816","post","type-post","status-publish","format-standard","has-post-thumbnail","hentry","category-livsstil"],"acf":[],"_yoast_wpseo_primary_category":null,"_yoast_wpseo_title":null,"_yoast_wpseo_metadesc":null,"_links":{"self":[{"href":"https:\/\/www.journee-mondiale.com\/se\/wp-json\/wp\/v2\/posts\/12816","targetHints":{"allow":["GET"]}}],"collection":[{"href":"https:\/\/www.journee-mondiale.com\/se\/wp-json\/wp\/v2\/posts"}],"about":[{"href":"https:\/\/www.journee-mondiale.com\/se\/wp-json\/wp\/v2\/types\/post"}],"author":[{"embeddable":true,"href":"https:\/\/www.journee-mondiale.com\/se\/wp-json\/wp\/v2\/users\/1"}],"replies":[{"embeddable":true,"href":"https:\/\/www.journee-mondiale.com\/se\/wp-json\/wp\/v2\/comments?post=12816"}],"version-history":[{"count":0,"href":"https:\/\/www.journee-mondiale.com\/se\/wp-json\/wp\/v2\/posts\/12816\/revisions"}],"wp:featuredmedia":[{"embeddable":true,"href":"https:\/\/www.journee-mondiale.com\/se\/wp-json\/wp\/v2\/media\/12815"}],"wp:attachment":[{"href":"https:\/\/www.journee-mondiale.com\/se\/wp-json\/wp\/v2\/media?parent=12816"}],"wp:term":[{"taxonomy":"category","embeddable":true,"href":"https:\/\/www.journee-mondiale.com\/se\/wp-json\/wp\/v2\/categories?post=12816"},{"taxonomy":"post_tag","embeddable":true,"href":"https:\/\/www.journee-mondiale.com\/se\/wp-json\/wp\/v2\/tags?post=12816"}],"curies":[{"name":"wp","href":"https:\/\/api.w.org\/{rel}","templated":true}]}}