{"id":12180,"date":"2025-02-10T15:43:41","date_gmt":"2025-02-10T20:43:41","guid":{"rendered":"https:\/\/www.journee-mondiale.com\/se\/hemliga-frisyrtricket-som-tar-bort-10-ar-over-natten-bilderna-chockerar\/"},"modified":"2025-02-10T15:43:41","modified_gmt":"2025-02-10T20:43:41","slug":"hemliga-frisyrtricket-som-tar-bort-10-ar-over-natten-bilderna-chockerar","status":"publish","type":"post","link":"https:\/\/www.journee-mondiale.com\/se\/hemliga-frisyrtricket-som-tar-bort-10-ar-over-natten-bilderna-chockerar\/","title":{"rendered":"hemliga frisyrtricket som tar bort 10 \u00e5r \u00f6ver natten (bilderna chockerar)"},"content":{"rendered":"<p>L\u00e5t oss avsl\u00f6ja hemligheterna bakom 2025 \u00e5rs mest sp\u00e4nnande frisyrtrender och hur de kan f\u00f6ryngra ditt utseende! Fr\u00e5n sofistikerade bobfrisyrer till v\u00e5giga lockar, finns det n\u00e5got f\u00f6r alla smaker och \u00e5ldrar. Men visste du att r\u00e4tt frisyr kan f\u00e5 dig att se upp till 10 \u00e5r yngre ut? L\u00e5t oss dyka in i de senaste trenderna och uppt\u00e4cka hur du kan f\u00f6rnya din look.<\/p>\n<h2>Den franska boben &#8211; en tidl\u00f6s klassiker med en modern twist<\/h2>\n<p>Den franska boben har gjort en storslagen comeback och blivit en av 2025 \u00e5rs hetaste trender. Denna <strong>eleganta och sofistikerade frisyr<\/strong> passar perfekt f\u00f6r kvinnor som vill ha en stilren look med minimal anstr\u00e4ngning. Hemligheten bakom dess popularitet? Den kan anpassas f\u00f6r att smickra alla ansiktsformer och h\u00e5rtyper.<\/p>\n<p>Som fris\u00f6ren Maria Svensson f\u00f6rklarar: &#8221;Den franska boben \u00e4r otroligt m\u00e5ngsidig. Med r\u00e4tt l\u00e4ngd och textur kan den f\u00e5 dig att se flera \u00e5r yngre ut.&#8221; F\u00f6r inspiration, kolla in <a href=\"https:\/\/www.journee-mondiale.com\/se\/jag-forlorade-10-ar-over-natten-den-franska-boben-ar-hemligheten\/\">hur den franska boben kan f\u00e5 dig att se 10 \u00e5r yngre ut<\/a>.<\/p>\n<h2>Ansiktsramande lager &#8211; nyckeln till ett ungdomligt utseende<\/h2>\n<p>Vill du ge ditt h\u00e5r mer volym och liv? Ansiktsramande lager \u00e4r l\u00f6sningen! Denna teknik kan g\u00f6ra underverk f\u00f6r tunt h\u00e5r och f\u00e5 dig att se betydligt yngre ut. <strong>Lagersk\u00e4rningen skapar en illusion av fylligare h\u00e5r<\/strong> och framh\u00e4ver dina b\u00e4sta drag.<\/p>\n<p>En kvinna i 50-\u00e5rs\u00e5ldern delade sin erfarenhet: &#8221;Jag hade alltid haft tunt h\u00e5r, men efter att ha provat ansiktsramande lager k\u00e4nde jag mig som en ny person. Det tog bokstavligen av 10 \u00e5r fr\u00e5n mitt utseende!&#8221; L\u00e4s mer om <a href=\"https:\/\/www.journee-mondiale.com\/se\/jag-forandrade-mitt-tunna-har-vid-50-ansiktsramande-lager-tog-bort-10-ar\/\">hur ansiktsramande lager kan f\u00f6r\u00e4ndra ditt utseende<\/a>.<\/p>\n<h2>V\u00e5ga vara gr\u00e5 &#8211; en \u00f6verraskande trend<\/h2>\n<p>2025 \u00e4r \u00e5ret d\u00e5 vi omfamnar v\u00e5ra naturliga gr\u00e5 str\u00e4ngar! Att l\u00e5ta det gr\u00e5a h\u00e5ret v\u00e4xa ut \u00e4r inte bara en trendig look, utan ocks\u00e5 en befriande upplevelse f\u00f6r m\u00e5nga kvinnor. <strong>Det gr\u00e5a h\u00e5ret symboliserar visdom och sj\u00e4lvf\u00f6rtroende<\/strong>, och med r\u00e4tt v\u00e5rd kan det se fantastiskt ut.<\/p>\n<p>En modig kvinna beslutade sig f\u00f6r att testa gr\u00e5tt h\u00e5r i 30 dagar, och resultatet var h\u00e4pnadsv\u00e4ckande. Uppt\u00e4ck <a href=\"https:\/\/www.journee-mondiale.com\/se\/jag-testade-gratt-har-i-30-dagar-resultatet-chockade-mig\/\">hur hennes gr\u00e5a h\u00e5rresa f\u00f6rv\u00e5nade henne<\/a>.<\/p>\n<h2>Toppmodernt f\u00f6r 2025 &#8211; de hetaste frisyrtrenderna<\/h2>\n<p>Vilka \u00e4r de absolut senaste trenderna f\u00f6r 2025? H\u00e4r \u00e4r en snabbguide:<\/p>\n<ul>\n<li>Mjuka v\u00e5gor och lockar f\u00f6r en avslappnad look<\/li>\n<li>Curtain bangs som ramar in ansiktet<\/li>\n<li>Pixie-frisyrer f\u00f6r de som v\u00e5gar vara dj\u00e4rva<\/li>\n<li>L\u00e5nga, svepande frisyrer med mycket r\u00f6relse<\/li>\n<\/ul>\n<p>F\u00f6r att f\u00e5 en djupare inblick i \u00e5rets trender, kolla in denna <a href=\"https:\/\/www.journee-mondiale.com\/se\/jag-testade-7-nya-hartrender-for-2025-du-kommer-aldrig-gissa-min-favorit\/\">testning av 7 nya h\u00e5rtrender f\u00f6r 2025<\/a>.<\/p>\n<h2>Hemligheten bakom ungdomliga frisyrer<\/h2>\n<p>Vad g\u00f6r egentligen en frisyr &#8221;ungdomlig&#8221;? Enligt h\u00e5rstylisten Anna Bergstr\u00f6m handlar det om att skapa balans och r\u00f6relse:<\/p>\n<blockquote><p>&#8221;En ungdomlig frisyr lyfter ansiktsdragen och ger h\u00e5ret liv. Det handlar inte om att d\u00f6lja \u00e5lder, utan om att framh\u00e4va din naturliga sk\u00f6nhet och utstr\u00e5lning.&#8221;<\/p><\/blockquote>\n<p>H\u00e4r \u00e4r n\u00e5gra nyckelelement i en ungdomlig frisyr:<\/p>\n<ul>\n<li>Mjuka linjer som mjukar upp ansiktsdragen<\/li>\n<li>Volym p\u00e5 r\u00e4tt st\u00e4llen f\u00f6r att lyfta ansiktet<\/li>\n<li>Textur som ger h\u00e5ret liv och r\u00f6relse<\/li>\n<\/ul>\n<p>F\u00f6r mer inspiration, kolla in dessa <a href=\"https:\/\/www.journee-mondiale.com\/se\/15-ungdomliga-frisyrer-som-far-dig-att-se-10-ar-yngre-ut-2025-experterna-avslojar-hemligheten\/\">15 ungdomliga frisyrer som f\u00e5r dig att se 10 \u00e5r yngre ut<\/a>.<\/p>\n<h2>Hur v\u00e4ljer du r\u00e4tt frisyr f\u00f6r dig?<\/h2>\n<p>Att v\u00e4lja r\u00e4tt frisyr handlar om mer \u00e4n bara trender. Det \u00e4r viktigt att ta h\u00e4nsyn till din <strong>ansiktsform, h\u00e5rtyp och livsstil<\/strong>. En frisyr som passar perfekt f\u00f6r n\u00e5gon annan kanske inte \u00e4r idealisk f\u00f6r dig.<\/p>\n<p>Dr. Lisa Andersson, h\u00e5rv\u00e5rdsexpert, ger f\u00f6ljande r\u00e5d:<\/p>\n<blockquote><p>&#8221;T\u00e4nk p\u00e5 din frisyr som en ram f\u00f6r ditt ansikte. Den b\u00e4sta frisyren framh\u00e4ver dina b\u00e4sta drag och f\u00e5r dig att k\u00e4nna dig bekv\u00e4m och sj\u00e4lvs\u00e4ker.&#8221;<\/p><\/blockquote>\n<h2>V\u00e5rda ditt h\u00e5r f\u00f6r b\u00e4sta resultat<\/h2>\n<p>Oavsett vilken frisyr du v\u00e4ljer, \u00e4r regelbunden h\u00e5rv\u00e5rd avg\u00f6rande f\u00f6r att beh\u00e5lla en fr\u00e4sch och ungdomlig look. H\u00e4r \u00e4r n\u00e5gra enkla tips:<\/p>\n<ul>\n<li>Anv\u00e4nd produkter anpassade f\u00f6r din h\u00e5rtyp<\/li>\n<li>Trimma h\u00e5ret regelbundet f\u00f6r att undvika slitna toppar<\/li>\n<li>Skydda h\u00e5ret fr\u00e5n v\u00e4rmestyling och UV-str\u00e5lar<\/li>\n<\/ul>\n<p>\u00c4r du redo att f\u00f6rnya din look och uppt\u00e4cka din perfekta frisyr f\u00f6r 2025? Med dessa tips och trender kan du k\u00e4nna dig sj\u00e4lvs\u00e4ker och str\u00e5lande, oavsett \u00e5lder. Kom ih\u00e5g, den b\u00e4sta frisyren \u00e4r den som f\u00e5r dig att k\u00e4nna dig fantastisk b\u00e5de p\u00e5 insidan och utsidan!<\/p>\n","protected":false},"excerpt":{"rendered":"<p>L\u00e5t oss avsl\u00f6ja hemligheterna bakom 2025 \u00e5rs mest sp\u00e4nnande frisyrtrender och hur de kan f\u00f6ryngra ditt utseende! Fr\u00e5n sofistikerade bobfrisyrer till v\u00e5giga lockar, finns det n\u00e5got f\u00f6r alla smaker och \u00e5ldrar. Men visste du att r\u00e4tt frisyr kan f\u00e5 dig att se upp till 10 \u00e5r yngre ut? L\u00e5t oss dyka in i de senaste &#8230; <a title=\"hemliga frisyrtricket som tar bort 10 \u00e5r \u00f6ver natten (bilderna chockerar)\" class=\"read-more\" href=\"https:\/\/www.journee-mondiale.com\/se\/hemliga-frisyrtricket-som-tar-bort-10-ar-over-natten-bilderna-chockerar\/\" aria-label=\"L\u00e4s mer om hemliga frisyrtricket som tar bort 10 \u00e5r \u00f6ver natten (bilderna chockerar)\">Lire plus<\/a><\/p>\n","protected":false},"author":1,"featured_media":12179,"comment_status":"","ping_status":"","sticky":false,"template":"","format":"standard","meta":{"footnotes":""},"categories":[45],"tags":[],"class_list":["post-12180","post","type-post","status-publish","format-standard","has-post-thumbnail","hentry","category-livsstil1"],"acf":[],"_yoast_wpseo_primary_category":null,"_yoast_wpseo_title":null,"_yoast_wpseo_metadesc":null,"_links":{"self":[{"href":"https:\/\/www.journee-mondiale.com\/se\/wp-json\/wp\/v2\/posts\/12180","targetHints":{"allow":["GET"]}}],"collection":[{"href":"https:\/\/www.journee-mondiale.com\/se\/wp-json\/wp\/v2\/posts"}],"about":[{"href":"https:\/\/www.journee-mondiale.com\/se\/wp-json\/wp\/v2\/types\/post"}],"author":[{"embeddable":true,"href":"https:\/\/www.journee-mondiale.com\/se\/wp-json\/wp\/v2\/users\/1"}],"replies":[{"embeddable":true,"href":"https:\/\/www.journee-mondiale.com\/se\/wp-json\/wp\/v2\/comments?post=12180"}],"version-history":[{"count":0,"href":"https:\/\/www.journee-mondiale.com\/se\/wp-json\/wp\/v2\/posts\/12180\/revisions"}],"wp:featuredmedia":[{"embeddable":true,"href":"https:\/\/www.journee-mondiale.com\/se\/wp-json\/wp\/v2\/media\/12179"}],"wp:attachment":[{"href":"https:\/\/www.journee-mondiale.com\/se\/wp-json\/wp\/v2\/media?parent=12180"}],"wp:term":[{"taxonomy":"category","embeddable":true,"href":"https:\/\/www.journee-mondiale.com\/se\/wp-json\/wp\/v2\/categories?post=12180"},{"taxonomy":"post_tag","embeddable":true,"href":"https:\/\/www.journee-mondiale.com\/se\/wp-json\/wp\/v2\/tags?post=12180"}],"curies":[{"name":"wp","href":"https:\/\/api.w.org\/{rel}","templated":true}]}}