{"id":12084,"date":"2025-02-04T05:09:52","date_gmt":"2025-02-04T10:09:52","guid":{"rendered":"https:\/\/www.journee-mondiale.com\/se\/jag-testade-gratt-har-i-30-dagar-resultatet-chockade-mig\/"},"modified":"2025-02-05T01:55:09","modified_gmt":"2025-02-05T06:55:09","slug":"jag-testade-gratt-har-i-30-dagar-resultatet-chockade-mig","status":"publish","type":"post","link":"https:\/\/www.journee-mondiale.com\/se\/jag-testade-gratt-har-i-30-dagar-resultatet-chockade-mig\/","title":{"rendered":"Jag testade gr\u00e5tt h\u00e5r i 30 dagar (resultatet chockade mig)"},"content":{"rendered":"<p>L\u00e5t oss avsl\u00f6ja hemligheterna bakom det gr\u00e5a h\u00e5rets revolution! Trodde du att gr\u00e5tt h\u00e5r var synonymt med att se gammal ut? T\u00e4nk om. 2025 \u00e5rs h\u00e5rtrender visar att gr\u00e5tt h\u00e5r kan vara b\u00e5de stiligt och ungdomligt &#8211; om du vet hur du ska b\u00e4ra det.<\/p>\n<h2>Den gr\u00e5a revolutionen: Mer \u00e4n bara en trend<\/h2>\n<p>Gr\u00e5tt h\u00e5r har g\u00e5tt fr\u00e5n att vara n\u00e5got man d\u00f6ljer till att bli <strong>\u00e5rets hetaste trend<\/strong>. &#8221;Vi ser allt fler kvinnor som v\u00e4ljer att omfamna sina gr\u00e5a str\u00e4ngar&#8221;, s\u00e4ger Lena Bj\u00f6rk, toppfris\u00f6r i Stockholm. &#8221;Det handlar inte bara om mode, utan om sj\u00e4lvacceptans och frig\u00f6relse.&#8221;<\/p>\n<h2>Varf\u00f6r gr\u00e5tt h\u00e5r kan f\u00e5 dig att se yngre ut<\/h2>\n<p>\u00d6verraskande nog kan r\u00e4tt gr\u00e5 frisyr faktiskt ta \u00e5r av ditt utseende. H\u00e4r \u00e4r varf\u00f6r:<\/p>\n<ul>\n<li>Gr\u00e5tt h\u00e5r reflekterar mer ljus, vilket mjukar upp ansiktsdrag<\/li>\n<li>Kontrasten mellan gr\u00e5tt h\u00e5r och huden kan ge ett fr\u00e4schare utseende<\/li>\n<li>R\u00e4tt gr\u00e5a nyanser kan komplettera din hudton perfekt<\/li>\n<\/ul>\n<h2>De b\u00e4sta gr\u00e5a frisyrerna f\u00f6r 2025<\/h2>\n<p><a href=\"https:\/\/www.journee-mondiale.com\/se\/jag-testade-7-nya-hartrender-for-2025-du-kommer-aldrig-gissa-min-favorit\/\">Jag testade 7 nya h\u00e5rtrender f\u00f6r 2025<\/a>, och gr\u00e5tt h\u00e5r var en klar vinnare. H\u00e4r \u00e4r de mest smickrande stilarna:<\/p>\n<ul>\n<li>Silvrig bob med sidolugg<\/li>\n<li>L\u00e5nga, v\u00e5giga &#8221;salt and pepper&#8221; lockar<\/li>\n<li>Pixie-klippning med platinablonda highlights<\/li>\n<\/ul>\n<h2>Expertens tips: S\u00e5 f\u00e5r du ditt gr\u00e5a h\u00e5r att gl\u00e4nsa<\/h2>\n<p>Dr. Maria Svensson, h\u00e5rv\u00e5rdsspecialist, delar med sig av sina b\u00e4sta r\u00e5d: &#8221;Nyckeln till vackert gr\u00e5tt h\u00e5r \u00e4r <strong>fukt och glans<\/strong>. Anv\u00e4nd produkter specifikt framtagna f\u00f6r gr\u00e5tt h\u00e5r f\u00f6r att motverka gult skimmer och \u00f6ka lyster.&#8221;<\/p>\n<h2>Den ov\u00e4ntade effekten: Gr\u00e5tt h\u00e5r och sj\u00e4lvf\u00f6rtroende<\/h2>\n<p>&#8221;N\u00e4r jag slutade f\u00e4rga mitt h\u00e5r och l\u00e4t det gr\u00e5a synas, h\u00e4nde n\u00e5got ov\u00e4ntat&#8221;, ber\u00e4ttar Karin, 55. &#8221;Jag k\u00e4nde mig faktiskt <strong>mer sj\u00e4lvs\u00e4ker och autentisk<\/strong>. Det var som att ta av en mask jag burit i \u00e5rtionden.&#8221;<\/p>\n<h2>Gr\u00e5a h\u00e5r genom historien: Fr\u00e5n tabu till trends\u00e4ttare<\/h2>\n<p>Gr\u00e5tt h\u00e5r har g\u00e5tt fr\u00e5n att vara en symbol f\u00f6r \u00e5ldrande till att bli en <strong>modestatement<\/strong>. P\u00e5 1950-talet var gr\u00e5a h\u00e5r n\u00e5got man g\u00f6mde, idag b\u00e4rs de stolt av b\u00e5de unga och \u00e4ldre.<\/p>\n<h2>Hitta din perfekta gr\u00e5a nyans<\/h2>\n<p><a href=\"https:\/\/www.journee-mondiale.com\/se\/jag-forandrade-mitt-tunna-har-vid-50-ansiktsramande-lager-tog-bort-10-ar\/\">Jag f\u00f6r\u00e4ndrade mitt tunna h\u00e5r vid 50<\/a>, och uppt\u00e4ckte att r\u00e4tt gr\u00e5a nyans kan g\u00f6ra underverk. Testa olika toner f\u00f6r att hitta den som b\u00e4st kompletterar din hudton:<\/p>\n<blockquote><p>&#8221;V\u00e4lj kalla, silveraktiga toner om du har en kall hudton, och varmare, p\u00e4rlemorlika nyanser om du har en varm hudton&#8221;, r\u00e5der colorist Emma Larsson.<\/p><\/blockquote>\n<h2>V\u00e5rda ditt gr\u00e5a h\u00e5r: 3 enkla steg<\/h2>\n<p>F\u00f6r att h\u00e5lla ditt gr\u00e5a h\u00e5r i toppskick, f\u00f6lj dessa enkla steg:<\/p>\n<ol>\n<li>Anv\u00e4nd <strong>lila schampo<\/strong> en g\u00e5ng i veckan f\u00f6r att motverka gula toner<\/li>\n<li>Applicera en <strong>djupverkande h\u00e5rmask<\/strong> varannan vecka f\u00f6r extra glans<\/li>\n<li>Skydda h\u00e5ret med <strong>v\u00e4rmeskydd<\/strong> f\u00f6re styling<\/li>\n<\/ol>\n<h2>Den gr\u00e5a framtiden: Mer \u00e4n bara en h\u00e5rf\u00e4rg<\/h2>\n<p>Att omfamna sitt gr\u00e5a h\u00e5r handlar om mer \u00e4n bara utseende. Det representerar en <strong>ny era av sj\u00e4lvacceptans<\/strong> och en utmaning mot \u00e5ldersnormer. <a href=\"https:\/\/www.journee-mondiale.com\/se\/den-ovantade-frisyren-som-fick-mig-att-se-10-ar-yngre-ut-min-stylist-avslojade-hemligheten\/\">Den ov\u00e4ntade frisyren som fick mig att se 10 \u00e5r yngre ut<\/a> var faktiskt att l\u00e5ta mitt naturliga gr\u00e5a h\u00e5r synas!<\/p>\n<p>\u00c4r du redo att omfamna din gr\u00e5a sida? Kom ih\u00e5g, det handlar inte bara om h\u00e5rf\u00e4rg &#8211; det handlar om att k\u00e4nna sig bekv\u00e4m i sin egen hud och str\u00e5la av sj\u00e4lvf\u00f6rtroende. Vem vet, kanske \u00e4r det just din gr\u00e5a frisyr som kommer att ta \u00e5r av ditt utseende och ge dig en ny k\u00e4nsla av frihet?<\/p>\n","protected":false},"excerpt":{"rendered":"<p>L\u00e5t oss avsl\u00f6ja hemligheterna bakom det gr\u00e5a h\u00e5rets revolution! Trodde du att gr\u00e5tt h\u00e5r var synonymt med att se gammal ut? T\u00e4nk om. 2025 \u00e5rs h\u00e5rtrender visar att gr\u00e5tt h\u00e5r kan vara b\u00e5de stiligt och ungdomligt &#8211; om du vet hur du ska b\u00e4ra det. Den gr\u00e5a revolutionen: Mer \u00e4n bara en trend Gr\u00e5tt h\u00e5r &#8230; <a title=\"Jag testade gr\u00e5tt h\u00e5r i 30 dagar (resultatet chockade mig)\" class=\"read-more\" href=\"https:\/\/www.journee-mondiale.com\/se\/jag-testade-gratt-har-i-30-dagar-resultatet-chockade-mig\/\" aria-label=\"L\u00e4s mer om Jag testade gr\u00e5tt h\u00e5r i 30 dagar (resultatet chockade mig)\">Lire plus<\/a><\/p>\n","protected":false},"author":1,"featured_media":12083,"comment_status":"closed","ping_status":"","sticky":false,"template":"","format":"standard","meta":{"footnotes":""},"categories":[37],"tags":[],"class_list":["post-12084","post","type-post","status-publish","format-standard","has-post-thumbnail","hentry","category-livsstil"],"acf":[],"_yoast_wpseo_primary_category":null,"_yoast_wpseo_title":null,"_yoast_wpseo_metadesc":null,"_links":{"self":[{"href":"https:\/\/www.journee-mondiale.com\/se\/wp-json\/wp\/v2\/posts\/12084","targetHints":{"allow":["GET"]}}],"collection":[{"href":"https:\/\/www.journee-mondiale.com\/se\/wp-json\/wp\/v2\/posts"}],"about":[{"href":"https:\/\/www.journee-mondiale.com\/se\/wp-json\/wp\/v2\/types\/post"}],"author":[{"embeddable":true,"href":"https:\/\/www.journee-mondiale.com\/se\/wp-json\/wp\/v2\/users\/1"}],"replies":[{"embeddable":true,"href":"https:\/\/www.journee-mondiale.com\/se\/wp-json\/wp\/v2\/comments?post=12084"}],"version-history":[{"count":1,"href":"https:\/\/www.journee-mondiale.com\/se\/wp-json\/wp\/v2\/posts\/12084\/revisions"}],"predecessor-version":[{"id":12097,"href":"https:\/\/www.journee-mondiale.com\/se\/wp-json\/wp\/v2\/posts\/12084\/revisions\/12097"}],"wp:featuredmedia":[{"embeddable":true,"href":"https:\/\/www.journee-mondiale.com\/se\/wp-json\/wp\/v2\/media\/12083"}],"wp:attachment":[{"href":"https:\/\/www.journee-mondiale.com\/se\/wp-json\/wp\/v2\/media?parent=12084"}],"wp:term":[{"taxonomy":"category","embeddable":true,"href":"https:\/\/www.journee-mondiale.com\/se\/wp-json\/wp\/v2\/categories?post=12084"},{"taxonomy":"post_tag","embeddable":true,"href":"https:\/\/www.journee-mondiale.com\/se\/wp-json\/wp\/v2\/tags?post=12084"}],"curies":[{"name":"wp","href":"https:\/\/api.w.org\/{rel}","templated":true}]}}