{"id":12070,"date":"2025-02-04T04:32:44","date_gmt":"2025-02-04T09:32:44","guid":{"rendered":"https:\/\/www.journee-mondiale.com\/se\/jag-gjorde-min-70-ariga-permanent-silkeslen-pa-3-veckor-mitt-overraskande-knep\/"},"modified":"2025-02-05T01:55:15","modified_gmt":"2025-02-05T06:55:15","slug":"jag-gjorde-min-70-ariga-permanent-silkeslen-pa-3-veckor-mitt-overraskande-knep","status":"publish","type":"post","link":"https:\/\/www.journee-mondiale.com\/se\/jag-gjorde-min-70-ariga-permanent-silkeslen-pa-3-veckor-mitt-overraskande-knep\/","title":{"rendered":"Jag gjorde min 70-\u00e5riga permanent silkeslen p\u00e5 3 veckor (mitt \u00f6verraskande knep)"},"content":{"rendered":"<p>L\u00e5t oss avsl\u00f6ja hemligheterna bakom att v\u00e5rda en mjuk permanent i din 70-\u00e5rs\u00e5lder! Att h\u00e5lla din frisyr fr\u00e4sch och v\u00e4lm\u00e5ende kan vara en utmaning, men med r\u00e4tt kunskap och produkter kan du beh\u00e5lla ett ungdomligt utseende och k\u00e4nsla. F\u00f6lj med p\u00e5 en resa genom vetenskapen om h\u00e5rv\u00e5rd f\u00f6r \u00e4ldre damer med permanentat h\u00e5r.<\/p>\n<h2>1. F\u00f6rst\u00e5 din h\u00e5rs unika behov<\/h2>\n<p>I 70-\u00e5rs\u00e5ldern genomg\u00e5r ditt h\u00e5r naturliga f\u00f6r\u00e4ndringar. <strong>Dr. Sarah Thompson<\/strong>, en dermatolog vid New York Wellness Center, f\u00f6rklarar: &#8221;\u00c4ldre h\u00e5r tenderar att bli tunnare och torrare, vilket kr\u00e4ver extra n\u00e4ring och fukt.&#8221; Att anpassa din h\u00e5rv\u00e5rdsrutin efter dessa f\u00f6r\u00e4ndringar \u00e4r nyckeln till att beh\u00e5lla en vacker permanent.<\/p>\n<h2>2. V\u00e4lj r\u00e4tt schampo och balsam<\/h2>\n<p>Att v\u00e4lja r\u00e4tt produkter \u00e4r avg\u00f6rande f\u00f6r att <strong>v\u00e5rda ditt permanentade h\u00e5r<\/strong>. Leta efter sulfatfria schampon som \u00e4r rika p\u00e5 fuktgivande ingredienser som aloe vera och glycerin. Ett leave-in balsam kan ge extra n\u00e4ring utan att tynga ner h\u00e5ret.<\/p>\n<h2>3. Hemmagjorda h\u00e5rmasker f\u00f6r extra glans<\/h2>\n<p>Prova dessa enkla men effektiva h\u00e5rmasker:<\/p>\n<ul>\n<li>Avokado och olivolja f\u00f6r djup fuktgivning<\/li>\n<li>\u00c4gg och honung f\u00f6r protein och glans<\/li>\n<li>Kokosolja och yoghurt f\u00f6r mjukhet och volym<\/li>\n<\/ul>\n<h2>4. Undvik v\u00e4rmestyling &#8211; omfamna naturlig sk\u00f6nhet<\/h2>\n<p>V\u00e4rmestyling kan skada ditt \u00f6mt\u00e5liga h\u00e5r. Ist\u00e4llet, l\u00e5t ditt h\u00e5r lufttorka och anv\u00e4nd mjuka locktr\u00e5dar f\u00f6r att <strong>definiera dina lockar<\/strong> utan v\u00e4rme. T\u00e4nk p\u00e5 ditt h\u00e5r som en \u00f6mt\u00e5lig tr\u00e4dg\u00e5rd &#8211; f\u00f6r mycket &#8221;sol&#8221; kan skada dina vackra &#8221;blommor&#8221;.<\/p>\n<h2>5. Sov p\u00e5 ett silkes\u00f6rngott f\u00f6r mindre friss<\/h2>\n<p>Ett enkelt trick f\u00f6r att bevara din frisyr \u00f6ver natten \u00e4r att sova p\u00e5 ett silkes\u00f6rngott. Detta minskar friss och h\u00e5ravfall samtidigt som det hj\u00e4lper till att <strong>beh\u00e5lla fukt i h\u00e5ret<\/strong>. Det \u00e4r som att ge ditt h\u00e5r en mjuk kram hela natten!<\/p>\n<h2>6. Regelbundna klippningar f\u00f6r friskt h\u00e5r<\/h2>\n<p>\u00c4ven om du vill beh\u00e5lla l\u00e4ngden p\u00e5 ditt h\u00e5r, \u00e4r regelbundna trimningar viktiga. <strong>Lisa Johnson<\/strong>, en erfaren fris\u00f6r, delar med sig: &#8221;Klipp h\u00e5ret var 6-8 vecka f\u00f6r att bli av med slitna toppar och beh\u00e5lla formen p\u00e5 din permanent.&#8221; Detta hj\u00e4lper ditt h\u00e5r att se friskare och mer ungdomligt ut.<\/p>\n<h2>7. N\u00e4ring inifr\u00e5n och ut<\/h2>\n<p>Din kost spelar en viktig roll f\u00f6r ditt h\u00e5rs h\u00e4lsa. Inkludera dessa n\u00e4rings\u00e4mnen i din diet:<\/p>\n<ul>\n<li>Omega-3 fettsyror f\u00f6r glans och styrka<\/li>\n<li>Biotin f\u00f6r h\u00e5rtillv\u00e4xt<\/li>\n<li>Vitamin C f\u00f6r kollagenproduktion<\/li>\n<\/ul>\n<h2>8. Skydda ditt h\u00e5r fr\u00e5n solen<\/h2>\n<p>Solens UV-str\u00e5lar kan skada och bleka ditt h\u00e5r. Anv\u00e4nd en <strong>l\u00e4tt leave-in spray med UV-skydd<\/strong> n\u00e4r du \u00e4r utomhus. T\u00e4nk p\u00e5 ditt h\u00e5r som din krona &#8211; den f\u00f6rtj\u00e4nar kungligt skydd!<\/p>\n<h2>9. Mjuk styling f\u00f6r vardaglig elegans<\/h2>\n<p>F\u00f6r daglig styling, anv\u00e4nd en wide-tooth kam f\u00f6r att f\u00f6rsiktigt reda ut h\u00e5ret. Applicera en liten m\u00e4ngd mousse eller l\u00e4tt stylingkr\u00e4m f\u00f6r att <strong>definiera dina lockar<\/strong> utan att tynga ner dem. Detta ger dig en naturlig och sofistikerad look som passar perfekt f\u00f6r kvinnor i din \u00e5lder.<\/p>\n<h2>10. Omfamna din naturliga gr\u00e5het<\/h2>\n<p>Om du har gr\u00e5a h\u00e5rstr\u00e5n, \u00f6verv\u00e4g att omfamna dem! Gr\u00e5tt h\u00e5r kan ge en sofistikerad look som kompletterar din permanenta frisyr. Anv\u00e4nd ett silverschampo en g\u00e5ng i veckan f\u00f6r att <strong>motverka gula toner<\/strong> och h\u00e5lla din gr\u00e5a f\u00e4rg str\u00e5lande.<\/p>\n<p>Hur kan du g\u00f6ra din h\u00e5rv\u00e5rdsrutin till en avkopplande och gl\u00e4djefylld del av din dag? Genom att se det som en stund av sj\u00e4lvk\u00e4rlek och omtanke kan du inte bara f\u00f6rb\u00e4ttra utseendet p\u00e5 ditt h\u00e5r, utan ocks\u00e5 ditt \u00f6vergripande v\u00e4lbefinnande. Kom ih\u00e5g, ditt h\u00e5r \u00e4r en reflektion av din inre sk\u00f6nhet &#8211; v\u00e5rda det med k\u00e4rlek och se det blomstra!<\/p>\n","protected":false},"excerpt":{"rendered":"<p>L\u00e5t oss avsl\u00f6ja hemligheterna bakom att v\u00e5rda en mjuk permanent i din 70-\u00e5rs\u00e5lder! Att h\u00e5lla din frisyr fr\u00e4sch och v\u00e4lm\u00e5ende kan vara en utmaning, men med r\u00e4tt kunskap och produkter kan du beh\u00e5lla ett ungdomligt utseende och k\u00e4nsla. F\u00f6lj med p\u00e5 en resa genom vetenskapen om h\u00e5rv\u00e5rd f\u00f6r \u00e4ldre damer med permanentat h\u00e5r. 1. F\u00f6rst\u00e5 &#8230; <a title=\"Jag gjorde min 70-\u00e5riga permanent silkeslen p\u00e5 3 veckor (mitt \u00f6verraskande knep)\" class=\"read-more\" href=\"https:\/\/www.journee-mondiale.com\/se\/jag-gjorde-min-70-ariga-permanent-silkeslen-pa-3-veckor-mitt-overraskande-knep\/\" aria-label=\"L\u00e4s mer om Jag gjorde min 70-\u00e5riga permanent silkeslen p\u00e5 3 veckor (mitt \u00f6verraskande knep)\">Lire plus<\/a><\/p>\n","protected":false},"author":1,"featured_media":12069,"comment_status":"closed","ping_status":"","sticky":false,"template":"","format":"standard","meta":{"footnotes":""},"categories":[37],"tags":[],"class_list":["post-12070","post","type-post","status-publish","format-standard","has-post-thumbnail","hentry","category-livsstil"],"acf":[],"_yoast_wpseo_primary_category":null,"_yoast_wpseo_title":null,"_yoast_wpseo_metadesc":null,"_links":{"self":[{"href":"https:\/\/www.journee-mondiale.com\/se\/wp-json\/wp\/v2\/posts\/12070","targetHints":{"allow":["GET"]}}],"collection":[{"href":"https:\/\/www.journee-mondiale.com\/se\/wp-json\/wp\/v2\/posts"}],"about":[{"href":"https:\/\/www.journee-mondiale.com\/se\/wp-json\/wp\/v2\/types\/post"}],"author":[{"embeddable":true,"href":"https:\/\/www.journee-mondiale.com\/se\/wp-json\/wp\/v2\/users\/1"}],"replies":[{"embeddable":true,"href":"https:\/\/www.journee-mondiale.com\/se\/wp-json\/wp\/v2\/comments?post=12070"}],"version-history":[{"count":1,"href":"https:\/\/www.journee-mondiale.com\/se\/wp-json\/wp\/v2\/posts\/12070\/revisions"}],"predecessor-version":[{"id":12102,"href":"https:\/\/www.journee-mondiale.com\/se\/wp-json\/wp\/v2\/posts\/12070\/revisions\/12102"}],"wp:featuredmedia":[{"embeddable":true,"href":"https:\/\/www.journee-mondiale.com\/se\/wp-json\/wp\/v2\/media\/12069"}],"wp:attachment":[{"href":"https:\/\/www.journee-mondiale.com\/se\/wp-json\/wp\/v2\/media?parent=12070"}],"wp:term":[{"taxonomy":"category","embeddable":true,"href":"https:\/\/www.journee-mondiale.com\/se\/wp-json\/wp\/v2\/categories?post=12070"},{"taxonomy":"post_tag","embeddable":true,"href":"https:\/\/www.journee-mondiale.com\/se\/wp-json\/wp\/v2\/tags?post=12070"}],"curies":[{"name":"wp","href":"https:\/\/api.w.org\/{rel}","templated":true}]}}