{"id":12057,"date":"2025-02-04T04:05:39","date_gmt":"2025-02-04T09:05:39","guid":{"rendered":"https:\/\/www.journee-mondiale.com\/se\/den-ovantade-frisyren-som-fick-mig-att-se-10-ar-yngre-ut-min-stylist-avslojade-hemligheten\/"},"modified":"2025-02-05T01:55:18","modified_gmt":"2025-02-05T06:55:18","slug":"den-ovantade-frisyren-som-fick-mig-att-se-10-ar-yngre-ut-min-stylist-avslojade-hemligheten","status":"publish","type":"post","link":"https:\/\/www.journee-mondiale.com\/se\/den-ovantade-frisyren-som-fick-mig-att-se-10-ar-yngre-ut-min-stylist-avslojade-hemligheten\/","title":{"rendered":"Den ov\u00e4ntade frisyren som fick mig att se 10 \u00e5r yngre ut (min stylist avsl\u00f6jade hemligheten)"},"content":{"rendered":"<p>L\u00e5t oss avsl\u00f6ja hemligheterna bakom en av de mest eftertraktade frisyrerna f\u00f6r kvinnor \u00f6ver 60 &#8211; den texturerade boben. Denna klassiska klippning har f\u00e5tt en modern twist som inte bara tar \u00e5r fr\u00e5n ditt utseende, utan ocks\u00e5 ger dig ett sj\u00e4lvs\u00e4kert lyft i vardagen.<\/p>\n<h2>Varf\u00f6r den texturerade boben \u00e4r perfekt f\u00f6r kvinnor \u00f6ver 60<\/h2>\n<p>Den texturerade boben \u00e4r en <strong>m\u00e5ngsidig frisyr<\/strong> som passar de flesta ansiktsformer och h\u00e5rtyper. Dr. Sarah Thompson, h\u00e5rv\u00e5rdsexpert vid New York Wellness Center, f\u00f6rklarar: &#8221;En v\u00e4lklippt bob kan rama in ansiktet p\u00e5 ett smickrande s\u00e4tt och ge illusionen av fylligare, ungdomligare h\u00e5r &#8211; s\u00e4rskilt viktigt f\u00f6r kvinnor \u00f6ver 60 som kan uppleva tunnare h\u00e5r.&#8221;<\/p>\n<h2>Hemligheten bakom den perfekta texturerade boben<\/h2>\n<p>Nyckeln till en ungdomlig bob ligger i <strong>texturen och lagerna<\/strong>. Precis som en v\u00e4lkomponerad symfoni d\u00e4r varje instrument spelar sin roll, arbetar varje lager i en texturerad bob tillsammans f\u00f6r att skapa en harmonisk och livfull frisyr.<\/p>\n<h2>5 enkla steg f\u00f6r att styla din texturerade bob<\/h2>\n<ul>\n<li>B\u00f6rja med fuktigt h\u00e5r och applicera en volymgivande mousse<\/li>\n<li>F\u00f6na h\u00e5ret upp\u00e5t vid r\u00f6tterna f\u00f6r extra lyft<\/li>\n<li>Anv\u00e4nd en rund borste f\u00f6r att skapa mjuka v\u00e5gor<\/li>\n<li>Avsluta med en l\u00e4tt texturspray f\u00f6r definition<\/li>\n<li>Fixa frisyren med en flexible h\u00e5rspray<\/li>\n<\/ul>\n<h2>Hur den r\u00e4tta boben kan ta ett decennium fr\u00e5n ditt utseende<\/h2>\n<p>En v\u00e4l utf\u00f6rd texturerad bob kan verka som en tidsmaskin f\u00f6r ditt utseende. Linda, 62, delar sin upplevelse: &#8221;Efter att ha provat <a href=\"https:\/\/www.journee-mondiale.com\/en\/i-tried-7-bob-haircuts-after-50-this-edgy-style-took-years-off-my-face\/\">7 olika bobfrisyrer<\/a>, hittade jag \u00e4ntligen den perfekta stilen som tog bort \u00e5r fr\u00e5n mitt ansikte. Det var som magi &#8211; pl\u00f6tsligt k\u00e4nde jag mig fr\u00e4sch och ungdomlig igen!&#8221;<\/p>\n<h2>De b\u00e4sta produkterna f\u00f6r att underh\u00e5lla din texturerade bob<\/h2>\n<p>F\u00f6r att h\u00e5lla din bob i toppskick, rekommenderar experter f\u00f6ljande <strong>nyckelproudukter<\/strong>:<\/p>\n<ul>\n<li>En l\u00e4tt leave-in conditioner f\u00f6r att motverka frissighet<\/li>\n<li>En volymgivande mousse f\u00f6r extra lyft vid r\u00f6tterna<\/li>\n<li>En texturiserande spray f\u00f6r att framh\u00e4va lagerna<\/li>\n<\/ul>\n<h2>Anpassa din bob efter din ansiktsform<\/h2>\n<p>Precis som en skr\u00e4ddarsydd kostym framh\u00e4ver din kroppsform, kan en anpassad bob lyfta fram dina b\u00e4sta drag. F\u00f6r runda ansikten, prova en l\u00e4ngre bob som n\u00e5r haklinjen. Har du ett ovalt ansikte? En <a href=\"https:\/\/www.journee-mondiale.com\/en\/i-tried-5-layered-haircuts-after-50-heres-what-took-years-off-my-face\/\">lagrad frisyr<\/a> kan ge extra volym och r\u00f6relse.<\/p>\n<h2>F\u00e4rgval som kompletterar din texturerade bob<\/h2>\n<p>R\u00e4tt f\u00e4rgval kan f\u00f6rvandla din bob fr\u00e5n fin till fantastisk. &#8221;Subtila slingor eller balayage kan ge dimension och liv till en texturerad bob,&#8221; s\u00e4ger colorist Maria Rodriguez. &#8221;Det \u00e4r som att m\u00e5la solljus i ditt h\u00e5r &#8211; det ger en naturlig gl\u00f6d som lyfter hela ditt utseende.&#8221;<\/p>\n<h2>Underh\u00e5ll din bob mellan salongsbes\u00f6ken<\/h2>\n<p>F\u00f6r att h\u00e5lla din bob i toppform mellan klippningarna, prova dessa <strong>enkla tips<\/strong>:<\/p>\n<blockquote><p>&#8221;Investera i en bra h\u00e5rf\u00f6n och en rund borste. En snabb styling varje morgon kan g\u00f6ra underverk f\u00f6r att bibeh\u00e5lla formen,&#8221; r\u00e5der fris\u00f6r Tom Chen.<\/p><\/blockquote>\n<p>Genom att f\u00f6lja dessa r\u00e5d och anpassa din texturerade bob efter dina unika drag, kan du uppn\u00e5 en tidl\u00f6s och ungdomlig look som str\u00e5lar av sj\u00e4lvs\u00e4kerhet. \u00c4r du redo att omfamna kraften i den perfekta boben? Din resa mot en fr\u00e4schare, mer ungdomlig look b\u00f6rjar med ett enkelt klipp!<\/p>\n<p>Hur kan en ny frisyr f\u00f6r\u00e4ndra ditt liv? Det handlar inte bara om utseendet &#8211; en v\u00e4lvald frisyr kan ge dig ett enormt sj\u00e4lvf\u00f6rtroendeboost och inspirera dig att omfamna nya m\u00f6jligheter. Ta steget och uppt\u00e4ck hur en texturerad bob kan vara nyckeln till att l\u00e5sa upp din inre ungdomlighet och utstr\u00e5lning.<\/p>\n","protected":false},"excerpt":{"rendered":"<p>L\u00e5t oss avsl\u00f6ja hemligheterna bakom en av de mest eftertraktade frisyrerna f\u00f6r kvinnor \u00f6ver 60 &#8211; den texturerade boben. Denna klassiska klippning har f\u00e5tt en modern twist som inte bara tar \u00e5r fr\u00e5n ditt utseende, utan ocks\u00e5 ger dig ett sj\u00e4lvs\u00e4kert lyft i vardagen. Varf\u00f6r den texturerade boben \u00e4r perfekt f\u00f6r kvinnor \u00f6ver 60 Den &#8230; <a title=\"Den ov\u00e4ntade frisyren som fick mig att se 10 \u00e5r yngre ut (min stylist avsl\u00f6jade hemligheten)\" class=\"read-more\" href=\"https:\/\/www.journee-mondiale.com\/se\/den-ovantade-frisyren-som-fick-mig-att-se-10-ar-yngre-ut-min-stylist-avslojade-hemligheten\/\" aria-label=\"L\u00e4s mer om Den ov\u00e4ntade frisyren som fick mig att se 10 \u00e5r yngre ut (min stylist avsl\u00f6jade hemligheten)\">Lire plus<\/a><\/p>\n","protected":false},"author":1,"featured_media":12056,"comment_status":"closed","ping_status":"","sticky":false,"template":"","format":"standard","meta":{"footnotes":""},"categories":[37],"tags":[],"class_list":["post-12057","post","type-post","status-publish","format-standard","has-post-thumbnail","hentry","category-livsstil"],"acf":[],"_yoast_wpseo_primary_category":null,"_yoast_wpseo_title":null,"_yoast_wpseo_metadesc":null,"_links":{"self":[{"href":"https:\/\/www.journee-mondiale.com\/se\/wp-json\/wp\/v2\/posts\/12057","targetHints":{"allow":["GET"]}}],"collection":[{"href":"https:\/\/www.journee-mondiale.com\/se\/wp-json\/wp\/v2\/posts"}],"about":[{"href":"https:\/\/www.journee-mondiale.com\/se\/wp-json\/wp\/v2\/types\/post"}],"author":[{"embeddable":true,"href":"https:\/\/www.journee-mondiale.com\/se\/wp-json\/wp\/v2\/users\/1"}],"replies":[{"embeddable":true,"href":"https:\/\/www.journee-mondiale.com\/se\/wp-json\/wp\/v2\/comments?post=12057"}],"version-history":[{"count":1,"href":"https:\/\/www.journee-mondiale.com\/se\/wp-json\/wp\/v2\/posts\/12057\/revisions"}],"predecessor-version":[{"id":12105,"href":"https:\/\/www.journee-mondiale.com\/se\/wp-json\/wp\/v2\/posts\/12057\/revisions\/12105"}],"wp:featuredmedia":[{"embeddable":true,"href":"https:\/\/www.journee-mondiale.com\/se\/wp-json\/wp\/v2\/media\/12056"}],"wp:attachment":[{"href":"https:\/\/www.journee-mondiale.com\/se\/wp-json\/wp\/v2\/media?parent=12057"}],"wp:term":[{"taxonomy":"category","embeddable":true,"href":"https:\/\/www.journee-mondiale.com\/se\/wp-json\/wp\/v2\/categories?post=12057"},{"taxonomy":"post_tag","embeddable":true,"href":"https:\/\/www.journee-mondiale.com\/se\/wp-json\/wp\/v2\/tags?post=12057"}],"curies":[{"name":"wp","href":"https:\/\/api.w.org\/{rel}","templated":true}]}}