{"id":12053,"date":"2025-02-04T03:58:59","date_gmt":"2025-02-04T08:58:59","guid":{"rendered":"https:\/\/www.journee-mondiale.com\/se\/jag-provade-7-frisyrer-efter-50-har-ar-vad-som-tog-ar-av-mitt-ansikte\/"},"modified":"2025-02-05T01:55:21","modified_gmt":"2025-02-05T06:55:21","slug":"jag-provade-7-frisyrer-efter-50-har-ar-vad-som-tog-ar-av-mitt-ansikte","status":"publish","type":"post","link":"https:\/\/www.journee-mondiale.com\/se\/jag-provade-7-frisyrer-efter-50-har-ar-vad-som-tog-ar-av-mitt-ansikte\/","title":{"rendered":"Jag provade 7 frisyrer efter 50 &#8211; h\u00e4r \u00e4r vad som tog \u00e5r av mitt ansikte"},"content":{"rendered":"<p>L\u00e5t oss avsl\u00f6ja hemligheterna bakom de mest balanserade frisyrerna f\u00f6r \u00e4ldre kvinnor. Har du n\u00e5gonsin undrat varf\u00f6r vissa frisyrer f\u00e5r dig att se yngre och mer vital ut, medan andra g\u00f6r motsatsen? Det handlar inte bara om att klippa bort n\u00e5gra centimeter &#8211; det \u00e4r en konst att hitta den perfekta balansen mellan stil och ansiktsform.<\/p>\n<h2>Konsten att rama in ansiktet<\/h2>\n<p>Enligt Dr. Sarah Thompson, en ledande dermatolog vid New York Wellness Center, &#8221;R\u00e4tt frisyr kan fungera som en naturlig ansiktslyftning, <strong>framh\u00e4va dina b\u00e4sta drag<\/strong> och mjuka upp eventuella \u00e5lderstecken.&#8221; T\u00e4nk p\u00e5 din frisyr som ramen till ett vackert portr\u00e4tt &#8211; den b\u00f6r komplettera, inte konkurrera med, ditt ansikte.<\/p>\n<h2>Bob-frisyren: En tidl\u00f6s favorit<\/h2>\n<p>Bob-frisyren har l\u00e4nge varit en favorit bland kvinnor i alla \u00e5ldrar, och med god anledning. Den <strong>klassiska boben<\/strong> kan anpassas f\u00f6r att passa olika ansiktsformer och h\u00e5rstrukturer. F\u00f6r kvinnor \u00f6ver 50 kan en l\u00e4tt skiktad bob ge volym och r\u00f6relse, samtidigt som den ramar in ansiktet p\u00e5 ett smickrande s\u00e4tt. <a href=\"https:\/\/www.journee-mondiale.com\/en\/i-tried-7-bob-haircuts-after-50-heres-what-took-years-off-my-face\/\">H\u00e4r \u00e4r n\u00e5gra varianter av bob-frisyrer<\/a> som kan ta \u00e5r av ditt utseende.<\/p>\n<h2>Pixie-klippningen: Modig och ungdomlig<\/h2>\n<p>F\u00f6r den som v\u00e5gar ta steget till en kortare frisyr kan en pixie-klippning vara ett utm\u00e4rkt val. Denna frisyr kan <strong>lyfta ansiktsdragen<\/strong> och ge ett fr\u00e4scht, ungdomligt utseende. &#8221;En v\u00e4lklippt pixie kan vara lika f\u00f6ryngrande som en ansiktsbehandling,&#8221; s\u00e4ger fris\u00f6ren Maria Rodriguez. Hon till\u00e4gger, &#8221;Det handlar om att anpassa l\u00e4ngden och texturen f\u00f6r att framh\u00e4va kundens b\u00e4sta egenskaper.&#8221;<\/p>\n<h2>Lager f\u00f6r volym och r\u00f6relse<\/h2>\n<p>Oavsett h\u00e5rl\u00e4ngd kan lager g\u00f6ra underverk f\u00f6r att ge h\u00e5ret liv och r\u00f6relse. F\u00f6r kvinnor med tunt h\u00e5r kan lager skapa en illusion av <strong>fylligare h\u00e5r<\/strong>. En medell\u00e5ng frisyr med mjuka lager kan vara s\u00e4rskilt smickrande och l\u00e4tt att underh\u00e5lla. <a href=\"https:\/\/www.journee-mondiale.com\/en\/i-tried-7-layered-haircuts-after-50-heres-what-took-years-off-my-face\/\">Dessa skiktade frisyrer<\/a> kan ta \u00e5r av ditt utseende.<\/p>\n<h2>L\u00e5nga lockar: Elegant och sofistikerat<\/h2>\n<p>Gl\u00f6m myten om att kvinnor \u00f6ver en viss \u00e5lder m\u00e5ste klippa h\u00e5ret kort. L\u00e5ngt h\u00e5r kan vara b\u00e5de elegant och ungdomligt, s\u00e4rskilt med r\u00e4tt styling. <strong>Mjuka v\u00e5gor eller lockar<\/strong> kan ge en sofistikerad look som passar perfekt f\u00f6r b\u00e5de vardag och fest. <a href=\"https:\/\/www.journee-mondiale.com\/en\/i-tried-7-curly-hairstyles-after-50-heres-what-took-years-off-my-face\/\">H\u00e4r \u00e4r n\u00e5gra lockiga frisyrer<\/a> som kan ge dig ett yngre utseende.<\/p>\n<h2>Bangs: Den hemliga ingrediensen<\/h2>\n<p>En v\u00e4l klippt lugg kan vara det hemliga vapnet i din sk\u00f6nhetsarsenal. &#8221;Bangs kan d\u00f6lja fina linjer i pannan och rama in \u00f6gonen p\u00e5 ett smickrande s\u00e4tt,&#8221; f\u00f6rklarar Dr. Thompson. Oavsett om du f\u00f6redrar en rak, fransig eller sidosvept lugg, kan denna enkla f\u00f6r\u00e4ndring g\u00f6ra en dramatisk skillnad i ditt utseende.<\/p>\n<h2>F\u00e4rg och dimension<\/h2>\n<p>Att l\u00e4gga till <strong>subtila highlights<\/strong> eller lowlights kan ge h\u00e5ret djup och dimension, vilket i sin tur kan lyfta hela ditt utseende. &#8221;T\u00e4nk p\u00e5 h\u00e5rf\u00e4rg som konturering f\u00f6r h\u00e5ret,&#8221; s\u00e4ger coloristen Alex Chen. &#8221;R\u00e4tt placerade nyanser kan framh\u00e4va dina b\u00e4sta drag och ge liv \u00e5t din hudton.&#8221;<\/p>\n<h2>V\u00e5ga experimentera<\/h2>\n<p>Kom ih\u00e5g att det b\u00e4sta s\u00e4ttet att hitta din perfekta frisyr \u00e4r att v\u00e5ga prova n\u00e5got nytt. M\u00e5nga kvinnor uppt\u00e4cker att en <strong>dramatisk f\u00f6r\u00e4ndring<\/strong> kan vara otroligt uppfriskande. <a href=\"https:\/\/www.journee-mondiale.com\/en\/my-60-year-old-moms-hair-transformation-3-short-styles-that-took-years-off-her-look\/\">Denna inspirerande ber\u00e4ttelse<\/a> om en 60-\u00e5rig kvinnas h\u00e5rtransformation visar hur tre olika korta stilar f\u00f6ryngrade hennes utseende.<\/p>\n<h2>Tips f\u00f6r h\u00e4lsosamt h\u00e5r i alla \u00e5ldrar<\/h2>\n<ul>\n<li>Anv\u00e4nd v\u00e4rmeskydd f\u00f6re styling<\/li>\n<li>Investera i kvalitetsprodukter anpassade f\u00f6r ditt h\u00e5r<\/li>\n<li>Ge ditt h\u00e5r extra n\u00e4ring med regelbundna behandlingar<\/li>\n<\/ul>\n<h2>Volym: Nyckeln till ungdomligt h\u00e5r<\/h2>\n<p>Att skapa volym \u00e4r ofta nyckeln till ett ungdomligt utseende. <a href=\"https:\/\/www.journee-mondiale.com\/en\/i-cut-3-inches-and-doubled-my-hair-volume-the-truth-about-thick-hair-in-winter-2025\/\">Denna artikel<\/a> avsl\u00f6jar hur en enkel klippning p\u00e5 3 tum f\u00f6rdubblade h\u00e5rvolymen och ger insikter om att uppn\u00e5 tjockt h\u00e5r under vintern 2025.<\/p>\n<p>Vilken frisyr kommer att bli din signaturstil f\u00f6r 2025? Med dessa tips och id\u00e9er \u00e4r du redo att utforska en v\u00e4rld av m\u00f6jligheter. Kom ih\u00e5g, den b\u00e4sta frisyren \u00e4r den som f\u00e5r dig att k\u00e4nna dig vacker, sj\u00e4lvs\u00e4ker och autentiskt dig sj\u00e4lv. L\u00e5t ditt h\u00e5r vara din krona \u2013 b\u00e4r den med stolthet!<\/p>\n","protected":false},"excerpt":{"rendered":"<p>L\u00e5t oss avsl\u00f6ja hemligheterna bakom de mest balanserade frisyrerna f\u00f6r \u00e4ldre kvinnor. Har du n\u00e5gonsin undrat varf\u00f6r vissa frisyrer f\u00e5r dig att se yngre och mer vital ut, medan andra g\u00f6r motsatsen? Det handlar inte bara om att klippa bort n\u00e5gra centimeter &#8211; det \u00e4r en konst att hitta den perfekta balansen mellan stil och &#8230; <a title=\"Jag provade 7 frisyrer efter 50 &#8211; h\u00e4r \u00e4r vad som tog \u00e5r av mitt ansikte\" class=\"read-more\" href=\"https:\/\/www.journee-mondiale.com\/se\/jag-provade-7-frisyrer-efter-50-har-ar-vad-som-tog-ar-av-mitt-ansikte\/\" aria-label=\"L\u00e4s mer om Jag provade 7 frisyrer efter 50 &#8211; h\u00e4r \u00e4r vad som tog \u00e5r av mitt ansikte\">Lire plus<\/a><\/p>\n","protected":false},"author":1,"featured_media":12052,"comment_status":"closed","ping_status":"","sticky":false,"template":"","format":"standard","meta":{"footnotes":""},"categories":[37],"tags":[],"class_list":["post-12053","post","type-post","status-publish","format-standard","has-post-thumbnail","hentry","category-livsstil"],"acf":[],"_yoast_wpseo_primary_category":null,"_yoast_wpseo_title":null,"_yoast_wpseo_metadesc":null,"_links":{"self":[{"href":"https:\/\/www.journee-mondiale.com\/se\/wp-json\/wp\/v2\/posts\/12053","targetHints":{"allow":["GET"]}}],"collection":[{"href":"https:\/\/www.journee-mondiale.com\/se\/wp-json\/wp\/v2\/posts"}],"about":[{"href":"https:\/\/www.journee-mondiale.com\/se\/wp-json\/wp\/v2\/types\/post"}],"author":[{"embeddable":true,"href":"https:\/\/www.journee-mondiale.com\/se\/wp-json\/wp\/v2\/users\/1"}],"replies":[{"embeddable":true,"href":"https:\/\/www.journee-mondiale.com\/se\/wp-json\/wp\/v2\/comments?post=12053"}],"version-history":[{"count":1,"href":"https:\/\/www.journee-mondiale.com\/se\/wp-json\/wp\/v2\/posts\/12053\/revisions"}],"predecessor-version":[{"id":12107,"href":"https:\/\/www.journee-mondiale.com\/se\/wp-json\/wp\/v2\/posts\/12053\/revisions\/12107"}],"wp:featuredmedia":[{"embeddable":true,"href":"https:\/\/www.journee-mondiale.com\/se\/wp-json\/wp\/v2\/media\/12052"}],"wp:attachment":[{"href":"https:\/\/www.journee-mondiale.com\/se\/wp-json\/wp\/v2\/media?parent=12053"}],"wp:term":[{"taxonomy":"category","embeddable":true,"href":"https:\/\/www.journee-mondiale.com\/se\/wp-json\/wp\/v2\/categories?post=12053"},{"taxonomy":"post_tag","embeddable":true,"href":"https:\/\/www.journee-mondiale.com\/se\/wp-json\/wp\/v2\/tags?post=12053"}],"curies":[{"name":"wp","href":"https:\/\/api.w.org\/{rel}","templated":true}]}}