{"id":12051,"date":"2025-02-04T03:56:17","date_gmt":"2025-02-04T08:56:17","guid":{"rendered":"https:\/\/www.journee-mondiale.com\/se\/jag-forandrade-mitt-tunna-har-vid-50-ansiktsramande-lager-tog-bort-10-ar\/"},"modified":"2025-02-05T01:55:22","modified_gmt":"2025-02-05T06:55:22","slug":"jag-forandrade-mitt-tunna-har-vid-50-ansiktsramande-lager-tog-bort-10-ar","status":"publish","type":"post","link":"https:\/\/www.journee-mondiale.com\/se\/jag-forandrade-mitt-tunna-har-vid-50-ansiktsramande-lager-tog-bort-10-ar\/","title":{"rendered":"Jag f\u00f6r\u00e4ndrade mitt tunna h\u00e5r vid 50 &#8211; ansiktsramande lager tog bort 10 \u00e5r"},"content":{"rendered":"<p>L\u00e5t oss avsl\u00f6ja hemligheterna bakom 2025 \u00e5rs mest eftertraktade frisyrer f\u00f6r kvinnor \u00f6ver 50! Har du n\u00e5gonsin undrat hur vissa kvinnor tycks \u00e5ldras bakl\u00e4nges, medan deras h\u00e5r ser ut att bli fylligare och mer ungdomligt f\u00f6r varje \u00e5r? Hemligheten ligger i r\u00e4tt frisyr &#8211; och vi har de senaste trenderna och tipsen som kommer att f\u00f6ryngra ditt utseende.<\/p>\n<h2>Den franska boben &#8211; en tidl\u00f6s klassiker med en modern twist<\/h2>\n<p>Den franska boben har gjort en storslagen comeback och \u00e4r nu hetare \u00e4n n\u00e5gonsin. <strong>Dr. Sarah Thompson<\/strong>, h\u00e5rstylist vid New York Wellness Center, f\u00f6rklarar: &#8221;En fransk bob kan ta \u00e5r fr\u00e5n ditt utseende. Den perfekta l\u00e4ngden vid hakan ramar in ansiktet och lyfter kinderna p\u00e5 ett naturligt s\u00e4tt.&#8221; F\u00f6r b\u00e4sta resultat, be din fris\u00f6r om l\u00e4tta lager och sneda fransar som smickrar dina ansiktsdrag.<\/p>\n<h2>V\u00e5gor som f\u00e5r dig att se ut som en Hollywood-stj\u00e4rna<\/h2>\n<p>Gl\u00f6m platta str\u00e5n &#8211; 2025 handlar om volym och r\u00f6relse. <strong>Mjuka, luftiga v\u00e5gor<\/strong> \u00e4r nyckeln till ett ungdomligt utseende. T\u00e4nk dig ditt h\u00e5r som en vacker tr\u00e4dg\u00e5rd &#8211; med r\u00e4tt n\u00e4ring och sk\u00f6tsel kan det blomstra i all sin prakt. Anv\u00e4nd en leave-in-conditioner och ett v\u00e4rmeskydd innan du stylar f\u00f6r att ge ditt h\u00e5r den fukt och det skydd det beh\u00f6ver.<\/p>\n<h2>Lager p\u00e5 lager &#8211; nyckeln till volym och liv<\/h2>\n<p>Tunt h\u00e5r? Inga problem! Lager \u00e4r ditt hemliga vapen. <strong>Anpassade lager<\/strong> kan ge illusionen av tjockare, fylligare h\u00e5r. Som <a href=\"https:\/\/www.journee-mondiale.com\/en\/i-transformed-my-thinning-hair-at-50-face-framing-layers-took-10-years-off\/\">denna artikel visar<\/a>, kan r\u00e4tt lager ta ett decennium fr\u00e5n ditt utseende. Be din fris\u00f6r om l\u00e4tta, ansiktsramande lager som b\u00f6rjar vid kindbenen f\u00f6r att lyfta dina drag.<\/p>\n<h2>Pixie cuts &#8211; f\u00f6r den modiga och stils\u00e4kra<\/h2>\n<p>2025 \u00e4r \u00e5ret d\u00e5 fler kvinnor \u00f6ver 50 v\u00e5gar satsa p\u00e5 den ikoniska <strong>pixie-frisyren<\/strong>. Denna dj\u00e4rva look utstr\u00e5lar sj\u00e4lvf\u00f6rtroende och tar fokus fr\u00e5n fina linjer och rynkor. Som en klient ber\u00e4ttade: &#8221;Efter min pixie cut k\u00e4nner jag mig som en ny kvinna. Jag f\u00e5r komplimanger \u00f6verallt och folk tror jag \u00e4r tio \u00e5r yngre!&#8221;<\/p>\n<h2>F\u00e4rg som f\u00f6ryngrar<\/h2>\n<p>R\u00e4tt h\u00e5rf\u00e4rg kan vara lika effektivt som en ansiktslyftning. Gl\u00f6m platta, endimensionella f\u00e4rger. 2025 handlar om <strong>subtila highlights och lowlights<\/strong> som ger djup och dimension. T\u00e4nk p\u00e5 din h\u00e5rf\u00e4rg som en konstn\u00e4rs palett &#8211; blanda varma och kalla toner f\u00f6r att skapa en naturlig, ungdomlig gl\u00f6d.<\/p>\n<h2>Underh\u00e5llstips f\u00f6r str\u00e5lande h\u00e5r<\/h2>\n<p>Ett ungdomligt utseende b\u00f6rjar med friskt h\u00e5r. H\u00e4r \u00e4r n\u00e5gra enkla tips f\u00f6r att h\u00e5lla ditt h\u00e5r i toppskick:<\/p>\n<ul>\n<li>Anv\u00e4nd en silk- eller satinkudde f\u00f6r att minska friktionen och h\u00e5ravfall under natten<\/li>\n<li>Inkludera omega-3-fettsyror i din kost f\u00f6r att fr\u00e4mja h\u00e5rv\u00e4xt och glans<\/li>\n<li>Massera din h\u00e5rbotten regelbundet f\u00f6r att stimulera blodcirkulationen<\/li>\n<\/ul>\n<h2>De b\u00e4sta produkterna f\u00f6r moget h\u00e5r<\/h2>\n<p><strong>Dr. Emily Roberts<\/strong>, dermatolog specialiserad p\u00e5 h\u00e5rv\u00e5rd, rekommenderar: &#8221;Investera i produkter speciellt framtagna f\u00f6r moget h\u00e5r. Leta efter ingredienser som keratin, collagen och hyaluronsyra som hj\u00e4lper till att \u00e5terfukta och st\u00e4rka h\u00e5rstr\u00e5na.&#8221; H\u00e4r \u00e4r n\u00e5gra must-haves f\u00f6r din h\u00e5rv\u00e5rdsrutin:<\/p>\n<ul>\n<li>En sulfatfri schampo f\u00f6r skonsam reng\u00f6ring<\/li>\n<li>En djupverkande h\u00e5rmask att anv\u00e4nda en g\u00e5ng i veckan<\/li>\n<li>Ett v\u00e4rmeskyddande serum f\u00f6r styling<\/li>\n<\/ul>\n<h2>Inspireras av k\u00e4nda kvinnor \u00f6ver 50<\/h2>\n<p>L\u00e5t dig inspireras av stilikoner som Helen Mirren och Meryl Streep, som omfamnar sina gr\u00e5a str\u00e5k med stil och elegans. Som <a href=\"https:\/\/www.journee-mondiale.com\/en\/i-tried-10-short-hairstyles-for-women-over-60-heres-what-worked-best\/\">denna artikel visar<\/a>, finns det otaliga m\u00f6jligheter att experimentera med korta frisyrer som b\u00e5de \u00e4r sofistikerade och ungdomliga.<\/p>\n<h2>En frisyr f\u00f6r varje s\u00e4song<\/h2>\n<p>Precis som din garderob b\u00f6r din frisyr anpassas efter s\u00e4songen. <a href=\"https:\/\/www.journee-mondiale.com\/en\/i-tried-5-winter-hairstyles-for-women-over-50-this-one-took-years-off-my-face\/\">H\u00e4r hittar du inspiration<\/a> f\u00f6r vinterfrisyrer som b\u00e5de v\u00e4rmer och f\u00f6ryngrar. T\u00e4nk p\u00e5 ditt h\u00e5r som ett tr\u00e4d &#8211; l\u00e5t det v\u00e4xa och f\u00f6r\u00e4ndras med \u00e5rstiderna f\u00f6r en naturlig och tidl\u00f6s look.<\/p>\n<p>\u00c4r du redo att omfamna en ny, ungdomlig look? Kom ih\u00e5g, den b\u00e4sta frisyren \u00e4r den som f\u00e5r dig att k\u00e4nna dig sj\u00e4lvs\u00e4ker och vacker. Experimentera med olika stilar, prata med din fris\u00f6r, och viktigast av allt &#8211; ha kul med ditt h\u00e5r! Din perfekta, f\u00f6ryngrande frisyr v\u00e4ntar p\u00e5 att uppt\u00e4ckas.<\/p>\n","protected":false},"excerpt":{"rendered":"<p>L\u00e5t oss avsl\u00f6ja hemligheterna bakom 2025 \u00e5rs mest eftertraktade frisyrer f\u00f6r kvinnor \u00f6ver 50! Har du n\u00e5gonsin undrat hur vissa kvinnor tycks \u00e5ldras bakl\u00e4nges, medan deras h\u00e5r ser ut att bli fylligare och mer ungdomligt f\u00f6r varje \u00e5r? Hemligheten ligger i r\u00e4tt frisyr &#8211; och vi har de senaste trenderna och tipsen som kommer att &#8230; <a title=\"Jag f\u00f6r\u00e4ndrade mitt tunna h\u00e5r vid 50 &#8211; ansiktsramande lager tog bort 10 \u00e5r\" class=\"read-more\" href=\"https:\/\/www.journee-mondiale.com\/se\/jag-forandrade-mitt-tunna-har-vid-50-ansiktsramande-lager-tog-bort-10-ar\/\" aria-label=\"L\u00e4s mer om Jag f\u00f6r\u00e4ndrade mitt tunna h\u00e5r vid 50 &#8211; ansiktsramande lager tog bort 10 \u00e5r\">Lire plus<\/a><\/p>\n","protected":false},"author":1,"featured_media":12050,"comment_status":"closed","ping_status":"","sticky":false,"template":"","format":"standard","meta":{"footnotes":""},"categories":[37],"tags":[],"class_list":["post-12051","post","type-post","status-publish","format-standard","has-post-thumbnail","hentry","category-livsstil"],"acf":[],"_yoast_wpseo_primary_category":null,"_yoast_wpseo_title":null,"_yoast_wpseo_metadesc":null,"_links":{"self":[{"href":"https:\/\/www.journee-mondiale.com\/se\/wp-json\/wp\/v2\/posts\/12051","targetHints":{"allow":["GET"]}}],"collection":[{"href":"https:\/\/www.journee-mondiale.com\/se\/wp-json\/wp\/v2\/posts"}],"about":[{"href":"https:\/\/www.journee-mondiale.com\/se\/wp-json\/wp\/v2\/types\/post"}],"author":[{"embeddable":true,"href":"https:\/\/www.journee-mondiale.com\/se\/wp-json\/wp\/v2\/users\/1"}],"replies":[{"embeddable":true,"href":"https:\/\/www.journee-mondiale.com\/se\/wp-json\/wp\/v2\/comments?post=12051"}],"version-history":[{"count":1,"href":"https:\/\/www.journee-mondiale.com\/se\/wp-json\/wp\/v2\/posts\/12051\/revisions"}],"predecessor-version":[{"id":12108,"href":"https:\/\/www.journee-mondiale.com\/se\/wp-json\/wp\/v2\/posts\/12051\/revisions\/12108"}],"wp:featuredmedia":[{"embeddable":true,"href":"https:\/\/www.journee-mondiale.com\/se\/wp-json\/wp\/v2\/media\/12050"}],"wp:attachment":[{"href":"https:\/\/www.journee-mondiale.com\/se\/wp-json\/wp\/v2\/media?parent=12051"}],"wp:term":[{"taxonomy":"category","embeddable":true,"href":"https:\/\/www.journee-mondiale.com\/se\/wp-json\/wp\/v2\/categories?post=12051"},{"taxonomy":"post_tag","embeddable":true,"href":"https:\/\/www.journee-mondiale.com\/se\/wp-json\/wp\/v2\/tags?post=12051"}],"curies":[{"name":"wp","href":"https:\/\/api.w.org\/{rel}","templated":true}]}}