{"id":6937,"date":"2025-10-02T19:06:09","date_gmt":"2025-10-02T17:06:09","guid":{"rendered":"https:\/\/www.journee-mondiale.com\/nl\/dit-faeroer-dorp-van-30-inwoners-beschermt-europas-laatste-authentieke-grasdakgemeenschap\/"},"modified":"2025-10-02T19:06:09","modified_gmt":"2025-10-02T17:06:09","slug":"dit-faeroer-dorp-van-30-inwoners-beschermt-europas-laatste-authentieke-grasdakgemeenschap","status":"publish","type":"post","link":"https:\/\/www.journee-mondiale.com\/nl\/dit-faeroer-dorp-van-30-inwoners-beschermt-europas-laatste-authentieke-grasdakgemeenschap\/","title":{"rendered":"Dit Faer\u00f6er dorp van 30 inwoners beschermt Europa&#8217;s laatste authentieke grasdakgemeenschap"},"content":{"rendered":"<p>Ik stap uit de kleine rode huurauto en ben direct betoverd. Voor me ligt Saksun, een magisch fjorddorp met slechts <strong>30 inwoners<\/strong> genesteld tussen steile bergwanden op <strong>62.273\u00b0 noorderbreedte<\/strong>. De zwarte zandlagune glinstert in het ochtendlicht. Dit afgelegen Faer\u00f6er juweeltje ligt <strong>40 kilometer<\/strong> van hoofdstad T\u00f3rshavn, maar voelt als een tijdreis naar het verleden. Een trage oceaanmist rolt over de eeuwenoude turfhuizen terwijl ik me afvraag hoe lang dit dorp zijn authenticiteit kan behouden.<\/p>\n<h2>Het laatste authentieke Faer\u00f6er dorp voordat massatoerisme toeslaat<\/h2>\n<p>Wat maakt Saksun zo bijzonder? Met een bevolkingsdichtheid van amper <strong>1 inwoner per 0,24 km\u00b2<\/strong> behoort het tot de dunstbevolkte gemeenschappen van Europa. Ter vergelijking: Veneti\u00eb heeft <strong>630 inwoners per km\u00b2<\/strong>. Deze demografische zeldzaamheid schept een unieke sfeer.<\/p>\n<p>De traditionele turfhuizen met grasbegroeiing domineren het beeld &#8211; <strong>85% van alle gebouwen<\/strong> hier is historisch erfgoed. Het 17e-eeuwse D\u00favugar\u00f0ar museum huisvest niet alleen historische schatten maar is onderdeel van een actieve schapenboerderij met <strong>710 ooien<\/strong>.<\/p>\n<p>De toegang tot het museum kost <strong>150 DKK<\/strong> (ongeveer \u20ac20), wat betekent dat dagelijks meer geld dan mensen door dit dorp stroomt. Een economische anomalie die verder nergens in West-Europa voorkomt. <a href=\"https:\/\/www.journee-mondiale.com\/nl\/dit-noorse-havenstadje-van-47-000-inwoners-heeft-meer-art-nouveau-gebouwen-dan-parijs\/\">Net zoals bepaalde Noorse havenstadjes hun architectonische parels koesteren<\/a>, bewaakt Saksun zijn erfgoed met strikte toegangsregels.<\/p>\n<p>Wat me het meest fascineert is de zwarte zandlagune. Bij eb onthult deze een verborgen doorgang naar de Atlantische Oceaan &#8211; een natuurlijk fenomeen dat tweemaal daags plaatsvindt en zorgt voor een voortdurend veranderend landschap.<\/p>\n<h2>Waarom 2025 het beslissende jaar wordt voor Saksun<\/h2>\n<p>De Faer\u00f6er maken momenteel een toeristische transformatie door. <strong>Toerisme-inkomsten verdubbelden<\/strong> naar \u20ac125 miljoen in 2023, groeiend van <strong>1% naar 6% van het BBP<\/strong> in slechts acht jaar. Experts voorspellen een explosieve groei naar <strong>300.000-500.000 bezoekers<\/strong> binnen vijf jaar &#8211; op eilanden met slechts <strong>55.000 inwoners<\/strong>.<\/p>\n<p><a href=\"https:\/\/www.journee-mondiale.com\/nl\/dit-italiaanse-vissersdorp-van-692-inwoners-ontvangt-1445-toeristen-per-persoon-jaarlijks\/\">Kijk naar wat gebeurde met kleine Italiaanse vissersdorpen<\/a>, waar sommige gemeenschappen nu jaarlijks meer dan 1400 toeristen per inwoner ontvangen. Saksun staat op hetzelfde kantelpunt.<\/p>\n<blockquote><p>&#8220;We zien hoe de vredige energie van deze plek verschuift. Vroeger ontmoetten we alleen toegewijde reizigers die de stilte respecteerden. Nu horen we steeds vaker drones, selfies en luide gesprekken. Het voelt alsof we het laatste hoofdstuk van een tijdperk beleven.&#8221;<\/p><\/blockquote>\n<p>Oktober 2025 biedt nog een perfecte timing &#8211; de dramatische herfstkleuren transformeren het fjordlandschap in een natuurlijk schilderij zonder de toenemende zomerdrukte. De wandelroute naar het strand is momenteel <strong>nog gratis toegankelijk<\/strong>, maar lokale autoriteiten overwegen een reserveringssysteem voor 2026.<\/p>\n<h2>Wat de reisgidsen je niet vertellen<\/h2>\n<p>De beste toegang tot Saksun is via de <strong>winding 50-route<\/strong> met gratis parkeren bij de kerk. Maar kom v\u00f3\u00f3r <strong>10:00 uur<\/strong> of na <strong>16:00 uur<\/strong> &#8211; de midden van de dag brengt touringcars uit T\u00f3rshavn. In de vroege ochtend heb je soms het hele dorp voor jezelf.<\/p>\n<p>De kerkdiensten op zondag zijn <strong>open voor bezoekers<\/strong>, maar fotograferen is tijdens ceremonies niet toegestaan. Een onverwachte culturele onderdompeling die weinigen ervaren.<\/p>\n<p><a href=\"https:\/\/www.journee-mondiale.com\/nl\/dit-belgische-dorp-van-11-059-inwoners-ontvangt-160-000-bezoekers-zonder-een-hotel\/\">Net als bepaalde Belgische dorpen<\/a> heeft Saksun geen hotels, maar er is \u00e9\u00e9n lokale gastenkamer beschikbaar voor <strong>850 DKK per nacht<\/strong>. Reserveer minstens <strong>drie maanden vooruit<\/strong> als je wilt overnachten.<\/p>\n<p>Volg het pad richting oceaan voor de beste uitzichten, maar respecteer de <strong>&#8220;priv\u00e9terrein&#8221;<\/strong> borden &#8211; dit is nog steeds een functionerende gemeenschap, geen openluchtmuseum.<\/p>\n<p>Terwijl ik afscheid neem van Saksun en mijn dochter Emma&#8217;s favoriete Faer\u00f6er legende over de beschermende zeegeest vertel, besef ik dat dit dorp de essentie vertegenwoordigt van wat we zoeken in onze reizen &#8211; een authentieke plek waar mensen nog leven zoals hun voorouders, ongehinderd door de moderne wereld. Maar zoals de Faer\u00f6erse uitdrukking luidt: &#8220;Sj\u00f3gvurin tekur, sj\u00f3gvurin gevur&#8221; (de zee neemt, de zee geeft) &#8211; en de golven van verandering naderen snel dit tijdloze haventje.<\/p>\n","protected":false},"excerpt":{"rendered":"<p>Ik stap uit de kleine rode huurauto en ben direct betoverd. Voor me ligt Saksun, een magisch fjorddorp met slechts 30 inwoners genesteld tussen steile bergwanden op 62.273\u00b0 noorderbreedte. De zwarte zandlagune glinstert in het ochtendlicht. Dit afgelegen Faer\u00f6er juweeltje ligt 40 kilometer van hoofdstad T\u00f3rshavn, maar voelt als een tijdreis naar het verleden. Een &#8230; <a title=\"Dit Faer\u00f6er dorp van 30 inwoners beschermt Europa&#8217;s laatste authentieke grasdakgemeenschap\" class=\"read-more\" href=\"https:\/\/www.journee-mondiale.com\/nl\/dit-faeroer-dorp-van-30-inwoners-beschermt-europas-laatste-authentieke-grasdakgemeenschap\/\" aria-label=\"Lees meer over Dit Faer\u00f6er dorp van 30 inwoners beschermt Europa&#8217;s laatste authentieke grasdakgemeenschap\">Lire plus<\/a><\/p>\n","protected":false},"author":1,"featured_media":6936,"comment_status":"","ping_status":"","sticky":false,"template":"","format":"standard","meta":{"footnotes":""},"categories":[7],"tags":[],"class_list":["post-6937","post","type-post","status-publish","format-standard","has-post-thumbnail","hentry","category-reizen"],"acf":[],"_links":{"self":[{"href":"https:\/\/www.journee-mondiale.com\/nl\/wp-json\/wp\/v2\/posts\/6937","targetHints":{"allow":["GET"]}}],"collection":[{"href":"https:\/\/www.journee-mondiale.com\/nl\/wp-json\/wp\/v2\/posts"}],"about":[{"href":"https:\/\/www.journee-mondiale.com\/nl\/wp-json\/wp\/v2\/types\/post"}],"author":[{"embeddable":true,"href":"https:\/\/www.journee-mondiale.com\/nl\/wp-json\/wp\/v2\/users\/1"}],"replies":[{"embeddable":true,"href":"https:\/\/www.journee-mondiale.com\/nl\/wp-json\/wp\/v2\/comments?post=6937"}],"version-history":[{"count":0,"href":"https:\/\/www.journee-mondiale.com\/nl\/wp-json\/wp\/v2\/posts\/6937\/revisions"}],"wp:featuredmedia":[{"embeddable":true,"href":"https:\/\/www.journee-mondiale.com\/nl\/wp-json\/wp\/v2\/media\/6936"}],"wp:attachment":[{"href":"https:\/\/www.journee-mondiale.com\/nl\/wp-json\/wp\/v2\/media?parent=6937"}],"wp:term":[{"taxonomy":"category","embeddable":true,"href":"https:\/\/www.journee-mondiale.com\/nl\/wp-json\/wp\/v2\/categories?post=6937"},{"taxonomy":"post_tag","embeddable":true,"href":"https:\/\/www.journee-mondiale.com\/nl\/wp-json\/wp\/v2\/tags?post=6937"}],"curies":[{"name":"wp","href":"https:\/\/api.w.org\/{rel}","templated":true}]}}