{"id":6915,"date":"2025-10-01T19:06:55","date_gmt":"2025-10-01T17:06:55","guid":{"rendered":"https:\/\/www.journee-mondiale.com\/nl\/dit-spaanse-bergdorp-van-1005-inwoners-ontvangt-jaarlijks-49049-bezoekers-per-hoogtepunt\/"},"modified":"2025-10-01T19:06:55","modified_gmt":"2025-10-01T17:06:55","slug":"dit-spaanse-bergdorp-van-1005-inwoners-ontvangt-jaarlijks-49049-bezoekers-per-hoogtepunt","status":"publish","type":"post","link":"https:\/\/www.journee-mondiale.com\/nl\/dit-spaanse-bergdorp-van-1005-inwoners-ontvangt-jaarlijks-49049-bezoekers-per-hoogtepunt\/","title":{"rendered":"Dit Spaanse bergdorp van 1005 inwoners ontvangt jaarlijks 49049 bezoekers per hoogtepunt"},"content":{"rendered":"<p>Ik stap uit de bus in Albarrac\u00edn en voel meteen mijn kaak zakken. Hier, op <strong>1.182 meter hoogte<\/strong> in de ruige Sierra de Albarrac\u00edn, staat een sprookje van <strong>roze zandsteen<\/strong>. Terwijl de ochtendzon de middeleeuwse gebouwen verlicht, kan ik nauwelijks geloven dat dit kleine vestingstadje van <strong>slechts 1.005 inwoners<\/strong> jaarlijks maar liefst <strong>49.049 bezoekers<\/strong> verwerkt. Dat is <strong>48,8 toeristen per inwoner<\/strong> &#8211; een verhouding die binnenkort de wereldpers zal halen wanneer duurzaamheidsmaatregelen onvermijdelijk worden. Dit is waarom oktober 2025 het perfecte &#8211; en misschien laatste &#8211; moment is om dit Spaanse juweeltje te ervaren zoals het bedoeld was.<\/p>\n<h2>Een stad op het kritieke punt van overtoerisme<\/h2>\n<p>Terwijl ik door de nauwe, middeleeuwse straatjes wandel, valt me op hoe perfect alles bewaard is gebleven. <strong>Elk gebouw<\/strong>, elke straathoek weerspiegelt de 1000-jarige geschiedenis van deze voormalige Moorse vesting, later christelijk bolwerk. Dit is geen gereconstrueerd toeristenparadijs &#8211; dit is echt.<\/p>\n<p>Maar die authenticiteit staat onder druk. Volgens een <strong>2023 Holidu-onderzoek<\/strong> staat Albarrac\u00edn op plek 7 in Spanje qua toeristische druk &#8211; hoger dan veel beroemde kustplaatsen. De cijfers zijn onthutsend: <strong>meer dan 130 bezoekers per dag<\/strong> in een gemeenschap die in \u00e9\u00e9n schoolbus zou passen.<\/p>\n<p>Terwijl <a href=\"https:\/\/www.journee-mondiale.com\/nl\/dit-spaanse-bergdorp-van-311-inwoners-bewaart-700-jaar-moorse-architectuur-zonder-massatoerisme\/\">nabijgelegen Bubi\u00f3n met 311 inwoners nog zijn rust bewaart<\/a>, worstelt Albarrac\u00edn met zijn plotselinge beroemdheid. Na te zijn uitgeroepen tot <strong>&#8220;mooiste dorp van Spanje&#8221;<\/strong> in 2017 door Gu\u00eda Repsol-lezers, is de stroom bezoekers exponentieel toegenomen.<\/p>\n<p>Wat maakt dit dorp zo onweerstaanbaar? Het antwoord ligt in de unieke <strong>rodeno<\/strong> &#8211; de roze zandsteenformatie waaruit en waarop het dorp is gebouwd, die bij zonsopgang en zonsondergang een betoverende gloed afgeeft.<\/p>\n<h2>De paradox van authenticiteit versus populariteit<\/h2>\n<p>Het contrast met andere toeristische hotspots is opvallend. Terwijl <a href=\"https:\/\/www.journee-mondiale.com\/nl\/dit-italiaanse-vissersdorp-van-692-inwoners-ontvangt-1445-toeristen-per-persoon-jaarlijks\/\">het Italiaanse Vernazza een extreme 1445:1 ratio heeft<\/a>, maakt Albarrac\u00edn&#8217;s 48,8:1 verhouding het relatief bescheiden &#8211; maar de impact is hier voelbaarder door de beperkte ruimte binnen de middeleeuwse muren.<\/p>\n<p>De stad ligt ook aan de <strong>Camino del Cid<\/strong>, een historische route die de voetsporen volgt van de legendarische Spaanse held El Cid, wat extra bezoekers aantrekt. Momenteel overweegt UNESCO de stad als werelderfgoed, wat de bezoekersaantallen alleen maar zal doen stijgen.<\/p>\n<blockquote><p>&#8220;Vijf jaar geleden kon je hier overnachten in totale rust. Nu komen toeristen massaal, zowel doordeweeks als in het weekend. Het dorp behoudt zijn ziel, maar voor hoelang nog?&#8221;<\/p><\/blockquote>\n<p>De lokale economie bloeit &#8211; huizen beginnen bij <strong>\u20ac10.000<\/strong> maar worden snel opgekocht als vakantieverblijven. Tegelijk vrezen bewoners dat de ziel van hun gemeenschap op het spel staat.<\/p>\n<p><a href=\"https:\/\/www.journee-mondiale.com\/nl\/dit-belgische-dorp-van-11-059-inwoners-ontvangt-160-000-bezoekers-zonder-een-hotel\/\">Net als bepaalde Belgische dorpen<\/a> worstelt Albarrac\u00edn met het behouden van authenticiteit terwijl het dagtoerisme explodeert. Het verschil? De extreem beperkte infrastructuur van deze bergvesting.<\/p>\n<h2>Wat de reisgidsen je niet vertellen<\/h2>\n<p>Als je wilt ervaren wat Albarrac\u00edn zo bijzonder maakt, ga dan <strong>v\u00f3\u00f3r 10 uur &#8217;s ochtends<\/strong> naar de <strong>Rinc\u00f3n del Abanico<\/strong> &#8211; een straathoek waar de huizen zo dicht op elkaar staan dat &#8220;je de buurvrouw de hand kunt schudden&#8221;. De meeste tourbussen arriveren pas na 11 uur.<\/p>\n<p>Parkeer bij <strong>Plaza del Portal de Molina<\/strong> (<strong>\u20ac3 per dag<\/strong>) aan de voet van het dorp in plaats van te proberen de nauwe straatjes in te rijden. De wandeling omhoog biedt adembenemende uitzichten die je anders zou missen.<\/p>\n<p>Bezoek de <strong>Catedral de Albarrac\u00edn<\/strong> alleen met een gids &#8211; dit is verplicht maar garandeert een diepere ervaring dan alleen rondkijken. In <strong>oktober 2025<\/strong> zijn de omringende bossen op hun kleurrijkst, terwijl de extreme zomerhitte is verdwenen.<\/p>\n<p>Voor het ultieme uitzicht over de stad klim je naar <strong>Mirador de Albarrac\u00edn<\/strong> &#8211; het is een stevige klim, maar mijn vrouw Sarah zegt dat de foto&#8217;s die we daar maakten de beste zijn van onze hele reis door Spanje.<\/p>\n<h2>Waarom oktober 2025 het perfecte moment is<\/h2>\n<p>Met <strong>Spanje&#8217;s toerisme in 2025<\/strong> op recordhoogte (+8,7% inkomsten tot <strong>\u20ac36,18 miljard<\/strong>), staat Albarrac\u00edn op een keerpunt. Zoals <a href=\"https:\/\/www.journee-mondiale.com\/nl\/deze-franse-dubbelstadt-van-70-000-inwoners-scoort-hoger-dan-place-des-vosges-zonder-parijse-drukte\/\">Charleville-M\u00e9zi\u00e8res bewijst dat kwaliteit niet altijd drukte betekent<\/a>, zullen kleine juwelen als Albarrac\u00edn keuzes moeten maken.<\/p>\n<p>De lokale overheid bespreekt nu maatregelen die in <strong>2026<\/strong> van kracht worden: toegangsquota, tijdslots, zelfs toegangsprijzen. Oktober biedt een zeldzame combinatie: <strong>perfecte temperaturen<\/strong> (gemiddeld <strong>17\u00b0C overdag<\/strong>), kleuren in de natuur, en nog net v\u00f3\u00f3r de verwachte veranderingen.<\/p>\n<p>Terwijl de zon ondergaat achter de rode stadsmuren, realiseer ik me dat dit misschien wel het laatste seizoen is waarin je Albarrac\u00edn kunt ervaren zoals het eeuwenlang was: een perfecte middeleeuwse droom, gevormd door mens en natuur in harmonie. Sommige plekken zijn het bewaren waard, zelfs als dat betekent dat we niet allemaal tegelijk kunnen komen.<\/p>\n","protected":false},"excerpt":{"rendered":"<p>Ik stap uit de bus in Albarrac\u00edn en voel meteen mijn kaak zakken. Hier, op 1.182 meter hoogte in de ruige Sierra de Albarrac\u00edn, staat een sprookje van roze zandsteen. Terwijl de ochtendzon de middeleeuwse gebouwen verlicht, kan ik nauwelijks geloven dat dit kleine vestingstadje van slechts 1.005 inwoners jaarlijks maar liefst 49.049 bezoekers verwerkt. &#8230; <a title=\"Dit Spaanse bergdorp van 1005 inwoners ontvangt jaarlijks 49049 bezoekers per hoogtepunt\" class=\"read-more\" href=\"https:\/\/www.journee-mondiale.com\/nl\/dit-spaanse-bergdorp-van-1005-inwoners-ontvangt-jaarlijks-49049-bezoekers-per-hoogtepunt\/\" aria-label=\"Lees meer over Dit Spaanse bergdorp van 1005 inwoners ontvangt jaarlijks 49049 bezoekers per hoogtepunt\">Lire plus<\/a><\/p>\n","protected":false},"author":1,"featured_media":6914,"comment_status":"","ping_status":"","sticky":false,"template":"","format":"standard","meta":{"footnotes":""},"categories":[7],"tags":[],"class_list":["post-6915","post","type-post","status-publish","format-standard","has-post-thumbnail","hentry","category-reizen"],"acf":[],"_links":{"self":[{"href":"https:\/\/www.journee-mondiale.com\/nl\/wp-json\/wp\/v2\/posts\/6915","targetHints":{"allow":["GET"]}}],"collection":[{"href":"https:\/\/www.journee-mondiale.com\/nl\/wp-json\/wp\/v2\/posts"}],"about":[{"href":"https:\/\/www.journee-mondiale.com\/nl\/wp-json\/wp\/v2\/types\/post"}],"author":[{"embeddable":true,"href":"https:\/\/www.journee-mondiale.com\/nl\/wp-json\/wp\/v2\/users\/1"}],"replies":[{"embeddable":true,"href":"https:\/\/www.journee-mondiale.com\/nl\/wp-json\/wp\/v2\/comments?post=6915"}],"version-history":[{"count":0,"href":"https:\/\/www.journee-mondiale.com\/nl\/wp-json\/wp\/v2\/posts\/6915\/revisions"}],"wp:featuredmedia":[{"embeddable":true,"href":"https:\/\/www.journee-mondiale.com\/nl\/wp-json\/wp\/v2\/media\/6914"}],"wp:attachment":[{"href":"https:\/\/www.journee-mondiale.com\/nl\/wp-json\/wp\/v2\/media?parent=6915"}],"wp:term":[{"taxonomy":"category","embeddable":true,"href":"https:\/\/www.journee-mondiale.com\/nl\/wp-json\/wp\/v2\/categories?post=6915"},{"taxonomy":"post_tag","embeddable":true,"href":"https:\/\/www.journee-mondiale.com\/nl\/wp-json\/wp\/v2\/tags?post=6915"}],"curies":[{"name":"wp","href":"https:\/\/api.w.org\/{rel}","templated":true}]}}