{"id":4055,"date":"2025-05-23T13:05:54","date_gmt":"2025-05-23T11:05:54","guid":{"rendered":"https:\/\/www.journee-mondiale.com\/nl\/diane-von-furstenberg-onthult-zeldzame-persoonlijke-strijd-in-nieuwe-hulu-documentaire-5-onverwachte-momenten-die-modestijl-voor-altijd-veranderden\/"},"modified":"2025-05-23T13:05:54","modified_gmt":"2025-05-23T11:05:54","slug":"diane-von-furstenberg-onthult-zeldzame-persoonlijke-strijd-in-nieuwe-hulu-documentaire-5-onverwachte-momenten-die-modestijl-voor-altijd-veranderden","status":"publish","type":"post","link":"https:\/\/www.journee-mondiale.com\/nl\/diane-von-furstenberg-onthult-zeldzame-persoonlijke-strijd-in-nieuwe-hulu-documentaire-5-onverwachte-momenten-die-modestijl-voor-altijd-veranderden\/","title":{"rendered":"Diane von Furstenberg onthult zeldzame persoonlijke strijd in nieuwe Hulu-documentaire: 5 onverwachte momenten die modestijl voor altijd veranderden"},"content":{"rendered":"<p>Stap achter de schermen van &#8216;Diane von Furstenberg: Woman in Charge&#8217;, de langverwachte Hulu-documentaire die op 25 juni 2025 in premi\u00e8re gaat. Deze buitengewone film biedt een <strong>intieme blik<\/strong> in het leven van een van de meest invloedrijke vrouwen in de mode-industrie. De documentaire, geregisseerd door Oscarwinnaar Sharmeen Obaid-Chinoy en Trish Dalton, volgt de reis van DVF van haar bescheiden begin tot haar status als mode-icoon. Met exclusieve interviews, zeldzame archiefbeelden en persoonlijke onthullingen, onthult deze film de kracht en elegantie van een vrouw die generaties heeft ge\u00efnspireerd met haar visie op stijl en persoonlijke kracht.<\/p>\n<h2>De iconische ontwerper achter de wrap dress<\/h2>\n<p>Diane von Furstenberg veranderde de modeindustrie voorgoed met haar creatie van de &#8216;wrap dress&#8217; &#8211; een kledingstuk dat synoniem werd met vrouwelijke empowerment. Haar ontwerpen combineren <strong>tijdloze elegantie<\/strong> met comfort, iets wat vele vrouwen boven de 50 nog steeds waarderen. Net zoals DVF inzag dat mode functioneel \u00e9n stijlvol kon zijn, bewijzen <a href=\"https:\/\/www.journee-mondiale.com\/nl\/7-tijdloze-modestukken-die-elke-vrouw-boven-de-50-stralend-maken-in-2025\/\">7 tijdloze modestukken die elke vrouw boven de 50 stralend maken in 2025<\/a> dat deze filosofie nog steeds relevant is.<\/p>\n<p>&#8220;Ik wilde altijd een jurk ontwerpen die vrouwen zich tegelijkertijd sexy \u00e9n comfortabel liet voelen,&#8221; vertelt von Furstenberg in de documentaire. &#8220;Een kledingstuk dat met je meebeweegt in plaats van je te beperken.&#8221; Deze visie veranderde niet alleen de garderobe van miljoenen vrouwen, maar ook hun zelfbeeld.<\/p>\n<h2>Een persoonlijke reis vol inspiratie<\/h2>\n<p>De documentaire duikt diep in de persoonlijke geschiedenis van Diane, geboren als dochter van een Holocaust-overlevende. Deze achtergrond vormde haar doorzettingsvermogen en vastberadenheid die haar carri\u00e8re hebben gekenmerkt. We krijgen <strong>zeldzame inkijkjes<\/strong> in haar gevecht tegen kanker en hoe dit haar perspectief op leven en werk heeft be\u00efnvloed.<\/p>\n<p>Hillary Rodham Clinton, die in de documentaire verschijnt, deelt: &#8220;Diane belichaamt wat het betekent om een vrouw met visie te zijn. Ze heeft nooit toegestaan dat obstakels haar tegenhielden &#8211; integendeel, ze gebruikte ze als springplank naar groter succes.&#8221;<\/p>\n<h2>Stijlvol in elke levensfase<\/h2>\n<p>Een van de meest fascinerende aspecten van de documentaire is hoe DVF&#8217;s benadering van mode evolueert met leeftijd. Op 78-jarige leeftijd blijft ze een <strong>stijlicoon<\/strong> die bewijst dat elegantie geen leeftijdsgrens kent. Deze filosofie sluit perfect aan bij hedendaagse trends, zoals te zien in <a href=\"https:\/\/www.journee-mondiale.com\/nl\/5-verrassende-stijlkeuzes-die-vrouwen-boven-de-50-in-2025-eleganter-maken\/\">5 verrassende stijlkeuzes die vrouwen boven de 50 in 2025 eleganter maken<\/a>.<\/p>\n<p>Marc Jacobs, die ook in de film verschijnt, merkt op: &#8220;Wat Diane uniek maakt, is haar vermogen om te evolueren zonder haar kernwaarden te verliezen. Haar ontwerpen zijn als zij zelf &#8211; tijdloos maar nooit ouderwets.&#8221;<\/p>\n<h2>Mode als vorm van vrijheid<\/h2>\n<p>De documentaire belicht DVF&#8217;s overtuiging dat <strong>mode een vorm van vrijheid<\/strong> is. Haar filosofie over kleding als uitdrukking van identiteit resoneert nog steeds, vooral voor vrouwen die hun stijl aanpassen aan verschillende levensfasen. Net zoals von Furstenberg de perfecte balans vond tussen comfort en stijl, laat <a href=\"https:\/\/www.journee-mondiale.com\/nl\/10-stijlvolle-en-comfortabele-reisoutfits-die-vrouwen-boven-de-50-direct-eleganter-maken\/\">10 stijlvolle en comfortabele reisoutfits die vrouwen boven de 50 direct eleganter maken<\/a> zien hoe deze balans vandaag de dag kan worden bereikt.<\/p>\n<h2>Een revolutie in denim<\/h2>\n<p>Hoewel DVF vooral bekend staat om haar jurken, toont de documentaire ook haar invloed op andere kledingstukken. Haar visie op <strong>flattering silhouetten<\/strong> heeft de weg vrijgemaakt voor moderne benaderingen van denim, zoals beschreven in <a href=\"https:\/\/www.journee-mondiale.com\/nl\/wide-leg-jeans-zo-verberg-je-je-buikje-stijlvol-na-je-50ste-en-creeer-je-een-eleganter-silhouet\/\">Wide-leg jeans: zo verberg je je buikje stijlvol na je 50ste en cre\u00eber je een eleganter silhouet<\/a>.<\/p>\n<p>In de film deelt ze haar filosofie: &#8220;Ik ontwerp niet alleen voor een specifiek lichaam, maar voor een gevoel van zelfvertrouwen dat elke vrouw verdient te ervaren, ongeacht haar leeftijd of figuur.&#8221;<\/p>\n<h2>Exclusieve archiefbeelden en onthullingen<\/h2>\n<p>De documentaire put uit een <strong>schat aan persoonlijk archiefmateriaal<\/strong>, waaronder nooit eerder vertoonde foto&#8217;s met Andy Warhol en Susan Sontag. Fascinerende anekdotes komen aan het licht, zoals een bijna-samenwerking met Mick Jagger en David Bowie die nooit werkelijkheid werd.<\/p>\n<p>Oprah Winfrey, die ge\u00efnterviewd wordt in de film, zegt: &#8220;Wat mij altijd heeft ge\u00efnspireerd aan Diane is haar vermogen om haar hele geschiedenis te omarmen &#8211; de successen \u00e9n de tegenslagen &#8211; en dit alles te verweven in haar identiteit als kunstenaar en ondernemer.&#8221;<\/p>\n<h2>De invloed van DVF op mode voor de moderne vrouw<\/h2>\n<p>De tijdloze stijl van DVF blijft vrouwen inspireren in elke levensfase. Haar benadering van <strong>verfijnde maar functionele mode<\/strong> is bijzonder relevant voor vrouwen boven de 60, zoals te zien in <a href=\"https:\/\/www.journee-mondiale.com\/nl\/zo-draag-je-flatterende-jeans-na-je-60ste-3-stijlen-die-je-middelgedeelte-direct-slanker-maken-in-2025\/\">Zo draag je flatterende jeans na je 60ste: 3 stijlen die je middelgedeelte direct slanker maken in 2025<\/a>.<\/p>\n<p>&#8220;Mode is niet alleen wat je draagt,&#8221; zegt von Furstenberg in een openhartig moment in de documentaire. &#8220;Het is een manier om jezelf te presenteren aan de wereld, een dagelijkse kans om te zeggen &#8216;dit is wie ik ben&#8217; zonder woorden te gebruiken.&#8221;<\/p>\n<h2>Een blijvende erfenis<\/h2>\n<p>De Hulu-documentaire &#8216;Diane von Furstenberg: Woman in Charge&#8217; is meer dan een biografie; het is een <strong>viering van een nalatenschap<\/strong> die de mode-industrie blijvend heeft veranderd. Voor liefhebbers van stijl, design en vrouwelijk ondernemerschap is deze film een must-see die verklaart waarom DVF nog steeds resoneert met vrouwen van alle leeftijden.<\/p>\n<p>De begeleidende tentoonstelling in de DVF Flagship store in New York (van 1 juni tot 11 augustus 2024) biedt bezoekers de kans om deze erfenis persoonlijk te ervaren, waarmee de documentaire tot leven komt buiten het scherm. Voor vrouwen die stijl en zelfexpressie waarderen, vormen de film en tentoonstelling samen een meeslepende reis door de wereld van een vrouw die mode niet alleen als kleding zag, maar als een krachtig middel tot zelfvertrouwen.<\/p>\n","protected":false},"excerpt":{"rendered":"<p>Stap achter de schermen van &#8216;Diane von Furstenberg: Woman in Charge&#8217;, de langverwachte Hulu-documentaire die op 25 juni 2025 in premi\u00e8re gaat. Deze buitengewone film biedt een intieme blik in het leven van een van de meest invloedrijke vrouwen in de mode-industrie. De documentaire, geregisseerd door Oscarwinnaar Sharmeen Obaid-Chinoy en Trish Dalton, volgt de reis &#8230; <a title=\"Diane von Furstenberg onthult zeldzame persoonlijke strijd in nieuwe Hulu-documentaire: 5 onverwachte momenten die modestijl voor altijd veranderden\" class=\"read-more\" href=\"https:\/\/www.journee-mondiale.com\/nl\/diane-von-furstenberg-onthult-zeldzame-persoonlijke-strijd-in-nieuwe-hulu-documentaire-5-onverwachte-momenten-die-modestijl-voor-altijd-veranderden\/\" aria-label=\"Lees meer over Diane von Furstenberg onthult zeldzame persoonlijke strijd in nieuwe Hulu-documentaire: 5 onverwachte momenten die modestijl voor altijd veranderden\">Lire plus<\/a><\/p>\n","protected":false},"author":1,"featured_media":4054,"comment_status":"","ping_status":"","sticky":false,"template":"","format":"standard","meta":{"footnotes":""},"categories":[12],"tags":[],"class_list":["post-4055","post","type-post","status-publish","format-standard","has-post-thumbnail","hentry","category-lifestyle"],"acf":[],"_links":{"self":[{"href":"https:\/\/www.journee-mondiale.com\/nl\/wp-json\/wp\/v2\/posts\/4055","targetHints":{"allow":["GET"]}}],"collection":[{"href":"https:\/\/www.journee-mondiale.com\/nl\/wp-json\/wp\/v2\/posts"}],"about":[{"href":"https:\/\/www.journee-mondiale.com\/nl\/wp-json\/wp\/v2\/types\/post"}],"author":[{"embeddable":true,"href":"https:\/\/www.journee-mondiale.com\/nl\/wp-json\/wp\/v2\/users\/1"}],"replies":[{"embeddable":true,"href":"https:\/\/www.journee-mondiale.com\/nl\/wp-json\/wp\/v2\/comments?post=4055"}],"version-history":[{"count":0,"href":"https:\/\/www.journee-mondiale.com\/nl\/wp-json\/wp\/v2\/posts\/4055\/revisions"}],"wp:featuredmedia":[{"embeddable":true,"href":"https:\/\/www.journee-mondiale.com\/nl\/wp-json\/wp\/v2\/media\/4054"}],"wp:attachment":[{"href":"https:\/\/www.journee-mondiale.com\/nl\/wp-json\/wp\/v2\/media?parent=4055"}],"wp:term":[{"taxonomy":"category","embeddable":true,"href":"https:\/\/www.journee-mondiale.com\/nl\/wp-json\/wp\/v2\/categories?post=4055"},{"taxonomy":"post_tag","embeddable":true,"href":"https:\/\/www.journee-mondiale.com\/nl\/wp-json\/wp\/v2\/tags?post=4055"}],"curies":[{"name":"wp","href":"https:\/\/api.w.org\/{rel}","templated":true}]}}