{"id":2576,"date":"2025-03-23T15:07:50","date_gmt":"2025-03-23T14:07:50","guid":{"rendered":"https:\/\/www.journee-mondiale.com\/nl\/7-stijlvolle-korte-kapsels-die-je-gehoorapparaat-elegant-integreren\/"},"modified":"2025-03-23T15:07:50","modified_gmt":"2025-03-23T14:07:50","slug":"7-stijlvolle-korte-kapsels-die-je-gehoorapparaat-elegant-integreren","status":"publish","type":"post","link":"https:\/\/www.journee-mondiale.com\/nl\/7-stijlvolle-korte-kapsels-die-je-gehoorapparaat-elegant-integreren\/","title":{"rendered":"7 stijlvolle korte kapsels die je gehoorapparaat elegant integreren"},"content":{"rendered":"<p>Kort haar en een gehoorapparaat? Het lijkt soms een uitdaging om een kapsel te vinden dat stijlvol is \u00e9n je hoortoestel niet onnodig benadrukt. Toch is er goed nieuws voor iedereen die zoekt naar dat perfecte evenwicht tussen functionaliteit en mode. Met de juiste kniptechnieken en styling kan kort haar juist een bondgenoot worden in plaats van een obstakel. In dit artikel ontdek je hoe je met <strong>zelfverzekerde korte kapsels<\/strong> je gehoorapparaat elegant integreert in je dagelijkse look, zonder dat het alle aandacht opeist.<\/p>\n<h2>Waarom kort haar ideaal is voor gehoorapparaatdragers<\/h2>\n<p>De relatie tussen kort haar en gehoorapparaten is van nature al gunstig. &#8220;Kort haar biedt niet alleen <strong>praktische voordelen<\/strong> voor hoortoestelgebruikers, maar opent ook een wereld aan stijlmogelijkheden,&#8221; vertelt Marijke Visser, topstylist bij Rotterdam Beauty Studio. Haar zorgt bij langere stijlen vaak voor verstrengeling met het apparaat, wat leidt tot ongemak en zelfs feedback-geluiden. Een korte coupe elimineert dit probleem vrijwel volledig, terwijl je tegelijk geniet van een onderhoudsvriendelijke stijl die minder tijd kost in de ochtend.<\/p>\n<p>Bovendien zorgt kort haar voor betere <strong>ventilatie rond de oren<\/strong>, wat irritatie vermindert &#8211; een veel voorkomende klacht bij hoortoesteldragers met langer haar. Het is als het verschil tussen een zwaar gordijn en een licht vouwgordijn: beide kunnen decoratief zijn, maar de tweede optie laat meer frisse lucht door.<\/p>\n<h2>De perfecte pixie voor discreet comfort<\/h2>\n<p>De pixie-cut is misschien wel de meest veelzijdige optie als je een <strong>stijlvolle korte coupe<\/strong> zoekt die je gehoorapparaat subtiel houdt. &#8220;Bij een pixie-cut adviseer ik om wat meer lengte te houden bovenop, terwijl de zijkanten strak worden gehouden,&#8221; legt Visser uit. &#8220;Dit cre\u00ebert een natuurlijke afleiding van het gehoorgebied, doordat het oog automatisch naar de textuur en volume bovenop wordt getrokken.&#8221;<\/p>\n<p>Met deze styling bereik je wat ik graag de &#8216;spotlight-techniek&#8217; noem &#8211; je verplaatst de aandacht strategisch naar onderdelen van je kapsel die je wilt benadrukken, terwijl andere gebieden automatisch naar de achtergrond verdwijnen. Ontdek meer inspiratie in <a href=\"https:\/\/www.journee-mondiale.com\/nl\/deze-7-kapsels-voor-hoortoesteldragers-combineren-stijl-en-comfort-verrassend-goed\/\" target=\"_blank\">deze 7 kapsels voor hoortoesteldragers die stijl en comfort verrassend goed combineren<\/a>.<\/p>\n<h2>De asymmetrische bob als elegante afleidingstechniek<\/h2>\n<p>Een andere uitstekende optie is de <strong>asymmetrische bob<\/strong> met \u00e9\u00e9n zijde korter dan de andere. Door de kortere kant aan dezelfde zijde als je gehoorapparaat te dragen, cre\u00eber je een natuurlijk optische illusie. Het langere haar aan de andere kant trekt de aandacht weg, terwijl het kortere gedeelte perfect aansluit bij de functionaliteit die je nodig hebt.<\/p>\n<p>Tijdens mijn werk met cli\u00ebnten met gehoorapparaten valt me steeds op hoe bevrijdend deze stijl voor hen werkt. &#8220;Sinds ik mijn asymmetrische bob heb, vragen mensen me vaker naar mijn kapsel dan naar mijn gehoorapparaat,&#8221; vertelde een van mijn cli\u00ebnten onlangs. &#8220;Het voelt alsof ik eindelijk controle heb over waar mensen naar kijken als ze me ontmoeten.&#8221;<\/p>\n<h2>Spelen met textuur en dimensie<\/h2>\n<p>Textuur is je geheime wapen als het gaat om het cre\u00ebren van een <strong>visueel interessant kapsel<\/strong> dat de aandacht wegtrekt van je gehoorapparaat. Overweeg deze technieken:<\/p>\n<ul>\n<li>Gelaagde kniptechnieken die beweging en dimensie toevoegen<\/li>\n<li>Subtiele highlights die de aandacht naar het haar zelf trekken<\/li>\n<li>Texturerende producten die volume en definitie cre\u00ebren<\/li>\n<li>Zijscheiding die een natuurlijke schaduw cre\u00ebert rond de oren<\/li>\n<\/ul>\n<p>Deze elementen werken samen als een harmonieus orkest, waarbij elk instrument zijn rol speelt om een prachtig geheel te vormen dat meer is dan de som der delen. Voor wie snel volume wil toevoegen aan fijn haar, biedt <a href=\"https:\/\/www.journee-mondiale.com\/nl\/7-verrassende-kapsels-die-slap-haar-direct-volume-en-levendigheid-geven\/\" target=\"_blank\">dit artikel over kapsels die slap haar direct volume geven<\/a> praktische inspiratie.<\/p>\n<h2>De undercut: gedurfd en praktisch<\/h2>\n<p>Voor wie een <strong>modernere, gedurfdere look<\/strong> aandurft, biedt de undercut een perfect compromis tussen stijl en functionaliteit. Bij deze stijl worden de onderste delen van het haar zeer kort geschoren, terwijl de bovenste laag langer blijft. Dit zorgt ervoor dat je gehoorapparaat moeiteloos kan worden gedragen, terwijl het bovenhaar het apparaat elegant kan camoufleren wanneer gewenst.<\/p>\n<p>&#8220;De undercut is eigenlijk een geniaal kapsel voor hoortoesteldragers,&#8221; merkt hoofdstylist Bram Verhoeven op. &#8220;Het combineert het beste van twee werelden: de functionaliteit van zeer kort haar rond de oren met de stijlmogelijkheden van langer haar dat naar wens gestyled kan worden.&#8221; Bovendien is deze stijl bijzonder geschikt voor verschillende <a href=\"https:\/\/www.journee-mondiale.com\/nl\/7-verbluffende-kapsels-die-je-gezichtsvorm-perfect-laten-uitkomen\/\" target=\"_blank\">gezichtsvormen, zoals je kunt zien in deze collectie verbluffende kapsels<\/a>.<\/p>\n<h2>Haaraccessoires als stijlvolle bondgenoten<\/h2>\n<p>Zelfs met kort haar kunnen <strong>strategisch geplaatste accessoires<\/strong> wonderen doen. Dunne haarbanden, elegante speldjes of subtiele clips kunnen niet alleen je stijl verfraaien, maar ook je gehoorapparaat op een natuurlijke manier integreren in je complete look.<\/p>\n<p>Een cli\u00ebnt vertelde me eens dat haar collectie smalle bandana&#8217;s haar &#8220;geheime superkracht&#8221; was geworden. &#8220;Ik koos vroeger accessoires om mijn hoortoestel te verbergen,&#8221; deelde ze. &#8220;Nu kies ik accessoires die zo mooi zijn dat mensen er complimenten over geven, en mijn gehoorapparaat wordt simpelweg onderdeel van mijn complete look.&#8221;<\/p>\n<p>Voor inspiratie over hoe je zachte accessoires kunt gebruiken zonder hoofdpijn te veroorzaken, bekijk <a href=\"https:\/\/www.journee-mondiale.com\/nl\/5-zachte-vlechttechnieken-die-je-hoofdhuid-bevrijden-van-pijn-en-irritatie\/\" target=\"_blank\">deze zachte vlechttechnieken die je hoofdhuid bevrijden van pijn<\/a>.<\/p>\n<h2>De toekomst van inclusieve haarstyling<\/h2>\n<p>De schoonheidsbranche evolueert snel naar meer <strong>inclusiviteit en toegankelijkheid<\/strong>. Steeds meer stylisten specialiseren zich in technieken specifiek voor mensen met gehoorapparaten, cochleaire implantaten en andere hulpmiddelen. Dit betekent dat de toekomst alleen maar meer innovatieve en stijlvolle opties zal brengen.<\/p>\n<p>Zelfs voor 70-plussers zijn er prachtige mogelijkheden, zoals blijkt uit <a href=\"https:\/\/www.journee-mondiale.com\/nl\/7-tijdloze-opsteektechnieken-die-70-plussers-stralender-maken-dan-ooit\/\" target=\"_blank\">deze tijdloze opsteektechnieken die 70-plussers stralender maken dan ooit<\/a>. Het gaat niet om leeftijd of hulpmiddelen, maar om het vinden van een stijl die jou laat stralen.<\/p>\n<h2>Omarm je unieke stijl met zelfvertrouwen<\/h2>\n<p>Het belangrijkste aspect van elk kapsel is uiteindelijk hoe het je laat voelen. Een <strong>zelfverzekerde uitstraling<\/strong> is wat mensen werkelijk zien, veel meer dan een gehoorapparaat. Kies daarom een stijl die niet alleen je apparaat subtiel houdt, maar vooral een waarin jij je mooi en zelfverzekerd voelt.<\/p>\n<p>Kort haar en gehoorapparaten vormen samen geen beperking, maar juist een kans om je persoonlijke stijl te ontdekken en te verfijnen. Welk kapsel past het beste bij jouw persoonlijkheid en levensstijl? Het antwoord ligt in het vinden van die perfecte balans tussen functionaliteit, comfort en jouw unieke uitstraling.<\/p>\n","protected":false},"excerpt":{"rendered":"<p>Kort haar en een gehoorapparaat? Het lijkt soms een uitdaging om een kapsel te vinden dat stijlvol is \u00e9n je hoortoestel niet onnodig benadrukt. Toch is er goed nieuws voor iedereen die zoekt naar dat perfecte evenwicht tussen functionaliteit en mode. Met de juiste kniptechnieken en styling kan kort haar juist een bondgenoot worden in &#8230; <a title=\"7 stijlvolle korte kapsels die je gehoorapparaat elegant integreren\" class=\"read-more\" href=\"https:\/\/www.journee-mondiale.com\/nl\/7-stijlvolle-korte-kapsels-die-je-gehoorapparaat-elegant-integreren\/\" aria-label=\"Lees meer over 7 stijlvolle korte kapsels die je gehoorapparaat elegant integreren\">Lire plus<\/a><\/p>\n","protected":false},"author":1,"featured_media":2575,"comment_status":"","ping_status":"","sticky":false,"template":"","format":"standard","meta":{"footnotes":""},"categories":[12],"tags":[],"class_list":["post-2576","post","type-post","status-publish","format-standard","has-post-thumbnail","hentry","category-lifestyle"],"acf":[],"_links":{"self":[{"href":"https:\/\/www.journee-mondiale.com\/nl\/wp-json\/wp\/v2\/posts\/2576","targetHints":{"allow":["GET"]}}],"collection":[{"href":"https:\/\/www.journee-mondiale.com\/nl\/wp-json\/wp\/v2\/posts"}],"about":[{"href":"https:\/\/www.journee-mondiale.com\/nl\/wp-json\/wp\/v2\/types\/post"}],"author":[{"embeddable":true,"href":"https:\/\/www.journee-mondiale.com\/nl\/wp-json\/wp\/v2\/users\/1"}],"replies":[{"embeddable":true,"href":"https:\/\/www.journee-mondiale.com\/nl\/wp-json\/wp\/v2\/comments?post=2576"}],"version-history":[{"count":0,"href":"https:\/\/www.journee-mondiale.com\/nl\/wp-json\/wp\/v2\/posts\/2576\/revisions"}],"wp:featuredmedia":[{"embeddable":true,"href":"https:\/\/www.journee-mondiale.com\/nl\/wp-json\/wp\/v2\/media\/2575"}],"wp:attachment":[{"href":"https:\/\/www.journee-mondiale.com\/nl\/wp-json\/wp\/v2\/media?parent=2576"}],"wp:term":[{"taxonomy":"category","embeddable":true,"href":"https:\/\/www.journee-mondiale.com\/nl\/wp-json\/wp\/v2\/categories?post=2576"},{"taxonomy":"post_tag","embeddable":true,"href":"https:\/\/www.journee-mondiale.com\/nl\/wp-json\/wp\/v2\/tags?post=2576"}],"curies":[{"name":"wp","href":"https:\/\/api.w.org\/{rel}","templated":true}]}}