{"id":15424,"date":"2025-11-25T07:11:45","date_gmt":"2025-11-25T06:11:45","guid":{"rendered":"https:\/\/www.journee-mondiale.com\/es\/como-los-parisinos-realmente-viven-las-7h-entre-torre-eiffel-y-louvre-cuando-7-millones-de-turistas-anuales-aun-duermen\/"},"modified":"2025-11-25T07:11:45","modified_gmt":"2025-11-25T06:11:45","slug":"como-los-parisinos-realmente-viven-las-7h-entre-torre-eiffel-y-louvre-cuando-7-millones-de-turistas-anuales-aun-duermen","status":"publish","type":"post","link":"https:\/\/www.journee-mondiale.com\/es\/como-los-parisinos-realmente-viven-las-7h-entre-torre-eiffel-y-louvre-cuando-7-millones-de-turistas-anuales-aun-duermen\/","title":{"rendered":"C\u00f3mo los parisinos realmente viven las 7h entre Torre Eiffel y Louvre cuando 7 millones de turistas anuales a\u00fan duermen"},"content":{"rendered":"<p>A las 7:15 de esta ma\u00f1ana de noviembre, cuando la luz dorada toca los **330 metros** de hierro forjado de la Torre Eiffel, el Campo de Marte permanece en silencio absoluto. No hay colas de turistas esperando las taquillas que abrir\u00e1n en 2 horas. No hay selfies bajo los arcos met\u00e1licos.<\/p>\n<p>Solo 20 corredores matutinos cruzan el c\u00e9sped h\u00famedo mientras el primer metro l\u00ednea 6 traquetea sobre el Pont de Bir Hakeim. A 2,3 km de distancia, la Pir\u00e1mide del Louvre refleja el cielo rosado sobre una plaza vac\u00eda. Los **7 millones de visitantes anuales** de la Torre y las decenas de millones del Louvre a\u00fan duermen en sus hoteles.<\/p>\n<p>Este es el Par\u00eds que solo los parisinos conocen.<\/p>\n<h2>El corredor invisible entre hierro y pir\u00e1mide<\/h2>\n<p>Desde Bir Hakeim hasta el Louvre, la l\u00ednea 72 de autob\u00fas conecta ambos monumentos en 12 minutos sin tr\u00e1fico. Pero los parisinos prefieren caminar los 2,8 km siguiendo el Sena. El trayecto matutinal atraviesa las orillas UNESCO declaradas Patrimonio Mundial en **1991**.<\/p>\n<p>A esta hora, el hierro de la Torre proyecta sombras alargadas sobre adoquines mojados. Las **18.038 piezas met\u00e1licas** que Gustave Eiffel ensambl\u00f3 en **1889** parecen flotar en el aire fr\u00edo. Los trabajadores de oficinas cercanas cruzan el Campo de Marte con caf\u00e9s desechables.<\/p>\n<p>La estructura de **10.100 toneladas** no es un destino. Es un marcador urbano, como una catedral que se\u00f1ala el centro hist\u00f3rico. <a href=\"https:\/\/www.journee-mondiale.com\/es\/como-506-000-lisboetas-viven-el-tram-28-a-las-7h-desde-1930-cuando-62-millones-de-turistas-anuales-aun-duermen\/\">Similar al Tram 28 en Lisboa<\/a>, forma parte del ritual diario parisino.<\/p>\n<h2>La Pir\u00e1mide bajo luz directa sin multitudes<\/h2>\n<p>A las 7:30h, los guardias del Louvre atraviesan la Cour Napol\u00e9on cuando la Pir\u00e1mide de cristal captura los primeros rayos directos. Las **35.000 obras de arte** permanecen en oscuridad interior, pero la arquitectura exterior se revela sin filtros tur\u00edsticos.<\/p>\n<p>Los trabajadores administrativos del museo entran por accesos laterales mientras las colas tur\u00edsticas comenzar\u00e1n en 2 horas frente a la entrada principal.<\/p>\n<h3>El ritual de los guardias del museo<\/h3>\n<p>**\u00bbA las 8:00h, el museo es un espacio de trabajo\u00bb**, explica un guardia veterano del Louvre. **\u00bbLos t\u00e9cnicos revisan las obras, y los gu\u00edas se preparan. Los turistas llegan a las 9:00h, pero los parisinos casi nunca est\u00e1n aqu\u00ed a esta hora.\u00bb**<\/p>\n<p>El contraste es visual: piedra dorada hist\u00f3rica ba\u00f1ada en luz natural versus el caos de multitudes bajo luz cenital del mediod\u00eda.<\/p>\n<h3>Los fot\u00f3grafos profesionales locales<\/h3>\n<p>Algunos fot\u00f3grafos parisinos conocen este timing. Llegan en V\u00e9lib antes de las 8h para capturar la Pir\u00e1mide con reflejos matinales sin turistas en el encuadre. La luz cambia r\u00e1pidamente entre 7h y 8h30: rosa a dorada a blanca.<\/p>\n<p><a href=\"https:\/\/www.journee-mondiale.com\/es\/como-los-alcudiencos-realmente-viven-el-amanecer-sobre-muros-de-1298-cuando-12-millones-de-turistas-anuales-aun-duermen\/\">Como en Alc\u00fadia<\/a>, despu\u00e9s llegan los primeros grupos tur\u00edsticos.<\/p>\n<h2>Lo que cambia cuando los monumentos se llenan<\/h2>\n<p>A las 9h, la transformaci\u00f3n es abrupta. Las taquillas de la Torre Eiffel abren y las primeras colas de 200 personas se forman para acceder a los ascensores. **Precio: entre \u20ac14,50 y \u20ac36,10** seg\u00fan la altura elegida.<\/p>\n<p>El Campo de Marte se llena de gu\u00edas tur\u00edsticos con banderas, vendedores ambulantes y grupos escolares. El silencio matutino desaparece bajo capas de idiomas simult\u00e1neos. La Torre sigue siendo la misma estructura de hierro, pero la experiencia se transforma completamente.<\/p>\n<p>En el Louvre, las colas para la Pir\u00e1mide alcanzan 45 minutos de espera para visitantes sin entrada anticipada. Las salas m\u00e1s famosas reciben avalanchas concentradas: Mona Lisa, Victoria de Samotracia, Venus de Milo. Los pasillos laterales permanecen relativamente tranquilos.<\/p>\n<p><a href=\"https:\/\/www.journee-mondiale.com\/es\/como-los-arcocenos-realmente-viven-el-amanecer-dorado-sobre-el-guadalete-cuando-los-150-000-turistas-anuales-aun-duermen\/\">Al igual que en Arcos de la Frontera<\/a>, el ambiente contemplativo del amanecer ha desaparecido.<\/p>\n<h2>Por qu\u00e9 los parisinos evitan sus propios monumentos<\/h2>\n<p>Los locales no visitan la Torre Eiffel como los turistas. No suben. La contemplan de lejos como referencia visual, igual que un madrile\u00f1o no sube al Edificio Espa\u00f1a cada semana. Solo el **32%** de parisinos ha subido alguna vez, frente al **98%** de turistas.<\/p>\n<p>**\u00bbSubir a la Torre Eiffel es algo que haces una vez en la vida, como ir a Disneyland\u00bb**, explica un residente del distrito 7. **\u00bbLos parisinos preferimos caf\u00e9s con vistas, no pagar 28 \u20ac por un ascensor.\u00bb**<\/p>\n<p>El Louvre es diferente: algunos parisinos tienen pases anuales y visitan salas espec\u00edficas en horarios valle. La relaci\u00f3n es funcional, no emocional. <a href=\"https:\/\/www.journee-mondiale.com\/es\/ni-la-toscana-ni-provenza-estos-46-pueblos-blancos-a-1-200-metros-custodian-acequias-de-1-014-anos-que-europa-perdio\/\">Contrasta con los pueblos blancos andaluces<\/a>, donde los locales mantienen v\u00ednculos emocionales profundos.<\/p>\n<h2>Tus preguntas sobre Par\u00eds matutino respondidas<\/h2>\n<h3>\u00bfA qu\u00e9 hora abren la Torre Eiffel y el Louvre realmente?<\/h3>\n<p>La Torre Eiffel abre a las 9h30 (ascensores) o 9h (escaleras). El Louvre abre a las 9h excepto martes (cerrado). Pero los exteriores \u2014Campo de Marte, Jardines del Carrousel\u2014 son accesibles desde el amanecer. El transporte p\u00fablico funciona desde 5h30.<\/p>\n<h3>\u00bfEs seguro caminar entre ambos monumentos al amanecer?<\/h3>\n<p>S\u00ed. Las orillas del Sena UNESCO entre Torre Eiffel y Louvre son rutas seguras frecuentadas por corredores matutinos. La iluminaci\u00f3n p\u00fablica permanece encendida hasta 8h en invierno. Polic\u00eda tur\u00edstica patrulla desde 7h en temporada alta.<\/p>\n<h3>\u00bfCu\u00e1l es el mejor transporte para vivir la experiencia local?<\/h3>\n<p>Metro l\u00ednea 6 (Bir Hakeim \u2192 Trocad\u00e9ro) ofrece vistas elevadas de la Torre. Alternativamente, caminar **2,8 km** siguiendo el Sena captura la experiencia parisina aut\u00e9ntica. La l\u00ednea 72 de autob\u00fas conecta ambos monumentos pero pierde el factor sensorial.<\/p>\n<p>Cuando el sol alcanza los **330 metros** de hierro forjado a las 8h15, la Torre Eiffel se convierte oficialmente en atracci\u00f3n tur\u00edstica. Las **18.038 piezas met\u00e1licas** dejan de ser arquitectura contemplativa para convertirse en foto de fondo. Los parisinos ya est\u00e1n en sus oficinas y el aire huele a caf\u00e9 reci\u00e9n hecho.<\/p>\n","protected":false},"excerpt":{"rendered":"<p>A las 7:15 de esta ma\u00f1ana de noviembre, cuando la luz dorada toca los **330 metros** de hierro forjado de la Torre Eiffel, el Campo de Marte permanece en silencio absoluto. No hay colas de turistas esperando las taquillas que abrir\u00e1n en 2 horas. No hay selfies bajo los arcos met\u00e1licos. Solo 20 corredores matutinos &#8230; <a title=\"C\u00f3mo los parisinos realmente viven las 7h entre Torre Eiffel y Louvre cuando 7 millones de turistas anuales a\u00fan duermen\" class=\"read-more\" href=\"https:\/\/www.journee-mondiale.com\/es\/como-los-parisinos-realmente-viven-las-7h-entre-torre-eiffel-y-louvre-cuando-7-millones-de-turistas-anuales-aun-duermen\/\" aria-label=\"Leer m\u00e1s sobre C\u00f3mo los parisinos realmente viven las 7h entre Torre Eiffel y Louvre cuando 7 millones de turistas anuales a\u00fan duermen\">Lire plus<\/a><\/p>\n","protected":false},"author":1,"featured_media":15423,"comment_status":"","ping_status":"","sticky":false,"template":"","format":"standard","meta":{"footnotes":""},"categories":[49],"tags":[],"class_list":["post-15424","post","type-post","status-publish","format-standard","has-post-thumbnail","hentry","category-viajes"],"acf":[],"_yoast_wpseo_primary_category":null,"_yoast_wpseo_title":null,"_yoast_wpseo_metadesc":null,"_links":{"self":[{"href":"https:\/\/www.journee-mondiale.com\/es\/wp-json\/wp\/v2\/posts\/15424","targetHints":{"allow":["GET"]}}],"collection":[{"href":"https:\/\/www.journee-mondiale.com\/es\/wp-json\/wp\/v2\/posts"}],"about":[{"href":"https:\/\/www.journee-mondiale.com\/es\/wp-json\/wp\/v2\/types\/post"}],"author":[{"embeddable":true,"href":"https:\/\/www.journee-mondiale.com\/es\/wp-json\/wp\/v2\/users\/1"}],"replies":[{"embeddable":true,"href":"https:\/\/www.journee-mondiale.com\/es\/wp-json\/wp\/v2\/comments?post=15424"}],"version-history":[{"count":0,"href":"https:\/\/www.journee-mondiale.com\/es\/wp-json\/wp\/v2\/posts\/15424\/revisions"}],"wp:featuredmedia":[{"embeddable":true,"href":"https:\/\/www.journee-mondiale.com\/es\/wp-json\/wp\/v2\/media\/15423"}],"wp:attachment":[{"href":"https:\/\/www.journee-mondiale.com\/es\/wp-json\/wp\/v2\/media?parent=15424"}],"wp:term":[{"taxonomy":"category","embeddable":true,"href":"https:\/\/www.journee-mondiale.com\/es\/wp-json\/wp\/v2\/categories?post=15424"},{"taxonomy":"post_tag","embeddable":true,"href":"https:\/\/www.journee-mondiale.com\/es\/wp-json\/wp\/v2\/tags?post=15424"}],"curies":[{"name":"wp","href":"https:\/\/api.w.org\/{rel}","templated":true}]}}