{"id":15422,"date":"2025-11-24T07:12:32","date_gmt":"2025-11-24T06:12:32","guid":{"rendered":"https:\/\/www.journee-mondiale.com\/es\/como-los-alcudiencos-realmente-viven-el-amanecer-sobre-muros-de-1298-cuando-12-millones-de-turistas-anuales-aun-duermen\/"},"modified":"2025-11-24T07:12:32","modified_gmt":"2025-11-24T06:12:32","slug":"como-los-alcudiencos-realmente-viven-el-amanecer-sobre-muros-de-1298-cuando-12-millones-de-turistas-anuales-aun-duermen","status":"publish","type":"post","link":"https:\/\/www.journee-mondiale.com\/es\/como-los-alcudiencos-realmente-viven-el-amanecer-sobre-muros-de-1298-cuando-12-millones-de-turistas-anuales-aun-duermen\/","title":{"rendered":"C\u00f3mo los alcudiencos realmente viven el amanecer sobre muros de 1298 cuando 1,2 millones de turistas anuales a\u00fan duermen"},"content":{"rendered":"<p>Cuando la luz dorada del amanecer toca los muros de piedra caliza del siglo XIV de Alc\u00fadia, solo 20.000 mallorquines conocen el secreto mejor guardado de Mallorca. A las 7h de esta ma\u00f1ana mediterr\u00e1nea, las campanas de Sant Jaume marcan el inicio de un ritual ancestral que 1,2 millones de turistas anuales nunca presencian. No hay fotograf\u00edas en la Porta de Mallorca. No hay colas en la Plaza Mayor. Solo la vida real de la ciudad m\u00e1s antigua de la isla, fundada como Pollentia en 123 a.C., respirando fuera del tiempo tur\u00edstico en sus 0,5 km\u00b2 amurallados.<\/p>\n<h2>El despertar secreto dentro de 26 torres medievales<\/h2>\n<p>A las 7h exactas, las persianas verdes de hierro forjado comienzan a abrirse sobre fachadas doradas. Las 26 torres que custodian la ciudad amurallada desde 1298 vigilan un espect\u00e1culo \u00edntimo. Panaderos sacan ensaimadas reci\u00e9n horneadas del Forn de sa Pla\u00e7a.<\/p>\n<p>Comerciantes preparan el mercado dominical de tradici\u00f3n centenaria. Jubilados toman caf\u00e9 solo en terrazas mientras comentan en mallorqu\u00edn. La temperatura de 15\u00b0C mantiene la piedra fr\u00eda al tacto, conservando el frescor nocturno.<\/p>\n<p>\u00abAlc\u00fadia es un ejemplo perfecto de c\u00f3mo la historia y la vida cotidiana pueden convivir en armon\u00eda,\u00bb explica Marta L\u00f3pez, gu\u00eda tur\u00edstica local. Los muros declarados Patrimonio Mundial UNESCO en 2025 protegen m\u00e1s que piedras. Custodian rituales mediterr\u00e1neos inalterados.<\/p>\n<h2>Lo que realmente sucede en las calles empedradas antes de las 9h<\/h2>\n<p>El ritual matutino alcudiense sigue c\u00f3digos invisibles que ninguna gu\u00eda documenta. En la Pla\u00e7a del Mercat, desde las 7:15h cada domingo y martes, agricultores instalan puestos sobre el mismo empedrado que pisaron romanos hace 2.148 a\u00f1os.<\/p>\n<p>Cer\u00e1mica mallorquina, cestas de esparto, miel de romero. El aire huele a caf\u00e9 tostado mezclado con tomates reci\u00e9n cortados. Las conversaciones fluyen en mallorqu\u00edn, tono grave de 85 decibelios que contrasta con el silencio tur\u00edstico de <a href=\"https:\/\/www.journee-mondiale.com\/es\/el-pueblo-de-6-274-habitantes-que-los-catalanes-custodian-como-secreto-muralla-medieval-completa-sobre-el-mediterraneo-a-90-km-de-barcelona\/\">pueblos amurallados<\/a> m\u00e1s masificados.<\/p>\n<h3>El caf\u00e9 matutino que define la identidad local<\/h3>\n<p>En Ca&#8217;n Costa, desde 1952, el ritual nunca cambia. Caf\u00e9 solo de pie, conversaci\u00f3n m\u00e1xima 7 minutos, pago en met\u00e1lico. Los camareros conocen cada rostro local.<\/p>\n<p>\u00abHasta las 8:30 solo hablamos de tres cosas: el mar, la sequ\u00eda y el precio del pescado,\u00bb confirma Antoni Rossell\u00f3, due\u00f1o del Caf\u00e9 Sa Llotja. Si un turista pide caf\u00e9 con leche antes de las 9h, el c\u00f3digo no escrito funciona.<\/p>\n<h3>Las ruinas de Pollentia que los locales visitan solos<\/h3>\n<p>A 1 km del casco antiguo, las ruinas romanas abren oficialmente a las 9:30h. Entre 7h-9h, solo alcudiencos cruzan la zona arqueol\u00f3gica como atajo cotidiano. Rozan columnas de 2.148 a\u00f1os con familiaridad ancestral.<\/p>\n<p>Los restos del teatro romano, las casas patricias, el foro. La entrada cuesta 5 \u20ac para turistas, pero los locales conocen senderos alternativos desde la \u00e9poca de sus abuelos.<\/p>\n<h2>C\u00f3mo la arquitectura g\u00f3tica organiza la vida diaria<\/h2>\n<p>La iglesia de Sant Jaume del siglo XIV no es postal tur\u00edstica para alcudiencos. Es marcador temporal aut\u00e9ntico. Campanadas a las 8h se\u00f1alan apertura de comercios. Campanadas a las 13h marcan cierre matutino.<\/p>\n<p>Este reloj g\u00f3tico rige ritmos mediterr\u00e1neos inalterados desde la fundaci\u00f3n medieval de 1298. \u00abLa vieja ciudad de Alc\u00fadia ha mantenido su esencia a pesar del turismo,\u00bb confirma Jaume Mart\u00ednez, comerciante local del Diario de Mallorca.<\/p>\n<h3>Carrer Major: la arteria comercial aut\u00e9ntica<\/h3>\n<p>Entre 8h-9:30h, Carrer Major revela su funci\u00f3n real. No es decorado medieval para selfies, sino corredor comercial donde vecinos compran pan en hornos familiares desde 1920. Recogen prensa en librer\u00edas centenarias.<\/p>\n<p>Los precios reflejan la dualidad: caf\u00e9 local 0,90 \u20ac versus terraza tur\u00edstica 2,80 \u20ac. Un incremento del 211% que marca territorios invisibles pero reales.<\/p>\n<h3>Los muros de 6 metros como gimnasio local<\/h3>\n<p>Desde 7h, corredores alcudiencos rodean los 1,5 km de murallas medievales en circuito matutino. Rozan piedra del siglo XIV como entrenamiento cotidiano. Vista privilegiada sobre la bah\u00eda turquesa sin pagar entrada tur\u00edstica.<\/p>\n<p>La altura de 6 metros permite perspectivas que <a href=\"https:\/\/www.journee-mondiale.com\/es\/como-506-000-lisboetas-viven-el-tram-28-a-las-7h-desde-1930-cuando-62-millones-de-turistas-anuales-aun-duermen\/\">otros rituales matutinos<\/a> mediterr\u00e1neos no ofrecen. El mar visible desde cada torre refuerza la conexi\u00f3n ancestral.<\/p>\n<h2>Por qu\u00e9 10h marca la frontera entre dos Alc\u00fadias<\/h2>\n<p>A las 10h precisa, la transformaci\u00f3n es brutal. Autobuses tur\u00edsticos desde Palma depositan primeras oleadas en parking extramuros. Plaza Mayor se llena de grupos siguiendo paraguas levantados.<\/p>\n<p>El murmullo catal\u00e1n desaparece bajo ingl\u00e9s y alem\u00e1n. Los alcudiencos se repliegan hacia barrios residenciales donde la vida contin\u00faa al ritmo mediterr\u00e1neo de siempre. \u00abAlc\u00fadia es un destino ideal para quienes buscan autenticidad,\u00bb explica Anna P\u00e9rez, blogger de viajes, pero <a href=\"https:\/\/www.journee-mondiale.com\/es\/por-que-mayo-junio-es-el-momento-en-que-ses-illetes-revela-sus-15-km-sin-peajes-ni-las-600-000-multitudes-anuales\/\">la autenticidad balear<\/a> tiene horarios precisos.<\/p>\n<p>Los 60 km desde Palma se recorren en 45 minutos. Suficiente para transformar una ciudad medieval en escenario tur\u00edstico. Insuficiente para borrar 2.148 a\u00f1os de historia que resurge cada amanecer.<\/p>\n<h2>Tus preguntas sobre Alc\u00fadia respondidas<\/h2>\n<h3>\u00bfA qu\u00e9 hora exacta comienza el ritual matutino local?<\/h3>\n<p>El despertar alcudiense comienza entre 7h-7:30h. Panader\u00edas abren a las 7h con ensaimadas reci\u00e9n horneadas. Caf\u00e9s a las 7:15h. Mercado dominical desde las 7:15h hasta las 13h. La ventana m\u00e1gica sin turistas dura hasta las 10h exactas.<\/p>\n<h3>\u00bfD\u00f3nde toman caf\u00e9 los alcudiencos reales?<\/h3>\n<p>Tres lugares aut\u00e9nticos definen el c\u00f3digo local: Ca&#8217;n Costa en Plaza Constituci\u00f3 desde 1952, Es Mercat junto al mercado dominical, y Can Pere en Carrer Major. Ritual invariable: caf\u00e9 solo de pie, conversaci\u00f3n breve en mallorqu\u00edn, pago met\u00e1lico. Clientela 90% local hasta 8:30h.<\/p>\n<h3>\u00bfC\u00f3mo diferenciar un alcudienc de un turista matutino?<\/h3>\n<p>Se\u00f1ales inequ\u00edvocas: saludo en mallorqu\u00edn con entonaci\u00f3n local, ritmo pausado mediterr\u00e1neo sin prisa fotogr\u00e1fica, bolsa esparto para mercado en lugar de mochila tur\u00edstica. Los alcudiencos caminan la ciudad como extensi\u00f3n de casa. Los turistas la fotograf\u00edan como museo.<\/p>\n<p>Cuando las campanadas de Sant Jaume marcan las 13h sobre empedrado de 1298, los alcudiencos regresan a casas de piedra dorada para la sobremesa mediterr\u00e1nea. Fuera, 1,2 millones de visitantes anuales seguir\u00e1n fotografiando murallas sin saber que el Alc\u00fadia real existe solo entre 7h-10h, cuando 20.000 habitantes custodian su ritual ancestral esperando que el sol decline para <a href=\"https:\/\/www.journee-mondiale.com\/es\/como-los-arcocenos-realmente-viven-el-amanecer-dorado-sobre-el-guadalete-cuando-los-150-000-turistas-anuales-aun-duermen\/\">recuperar su ciudad<\/a> hasta el pr\u00f3ximo amanecer dorado sobre piedra romana.<\/p>\n","protected":false},"excerpt":{"rendered":"<p>Cuando la luz dorada del amanecer toca los muros de piedra caliza del siglo XIV de Alc\u00fadia, solo 20.000 mallorquines conocen el secreto mejor guardado de Mallorca. A las 7h de esta ma\u00f1ana mediterr\u00e1nea, las campanas de Sant Jaume marcan el inicio de un ritual ancestral que 1,2 millones de turistas anuales nunca presencian. No &#8230; <a title=\"C\u00f3mo los alcudiencos realmente viven el amanecer sobre muros de 1298 cuando 1,2 millones de turistas anuales a\u00fan duermen\" class=\"read-more\" href=\"https:\/\/www.journee-mondiale.com\/es\/como-los-alcudiencos-realmente-viven-el-amanecer-sobre-muros-de-1298-cuando-12-millones-de-turistas-anuales-aun-duermen\/\" aria-label=\"Leer m\u00e1s sobre C\u00f3mo los alcudiencos realmente viven el amanecer sobre muros de 1298 cuando 1,2 millones de turistas anuales a\u00fan duermen\">Lire plus<\/a><\/p>\n","protected":false},"author":1,"featured_media":15421,"comment_status":"","ping_status":"","sticky":false,"template":"","format":"standard","meta":{"footnotes":""},"categories":[49],"tags":[],"class_list":["post-15422","post","type-post","status-publish","format-standard","has-post-thumbnail","hentry","category-viajes"],"acf":[],"_yoast_wpseo_primary_category":null,"_yoast_wpseo_title":null,"_yoast_wpseo_metadesc":null,"_links":{"self":[{"href":"https:\/\/www.journee-mondiale.com\/es\/wp-json\/wp\/v2\/posts\/15422","targetHints":{"allow":["GET"]}}],"collection":[{"href":"https:\/\/www.journee-mondiale.com\/es\/wp-json\/wp\/v2\/posts"}],"about":[{"href":"https:\/\/www.journee-mondiale.com\/es\/wp-json\/wp\/v2\/types\/post"}],"author":[{"embeddable":true,"href":"https:\/\/www.journee-mondiale.com\/es\/wp-json\/wp\/v2\/users\/1"}],"replies":[{"embeddable":true,"href":"https:\/\/www.journee-mondiale.com\/es\/wp-json\/wp\/v2\/comments?post=15422"}],"version-history":[{"count":0,"href":"https:\/\/www.journee-mondiale.com\/es\/wp-json\/wp\/v2\/posts\/15422\/revisions"}],"wp:featuredmedia":[{"embeddable":true,"href":"https:\/\/www.journee-mondiale.com\/es\/wp-json\/wp\/v2\/media\/15421"}],"wp:attachment":[{"href":"https:\/\/www.journee-mondiale.com\/es\/wp-json\/wp\/v2\/media?parent=15422"}],"wp:term":[{"taxonomy":"category","embeddable":true,"href":"https:\/\/www.journee-mondiale.com\/es\/wp-json\/wp\/v2\/categories?post=15422"},{"taxonomy":"post_tag","embeddable":true,"href":"https:\/\/www.journee-mondiale.com\/es\/wp-json\/wp\/v2\/tags?post=15422"}],"curies":[{"name":"wp","href":"https:\/\/api.w.org\/{rel}","templated":true}]}}