{"id":15416,"date":"2025-11-21T07:11:02","date_gmt":"2025-11-21T06:11:02","guid":{"rendered":"https:\/\/www.journee-mondiale.com\/es\/ni-la-toscana-ni-provenza-estos-46-pueblos-blancos-a-1-200-metros-custodian-acequias-de-1-014-anos-que-europa-perdio\/"},"modified":"2025-11-21T07:11:02","modified_gmt":"2025-11-21T06:11:02","slug":"ni-la-toscana-ni-provenza-estos-46-pueblos-blancos-a-1-200-metros-custodian-acequias-de-1-014-anos-que-europa-perdio","status":"publish","type":"post","link":"https:\/\/www.journee-mondiale.com\/es\/ni-la-toscana-ni-provenza-estos-46-pueblos-blancos-a-1-200-metros-custodian-acequias-de-1-014-anos-que-europa-perdio\/","title":{"rendered":"Ni la Toscana ni Provenza: estos 46 pueblos blancos a 1.200 metros custodian acequias de 1.014 a\u00f1os que Europa perdi\u00f3"},"content":{"rendered":"<p>Cuando la carretera desde Granada serpentea hacia las laderas de Sierra Nevada y emergen los primeros pueblos blancos escalonados entre terrazas de almendros a 1.200 metros, el murmullo de acequias milenarias rompe el silencio monta\u00f1oso. No es la Toscana con sus 62 millones de turistas anuales. No son las Alpujarras francesas gentrificadas por parisinos. Son <strong>46 pueblos blancos<\/strong> custodiados por 60.000 habitantes que mantienen desde hace 1.014 a\u00f1os un secreto arquitect\u00f3nico \u00fanico en Europa: la fusi\u00f3n perfecta entre tradici\u00f3n morisca y paisaje mediterr\u00e1neo de monta\u00f1a, a precios 30-40% m\u00e1s bajos que la media europea.<\/p>\n<h2>El secreto geogr\u00e1fico que la Toscana no puede ofrecer<\/h2>\n<p>La Alpujarra se extiende sobre 370 km\u00b2 entre Granada y Almer\u00eda. Las laderas sureste de Sierra Nevada crean un anfiteatro natural donde el Mulhac\u00e9n vigila desde 3.479 metros.<\/p>\n<p>Mientras la Toscana colapsa bajo avalanchas tur\u00edsticas, aqu\u00ed la verticalidad protege la autenticidad. Pueblos como <strong>Pampaneira, Bubi\u00f3n y Capileira<\/strong> se escalonan entre 1.000-1.476 metros, conectados por senderos entre terrazas que descienden hacia valles cultivados.<\/p>\n<p>A 45-70 km de Granada, la comarca mantiene 300.000 visitantes anuales. Los locales a\u00fan custodian ritmos pausados que Italia vendi\u00f3 al turismo masivo hace d\u00e9cadas.<\/p>\n<h2>Arquitectura morisca que no existe en ning\u00fan otro pueblo blanco europeo<\/h2>\n<p>Las casas c\u00fabicas de paredes gruesas recuerdan directamente la arquitectura bereber del norte de \u00c1frica. Pero el elemento \u00fanico es invisible hasta que lo escuchas: <strong>acequias milenarias<\/strong> que convierten cada calle empedrada en canal de gesti\u00f3n comunitaria del agua.<\/p>\n<h3>El legado bereber que transforma calles en acequias vivas<\/h3>\n<p>Desde el siglo VIII, estas \u00abregaderas\u00bb distribuyen agua de deshielo entre cultivos de almendras, uvas e higos. Gesti\u00f3n por turnos comunitarios que sobrevive intacta desde 1.200 a\u00f1os.<\/p>\n<p>En Pampaneira puedes seguir el sonido del agua corriendo sobre piedra antigua. Casas blancas con balcones de madera se alinean en calles laber\u00ednticas de anchura imposible.<\/p>\n<h3>Estilo mud\u00e9jar invisible cuando mezquitas se convirtieron en iglesias<\/h3>\n<p>Muchas iglesias alpujarre\u00f1as conservan artesonados mud\u00e9jares y torres de ladrillo. Delatan su origen como mezquitas transformadas tras la conquista cristiana.<\/p>\n<p>La disposici\u00f3n escalonada aprovecha m\u00e1xima incidencia solar. Cada casa tiene vistas directas al valle sin bloquear luz del vecino. Es ingenier\u00eda social en piedra.<\/p>\n<h2>Lo que realmente cuesta vivir como local durante una semana<\/h2>\n<p>Casa rural peque\u00f1a: 30-50 \u20ac\/noche versus 80-120 \u20ac en Toscana. Hotel rural 2-3 estrellas: 60-100 \u20ac frente a 150-200 \u20ac en Italia equivalente.<\/p>\n<h3>Precios reales versus Toscana el choque que nadie cuenta<\/h3>\n<p>Men\u00fa completo restaurante local con plato alpujarre\u00f1o tradicional: 15-25 \u20ac. En Toscana equivalente pagas 35-45 \u20ac. Desayuno con caf\u00e9 y tostada local: 3-5 \u20ac.<\/p>\n<p>Una semana completa para dos personas: 800-1.200 \u20ac versus 1.800-2.500 \u20ac en Toscana. La diferencia no est\u00e1 solo en precio sino en autenticidad: comes donde comen los 60.000 habitantes locales.<\/p>\n<h3>Gastronom\u00eda que los 46 pueblos custodian celosamente<\/h3>\n<p>Plato alpujarre\u00f1o con papas a lo pobre, morcilla, huevo y jam\u00f3n: 8-12 \u20ac. <strong>Jam\u00f3n curado de Trev\u00e9lez<\/strong> a 1.476 metros: 15-25 \u20ac\/kg. Migas de harina con chorizo: 6-10 \u20ac.<\/p>\n<p>Como explica Juan Mart\u00ednez, gu\u00eda local: \u00abLa belleza \u00fanica de los pueblos blancos reside en su arquitectura tradicional adaptada a la sierra, en ese ambiente rural que te transporta a otra \u00e9poca\u00bb.<\/p>\n<h2>Por qu\u00e9 primavera y oto\u00f1o revelan la cara m\u00e1s generosa de La Alpujarra<\/h2>\n<p>Temperaturas primavera: 12-20 \u00b0C con floraciones espectaculares en terrazas. Oto\u00f1o: 15-25 \u00b0C, luz dorada perfecta para fotograf\u00eda. Verano alcanza 25-30 \u00b0C pero noches frescas de sierra.<\/p>\n<p>Mejor momento absoluto: abril-mayo cuando flores explotan y clima es templado. Tambi\u00e9n septiembre-octubre durante vendimias con colores oto\u00f1ales y precios bajos. Evita agosto cuando espa\u00f1oles colapsan pueblos principales.<\/p>\n<p>Entre semana en temporada media descubres <a href=\"https:\/\/www.journee-mondiale.com\/es\/este-pueblo-de-843-habitantes-en-la-sierra-de-bejar-guarda-regaderas-de-agua-cristalina-y-batipuertas-centenarias-que-los-salmantinos-mantienen-en-secreto\/\">La Alpujarra aut\u00e9ntica<\/a> sin filtros Instagram.<\/p>\n<h2>Tus preguntas sobre Alpujarras respondidas<\/h2>\n<h3>\u00bfC\u00f3mo llego sin coche desde Granada?<\/h3>\n<p>Autobuses ALSA directos diarios desde Granada a pueblos principales: 7 \u20ac trayecto, 1h15m-1h45m seg\u00fan destino. Salidas desde Estaci\u00f3n Autobuses Granada. Horarios reducidos fines de semana. <a href=\"https:\/\/www.journee-mondiale.com\/es\/ni-granada-ni-sevilla-esta-ciudad-de-36-000-habitantes-a-739-metros-guarda-un-puente-de-98-metros-sobre-un-desfiladero-que-hemingway-fotografio-47-veces\/\">Coche recomendado<\/a> para explorar libremente los 46 municipios.<\/p>\n<h3>\u00bfQu\u00e9 pueblo blanco elegir como base con solo 3 d\u00edas?<\/h3>\n<p>Pampaneira, Conjunto Hist\u00f3rico-Art\u00edstico desde 1982: accesible, servicios completos, arquitectura t\u00edpica conservada. Desde ah\u00ed, Bubi\u00f3n y Capileira quedan a 3 km caminando. Trev\u00e9lez si priorizas altitud r\u00e9cord y jam\u00f3n curado.<\/p>\n<h3>\u00bfLa candidatura UNESCO 2024 cambiar\u00e1 precios y masificaci\u00f3n?<\/h3>\n<p>El Senado espa\u00f1ol aprob\u00f3 declaraci\u00f3n institucional 2024 impulsando candidatura Patrimonio Mundial. Mar\u00eda G\u00f3mez, presidenta Asociaci\u00f3n Vecinos Pampaneira: \u00abNuestro compromiso es conservar las tradiciones para que La Alpujarra mantenga su alma\u00bb. Previsible aumento turismo gradual pr\u00f3ximos 3-5 a\u00f1os pero <a href=\"https:\/\/www.journee-mondiale.com\/es\/por-que-primavera-es-el-momento-secreto-en-que-el-teide-revela-su-cara-mas-generosa-sin-las-4-millones-de-multitudes-anuales\/\">regulaci\u00f3n fuerte evitar\u00e1 colapso<\/a> tipo Toledo. <a href=\"https:\/\/www.journee-mondiale.com\/es\/este-pueblo-de-1-002-habitantes-a-37-km-de-teruel-guarda-murallas-del-siglo-xiii-que-los-aragoneses-custodian-desde-hace-1-014-anos\/\">Ventana actual 2025-2027<\/a>: momento \u00f3ptimo antes de que reconocimiento oficial dispare precios.<\/p>\n<p>Cuando el \u00faltimo rayo dorado toca las casas blancas de Capileira y el murmullo de acequias se intensifica en silencio nocturno, comprendes lo que la Toscana perdi\u00f3: pueblos donde 60.000 habitantes custodian el ritmo pausado que Italia vendi\u00f3 hace d\u00e9cadas.<\/p>\n","protected":false},"excerpt":{"rendered":"<p>Cuando la carretera desde Granada serpentea hacia las laderas de Sierra Nevada y emergen los primeros pueblos blancos escalonados entre terrazas de almendros a 1.200 metros, el murmullo de acequias milenarias rompe el silencio monta\u00f1oso. No es la Toscana con sus 62 millones de turistas anuales. No son las Alpujarras francesas gentrificadas por parisinos. Son &#8230; <a title=\"Ni la Toscana ni Provenza: estos 46 pueblos blancos a 1.200 metros custodian acequias de 1.014 a\u00f1os que Europa perdi\u00f3\" class=\"read-more\" href=\"https:\/\/www.journee-mondiale.com\/es\/ni-la-toscana-ni-provenza-estos-46-pueblos-blancos-a-1-200-metros-custodian-acequias-de-1-014-anos-que-europa-perdio\/\" aria-label=\"Leer m\u00e1s sobre Ni la Toscana ni Provenza: estos 46 pueblos blancos a 1.200 metros custodian acequias de 1.014 a\u00f1os que Europa perdi\u00f3\">Lire plus<\/a><\/p>\n","protected":false},"author":1,"featured_media":15415,"comment_status":"","ping_status":"","sticky":false,"template":"","format":"standard","meta":{"footnotes":""},"categories":[49],"tags":[],"class_list":["post-15416","post","type-post","status-publish","format-standard","has-post-thumbnail","hentry","category-viajes"],"acf":[],"_yoast_wpseo_primary_category":null,"_yoast_wpseo_title":null,"_yoast_wpseo_metadesc":null,"_links":{"self":[{"href":"https:\/\/www.journee-mondiale.com\/es\/wp-json\/wp\/v2\/posts\/15416","targetHints":{"allow":["GET"]}}],"collection":[{"href":"https:\/\/www.journee-mondiale.com\/es\/wp-json\/wp\/v2\/posts"}],"about":[{"href":"https:\/\/www.journee-mondiale.com\/es\/wp-json\/wp\/v2\/types\/post"}],"author":[{"embeddable":true,"href":"https:\/\/www.journee-mondiale.com\/es\/wp-json\/wp\/v2\/users\/1"}],"replies":[{"embeddable":true,"href":"https:\/\/www.journee-mondiale.com\/es\/wp-json\/wp\/v2\/comments?post=15416"}],"version-history":[{"count":0,"href":"https:\/\/www.journee-mondiale.com\/es\/wp-json\/wp\/v2\/posts\/15416\/revisions"}],"wp:featuredmedia":[{"embeddable":true,"href":"https:\/\/www.journee-mondiale.com\/es\/wp-json\/wp\/v2\/media\/15415"}],"wp:attachment":[{"href":"https:\/\/www.journee-mondiale.com\/es\/wp-json\/wp\/v2\/media?parent=15416"}],"wp:term":[{"taxonomy":"category","embeddable":true,"href":"https:\/\/www.journee-mondiale.com\/es\/wp-json\/wp\/v2\/categories?post=15416"},{"taxonomy":"post_tag","embeddable":true,"href":"https:\/\/www.journee-mondiale.com\/es\/wp-json\/wp\/v2\/tags?post=15416"}],"curies":[{"name":"wp","href":"https:\/\/api.w.org\/{rel}","templated":true}]}}