{"id":15410,"date":"2025-11-18T07:11:21","date_gmt":"2025-11-18T06:11:21","guid":{"rendered":"https:\/\/www.journee-mondiale.com\/es\/como-caminar-700-metros-entre-paredes-de-80-metros-cambio-mi-relacion-con-la-escala-en-2-horas\/"},"modified":"2025-11-18T07:11:21","modified_gmt":"2025-11-18T06:11:21","slug":"como-caminar-700-metros-entre-paredes-de-80-metros-cambio-mi-relacion-con-la-escala-en-2-horas","status":"publish","type":"post","link":"https:\/\/www.journee-mondiale.com\/es\/como-caminar-700-metros-entre-paredes-de-80-metros-cambio-mi-relacion-con-la-escala-en-2-horas\/","title":{"rendered":"C\u00f3mo caminar 700 metros entre paredes de 80 metros cambi\u00f3 mi relaci\u00f3n con la escala en 2 horas"},"content":{"rendered":"<p>Cuando el t\u00fanel excavado en roca caliza se cierra detr\u00e1s de ti, el rugido del r\u00edo Partnach te golpea como una pared s\u00f3nica. Tu cerebro tarda 8 segundos en procesar que est\u00e1s dentro de una grieta de <strong>700 metros<\/strong> donde paredes de <strong>80 metros<\/strong> se elevan verticales a ambos lados. Puedes tocarlas extendiendo los brazos. A solo <strong>90 km<\/strong> de M\u00fanich, <strong>350.000 visitantes<\/strong> anuales descubren lo mismo: la escala humana es una ilusi\u00f3n que se desmorona en menos de dos horas por <strong>5 \u20ac<\/strong>.<\/p>\n<h2>La llegada que recalibra tu br\u00fajula espacial<\/h2>\n<p>Desde el parking del Estadio Ol\u00edmpico de Garmisch-Partenkirchen, caminas <strong>2 km<\/strong> entre prados alpinos verdes. El sendero serpentea durante 20 minutos enga\u00f1osamente suave. Cuando el bosque de pinos se cierra y el sonido del agua resuena desde abajo, tu cerebro a\u00fan no sabe qu\u00e9 esperar.<\/p>\n<p>Luego aparece el t\u00fanel: un agujero negro excavado en <strong>1912<\/strong> cuando Alemania declar\u00f3 esta formaci\u00f3n Monumento Natural. \u00abEs una garganta especialmente angosta de 80 metros de profundidad y 700 metros de largo,\u00bb confirma Muniqueando.com. Entrar cuesta <strong>5 \u20ac<\/strong> para adultos, gratis para ni\u00f1os. No hay vuelta atr\u00e1s f\u00edsica ni mental.<\/p>\n<h2>Los primeros 200 metros donde tu percepci\u00f3n colapsa<\/h2>\n<p>El t\u00fanel desemboca en una pasarela de madera suspendida sobre el r\u00edo Partnach. El agua fluye cristalina <strong>10 metros<\/strong> m\u00e1s abajo con fuerza hipn\u00f3tica. Pero lo que paraliza son las paredes: dos muros de caliza gris oscuro ascienden <strong>60, 70, hasta 80 metros<\/strong> verticales.<\/p>\n<p>La distancia entre ellas: apenas <strong>5-10 metros<\/strong> en algunos puntos. Extiendes los brazos y casi tocas ambas. \u00abEl agua va con tanta fuerza que te quedar\u00e1s bastante mojado,\u00bb advierte Guiasdeviajesyrutas.com.<\/p>\n<h3>La f\u00edsica de la transformaci\u00f3n perceptual<\/h3>\n<p>La neurociencia explica el fen\u00f3meno: tu c\u00f3rtex visual calcula proporciones bas\u00e1ndose en referencias conocidas. Aqu\u00ed no hay nada conocido. Las paredes exceden tu campo visual vertical. El sonido se amplifica en el ca\u00f1\u00f3n estrecho. Tu cerebro abandona escalas previas y reconstruye desde cero.<\/p>\n<h3>El detalle que cambia todo<\/h3>\n<p>Las pasarelas miden menos de <strong>2 metros<\/strong> de ancho. Cuando te cruzas con otro visitante, ambos gir\u00e1is de lado. Esta intimidad forzada combinada con verticalidad aplastante genera paradoja emocional: te sientes insignificante y plenamente vivo simult\u00e1neamente.<\/p>\n<h2>El tramo medio donde la inmersi\u00f3n se completa<\/h2>\n<p>Entre los metros 200 y 500, el desfiladero se estrecha m\u00e1s. Ingenieros del siglo XX excavaron t\u00faneles adicionales para continuar el camino. Estos pasajes oscuros de <strong>10-15 metros<\/strong> interrumpen la luz natural. Momentos de oscuridad total antes de emerger a nuevas vistas del r\u00edo.<\/p>\n<p>Las cascadas aparecen sin aviso: saltos de agua de <strong>5-10 metros<\/strong> salpican las pasarelas. La temperatura baja <strong>5-7\u00b0C<\/strong> respecto al exterior. El olor es mineral, vegetal, primordial. Como estar dentro de las venas de la monta\u00f1a.<\/p>\n<h3>Lo que sienten 350.000 visitantes anuales<\/h3>\n<p>Gertru y Alex confirman en YouTube: \u00abLa garganta Partnachklamm es uno de los biotopos m\u00e1s bellos de Alemania, con paredes verticales de hasta 80 metros&#8230; el sonido del agua es impresionante.\u00bb Pero hay algo m\u00e1s preciso: la combinaci\u00f3n de verticalidad extrema, estrechez horizontal e inmersi\u00f3n sensorial crea transformaci\u00f3n neurol\u00f3gica.<\/p>\n<h3>T\u00faneles excavados y cascadas omnipresentes<\/h3>\n<p>No es solo visual. Es t\u00e1ctil cuando el agua te moja. Es auditivo cuando el rugido te envuelve a <strong>85-90 decibeles<\/strong>. Es olfativo con ese aroma a roca mojada y musgo que se adhiere a la ropa. \u00abCon casi 800 m de recorrido, t\u00faneles excavados en la roca, paredes que alcanzan en algunos puntos los 80 m de altura,\u00bb describe Aventurera Imperfecta.<\/p>\n<h2>El valle Reintal donde tu escala mental se recompone<\/h2>\n<p>Los \u00faltimos <strong>200 metros<\/strong> se ensanchan ligeramente. Las paredes retroceden a <strong>40-50 metros<\/strong>. La luz natural regresa m\u00e1s fuerte. El sonido del agua se suaviza gradualmente como una despedida.<\/p>\n<p>Cuando cruzas el umbral final y el valle Reintal se abre ante ti, tu cerebro completa la recalibraci\u00f3n. Has caminado <strong>700 metros<\/strong> horizontales, pero has descendido mentalmente <strong>80 metros<\/strong> verticales. Tiempo invertido: <strong>1 hora 30 minutos<\/strong> ida y vuelta. La transformaci\u00f3n: permanente. <a href=\"https:\/\/www.journee-mondiale.com\/es\/como-caminar-15-608-hectareas-entre-paredes-de-3-355-metros-cambio-mi-nocion-de-escala-en-4-dias\/\">Como en Ordesa<\/a>, la verticalidad extrema redefine tu percepci\u00f3n espacial.<\/p>\n<h2>Tus preguntas sobre la Garganta de Partnach respondidas<\/h2>\n<h3>\u00bfEs seguro caminar con ni\u00f1os peque\u00f1os?<\/h3>\n<p>Las pasarelas tienen barandillas s\u00f3lidas mantenidas por inspecciones regulares. Sin embargo, ni\u00f1os menores de <strong>6 a\u00f1os<\/strong> pueden sentirse intimidados por la estrechez y altura de paredes. La Oficina de Turismo recomienda visitarla con ni\u00f1os mayores de <strong>8 a\u00f1os<\/strong> que caminen <strong>700 m<\/strong> sin problema. Entrada gratuita para menores.<\/p>\n<h3>\u00bfCu\u00e1l es la mejor \u00e9poca para evitar multitudes?<\/h3>\n<p>Mayo-junio y septiembre son ideales. La ventana oficial sin hielo es mayo-septiembre, pero julio-agosto concentran el <strong>60%<\/strong> de visitantes anuales. Visitar entre semana en mayo o septiembre garantiza recorrer con menos de <strong>50 personas<\/strong> simult\u00e1neas. <a href=\"https:\/\/www.journee-mondiale.com\/es\/ni-el-lago-di-braies-ni-hallstatt-este-lago-de-345-hectaras-a-1-395-metros-guarda-truchas-visibles-donde-50-000-visitantes-caminan-entre-pinos-suizos\/\">Como Morskie Oko<\/a>, evitar temporada alta es clave.<\/p>\n<h3>\u00bfC\u00f3mo llegar desde Espa\u00f1a en 2025?<\/h3>\n<p>Vuelo Madrid-M\u00fanich (<strong>4:30-5:30 horas<\/strong>) m\u00e1s tren regional a Garmisch-Partenkirchen (<strong>1 h 30 min, 30-40 \u20ac<\/strong>). Desde Barcelona son <strong>3:30-4:30 horas<\/strong> de vuelo. <a href=\"https:\/\/www.journee-mondiale.com\/es\/como-conducir-151-km-entre-300-y-2042-metros-cambio-mi-relacion-con-las-curvas-en-6-horas\/\">Como la Transf\u0103g\u0103r\u0103\u0219an<\/a>, el viaje forma parte de la experiencia transformadora.<\/p>\n<p>Cuando sales al valle Reintal y miras atr\u00e1s hacia la grieta oscura, las paredes de <strong>80 metros<\/strong> parecen imposibles. Pero la evidencia est\u00e1 en tus zapatillas mojadas, en el eco del agua resonando en tus o\u00eddos, en tu noci\u00f3n recalibrada de escala donde lo peque\u00f1o se vuelve gigante visto desde dentro.<\/p>\n","protected":false},"excerpt":{"rendered":"<p>Cuando el t\u00fanel excavado en roca caliza se cierra detr\u00e1s de ti, el rugido del r\u00edo Partnach te golpea como una pared s\u00f3nica. Tu cerebro tarda 8 segundos en procesar que est\u00e1s dentro de una grieta de 700 metros donde paredes de 80 metros se elevan verticales a ambos lados. Puedes tocarlas extendiendo los brazos. &#8230; <a title=\"C\u00f3mo caminar 700 metros entre paredes de 80 metros cambi\u00f3 mi relaci\u00f3n con la escala en 2 horas\" class=\"read-more\" href=\"https:\/\/www.journee-mondiale.com\/es\/como-caminar-700-metros-entre-paredes-de-80-metros-cambio-mi-relacion-con-la-escala-en-2-horas\/\" aria-label=\"Leer m\u00e1s sobre C\u00f3mo caminar 700 metros entre paredes de 80 metros cambi\u00f3 mi relaci\u00f3n con la escala en 2 horas\">Lire plus<\/a><\/p>\n","protected":false},"author":1,"featured_media":15409,"comment_status":"","ping_status":"","sticky":false,"template":"","format":"standard","meta":{"footnotes":""},"categories":[49],"tags":[],"class_list":["post-15410","post","type-post","status-publish","format-standard","has-post-thumbnail","hentry","category-viajes"],"acf":[],"_yoast_wpseo_primary_category":null,"_yoast_wpseo_title":null,"_yoast_wpseo_metadesc":null,"_links":{"self":[{"href":"https:\/\/www.journee-mondiale.com\/es\/wp-json\/wp\/v2\/posts\/15410","targetHints":{"allow":["GET"]}}],"collection":[{"href":"https:\/\/www.journee-mondiale.com\/es\/wp-json\/wp\/v2\/posts"}],"about":[{"href":"https:\/\/www.journee-mondiale.com\/es\/wp-json\/wp\/v2\/types\/post"}],"author":[{"embeddable":true,"href":"https:\/\/www.journee-mondiale.com\/es\/wp-json\/wp\/v2\/users\/1"}],"replies":[{"embeddable":true,"href":"https:\/\/www.journee-mondiale.com\/es\/wp-json\/wp\/v2\/comments?post=15410"}],"version-history":[{"count":0,"href":"https:\/\/www.journee-mondiale.com\/es\/wp-json\/wp\/v2\/posts\/15410\/revisions"}],"wp:featuredmedia":[{"embeddable":true,"href":"https:\/\/www.journee-mondiale.com\/es\/wp-json\/wp\/v2\/media\/15409"}],"wp:attachment":[{"href":"https:\/\/www.journee-mondiale.com\/es\/wp-json\/wp\/v2\/media?parent=15410"}],"wp:term":[{"taxonomy":"category","embeddable":true,"href":"https:\/\/www.journee-mondiale.com\/es\/wp-json\/wp\/v2\/categories?post=15410"},{"taxonomy":"post_tag","embeddable":true,"href":"https:\/\/www.journee-mondiale.com\/es\/wp-json\/wp\/v2\/tags?post=15410"}],"curies":[{"name":"wp","href":"https:\/\/api.w.org\/{rel}","templated":true}]}}