{"id":15332,"date":"2025-10-26T07:09:13","date_gmt":"2025-10-26T06:09:13","guid":{"rendered":"https:\/\/www.journee-mondiale.com\/es\/ni-santillana-del-mar-ni-comillas-este-pueblo-de-57-habitantes-a-495-metros-guarda-casas-de-piedra-del-siglo-xvi-sin-las-multitudes-del-camino-del-norte\/"},"modified":"2025-10-26T07:09:13","modified_gmt":"2025-10-26T06:09:13","slug":"ni-santillana-del-mar-ni-comillas-este-pueblo-de-57-habitantes-a-495-metros-guarda-casas-de-piedra-del-siglo-xvi-sin-las-multitudes-del-camino-del-norte","status":"publish","type":"post","link":"https:\/\/www.journee-mondiale.com\/es\/ni-santillana-del-mar-ni-comillas-este-pueblo-de-57-habitantes-a-495-metros-guarda-casas-de-piedra-del-siglo-xvi-sin-las-multitudes-del-camino-del-norte\/","title":{"rendered":"Ni Santillana del Mar ni Comillas: este pueblo de 57 habitantes a 495 metros guarda casas de piedra del siglo XVI sin las multitudes del Camino del Norte"},"content":{"rendered":"<p>Cuando la carretera CA-280 serpentea hacia el valle del r\u00edo Argoza y emerge un pueblo de piedra a 495 metros de altitud, algo se detiene en el tiempo. Solo 57 habitantes custodian B\u00e1rcena Mayor, el \u00fanico n\u00facleo habitado dentro del Parque Natural Saja-Besaya. Ni Santillana del Mar con sus 988.031 visitantes anuales, ni Comillas con sus 751.881 turistas pueden ofrecer lo que aqu\u00ed permanece intacto: arquitectura monta\u00f1esa de los siglos XVI y XVII sin concesiones al turismo masivo. Las casas de piedra gris\u00e1cea y techos de lastra brillan bajo la luz cambiante de la monta\u00f1a c\u00e1ntabra. El murmullo del r\u00edo es el \u00fanico sonido que acompa\u00f1a a los 72.885 visitantes que llegan cada a\u00f1o buscando autenticidad.<\/p>\n<h2>El \u00faltimo refugio medieval de Cantabria que las gu\u00edas omiten<\/h2>\n<p>A solo 60 km de Santander, una hora por carreteras sinuosas que ya constituyen un viaje en s\u00ed mismas, B\u00e1rcena Mayor custodia lo que la mayor\u00eda de pueblos c\u00e1ntabros perdieron d\u00e9cadas atr\u00e1s. Sus 57 habitantes actuales mantienen viva una historia iniciada en el siglo IX con la repoblaci\u00f3n medieval.<\/p>\n<p>En 1168, Alfonso VIII cedi\u00f3 la iglesia de Santa \u00c1gueda al Monasterio de Carde\u00f1a. Este v\u00ednculo mon\u00e1stico marc\u00f3 la identidad del pueblo durante siglos. Cada piedra tallada, cada balc\u00f3n de madera con flores, cuenta la historia de una behetr\u00eda medieval.<\/p>\n<p>\u00abEste peque\u00f1o pueblo es un aut\u00e9ntico museo al aire libre, donde cada piedra y cada casa cuentan una historia viva\u00bb, confirma el portal De Viaje Por. Los habitantes eleg\u00edan libremente a su se\u00f1or feudal, un privilegio que se traduce hoy en orgullo comunitario.<\/p>\n<h2>Por qu\u00e9 solo 57 personas viven en este museo viviente<\/h2>\n<p>La pregunta no es por qu\u00e9 tan pocos viven aqu\u00ed, sino c\u00f3mo han resistido el \u00e9xodo rural que vaci\u00f3 la Espa\u00f1a interior. B\u00e1rcena Mayor es el \u00fanico n\u00facleo habitado dentro del Parque Natural Saja-Besaya, una posici\u00f3n geogr\u00e1fica que es bendici\u00f3n y desaf\u00edo simult\u00e1neamente.<\/p>\n<p>Los inviernos son duros: m\u00ednimas de 2-5\u00b0C y nieblas densas que a\u00edslan el valle durante d\u00edas. Los veranos alcanzan m\u00e1ximas de 25-30\u00b0C. Pero quienes permanecen custodian algo invaluable: arquitectura popular monta\u00f1esa declarada Conjunto Hist\u00f3rico-Art\u00edstico en 1979.<\/p>\n<h3>Arquitectura que desaf\u00eda el paso de cinco siglos<\/h3>\n<p>Las casas no son meras construcciones, son tratados de ingenier\u00eda adaptativa. Piedra local extra\u00edda del valle. Techos de lastra que soportan nieve invernal sin ceder. Balcones de madera orientados estrat\u00e9gicamente para capturar cada rayo de sol escaso.<\/p>\n<p>Esta arquitectura mereci\u00f3 la protecci\u00f3n oficial hace 46 a\u00f1os. Cada fachada, cada calle empedrada, est\u00e1 protegida de cualquier modernizaci\u00f3n invasiva. El resultado: un pueblo que mantiene su esencia medieval intacta.<\/p>\n<h3>El Parque Natural como frontera invisible<\/h3>\n<p>Vivir dentro del Parque Natural Saja-Besaya significa existir bajo regulaciones estrictas que han salvado a B\u00e1rcena Mayor de convertirse en otro pueblo-museo despoblado. Cada reforma requiere aprobaci\u00f3n. Cada nueva construcci\u00f3n est\u00e1 prohibida.<\/p>\n<p>El resultado: un pueblo que no ha cedido a la tentaci\u00f3n del turismo masivo porque geogr\u00e1ficamente no puede. <a href=\"https:\/\/www.journee-mondiale.com\/es\/la-villa-blanca-asturiana-de-4-000-habitantes-que-los-locales-mantienen-en-secreto-entre-acantilados-del-cantabrico\/\">Como la villa blanca asturiana<\/a> que tambi\u00e9n preserva su car\u00e1cter aut\u00e9ntico entre acantilados.<\/p>\n<h2>Qu\u00e9 hacer en B\u00e1rcena Mayor sin arruinar su magia<\/h2>\n<p>La paradoja del turismo consciente: \u00bfc\u00f3mo visitar sin destruir lo visitado? En B\u00e1rcena Mayor, la respuesta es simplicidad radical. No hay itinerario obligatorio, solo disposici\u00f3n a caminar despacio.<\/p>\n<h3>Comer como los monta\u00f1eses desde el siglo XVI<\/h3>\n<p>El cocido monta\u00f1\u00e9s no es plato tur\u00edstico: es supervivencia convertida en arte culinario. Alubias blancas con carne de caza, chorizo, morcilla y tocino. Un plato de 15-30 \u20ac que te ancla al valle durante horas.<\/p>\n<p>Los restaurantes locales sirven lo que la monta\u00f1a da: quesos artesanales de vacas que pastan en prados verticales. Postres caseros que las abuelas ense\u00f1aron a las madres. \u00abB\u00e1rcena Mayor es una experiencia que transporta a otra \u00e9poca\u00bb, confirma el portal Idealista.<\/p>\n<h3>Caminar sin destino por calles que no cambiaron en 500 a\u00f1os<\/h3>\n<p>El puente de piedra sobre el r\u00edo Argoza. Las piscinas naturales donde el agua baja helada desde la monta\u00f1a. Rutas de senderismo que parten directamente del pueblo hacia el Parque Natural.<\/p>\n<p>Todo es gratuito. Todo requiere solo disposici\u00f3n a dejarse perder. <a href=\"https:\/\/www.journee-mondiale.com\/es\/este-pueblo-aragones-de-750-habitantes-guarda-6-iglesias-romanicas-del-siglo-xii-que-los-locales-mantienen-en-secreto\/\">Similar al pueblo aragon\u00e9s<\/a> que custodia iglesias rom\u00e1nicas del siglo XII en secreto.<\/p>\n<h2>El premio que confirm\u00f3 lo que los c\u00e1ntabros siempre supieron<\/h2>\n<p>En 2025, B\u00e1rcena Mayor recibi\u00f3 el premio &#8216;Pueblo de Cantabria&#8217;, un reconocimiento dotado con 160.000 euros que sus 57 habitantes celebraron con discreci\u00f3n caracter\u00edstica. \u00abB\u00e1rcena Mayor es el \u00fanico n\u00facleo habitado dentro del Parque Natural Saja-Besaya, lo que lo convierte en un lugar \u00fanico\u00bb, explica Living Cantabria.<\/p>\n<p>La inversi\u00f3n reciente de casi 1 mill\u00f3n de euros en mejorar la carretera de acceso no busca traer m\u00e1s turistas, sino facilitar la vida de quienes resisten aqu\u00ed. Porque B\u00e1rcena Mayor no quiere ser el pr\u00f3ximo Santillana del Mar.<\/p>\n<p>Quiere seguir siendo B\u00e1rcena Mayor. <a href=\"https:\/\/www.journee-mondiale.com\/es\/este-pequeno-pueblo-medieval-a-1-033-metros-custodia-el-primer-parque-nacional-de-espana-desde-hace-105-anos-el-secreto-mejor-guardado-de-los-pirineos\/\">Como el pueblo medieval<\/a> que custodia el primer parque nacional de Espa\u00f1a en los Pirineos.<\/p>\n<h2>Tus preguntas sobre B\u00e1rcena Mayor respondidas<\/h2>\n<h3>\u00bfCu\u00e1l es la mejor \u00e9poca para visitar B\u00e1rcena Mayor sin multitudes?<\/h3>\n<p>Primavera (abril-mayo) y oto\u00f1o (septiembre-octubre) ofrecen temperaturas suaves de 15-20\u00b0C y m\u00ednima afluencia tur\u00edstica. El verano atrae m\u00e1s visitantes pero nunca alcanza niveles de saturaci\u00f3n de pueblos costeros. Evita fines de semana largos si buscas m\u00e1xima tranquilidad.<\/p>\n<h3>\u00bfHay d\u00f3nde alojarse en B\u00e1rcena Mayor?<\/h3>\n<p>El pueblo tiene alojamientos rurales limitados: entre 40-120 \u20ac por noche en temporada baja, hasta 250 \u20ac en temporada alta. La oferta es intencionalmente peque\u00f1a para preservar el car\u00e1cter aut\u00e9ntico. Alternativamente, al\u00f3jate en Ruente o Cabez\u00f3n de la Sal a 15-20 km.<\/p>\n<h3>\u00bfC\u00f3mo llegar sin coche propio?<\/h3>\n<p>El transporte p\u00fablico es extremadamente limitado, una realidad que protege el pueblo de turismo masivo. Desde Santander, la opci\u00f3n m\u00e1s pr\u00e1ctica es alquilar coche. <a href=\"https:\/\/www.journee-mondiale.com\/es\/por-que-junio-es-el-unico-mes-en-que-los-picos-de-europa-transforman-sus-67-455-hectareas-en-un-anfiteatro-natural-sin-las-multitudes-de-agosto\/\">Como en los Picos de Europa<\/a>, el acceso limitado preserva la autenticidad del entorno.<\/p>\n<p>Cuando el sol de tarde ti\u00f1e de dorado las piedras centenarias y el humo de le\u00f1a sale de chimeneas tradicionales, B\u00e1rcena Mayor revela su secreto mejor guardado: no ha cambiado porque nunca quiso cambiar. Y esa resistencia silenciosa es exactamente lo que buscamos sin saber que exist\u00eda.<\/p>\n","protected":false},"excerpt":{"rendered":"<p>Cuando la carretera CA-280 serpentea hacia el valle del r\u00edo Argoza y emerge un pueblo de piedra a 495 metros de altitud, algo se detiene en el tiempo. Solo 57 habitantes custodian B\u00e1rcena Mayor, el \u00fanico n\u00facleo habitado dentro del Parque Natural Saja-Besaya. Ni Santillana del Mar con sus 988.031 visitantes anuales, ni Comillas con &#8230; <a title=\"Ni Santillana del Mar ni Comillas: este pueblo de 57 habitantes a 495 metros guarda casas de piedra del siglo XVI sin las multitudes del Camino del Norte\" class=\"read-more\" href=\"https:\/\/www.journee-mondiale.com\/es\/ni-santillana-del-mar-ni-comillas-este-pueblo-de-57-habitantes-a-495-metros-guarda-casas-de-piedra-del-siglo-xvi-sin-las-multitudes-del-camino-del-norte\/\" aria-label=\"Leer m\u00e1s sobre Ni Santillana del Mar ni Comillas: este pueblo de 57 habitantes a 495 metros guarda casas de piedra del siglo XVI sin las multitudes del Camino del Norte\">Lire plus<\/a><\/p>\n","protected":false},"author":1,"featured_media":15331,"comment_status":"","ping_status":"","sticky":false,"template":"","format":"standard","meta":{"footnotes":""},"categories":[49],"tags":[],"class_list":["post-15332","post","type-post","status-publish","format-standard","has-post-thumbnail","hentry","category-viajes"],"acf":[],"_yoast_wpseo_primary_category":null,"_yoast_wpseo_title":null,"_yoast_wpseo_metadesc":null,"_links":{"self":[{"href":"https:\/\/www.journee-mondiale.com\/es\/wp-json\/wp\/v2\/posts\/15332","targetHints":{"allow":["GET"]}}],"collection":[{"href":"https:\/\/www.journee-mondiale.com\/es\/wp-json\/wp\/v2\/posts"}],"about":[{"href":"https:\/\/www.journee-mondiale.com\/es\/wp-json\/wp\/v2\/types\/post"}],"author":[{"embeddable":true,"href":"https:\/\/www.journee-mondiale.com\/es\/wp-json\/wp\/v2\/users\/1"}],"replies":[{"embeddable":true,"href":"https:\/\/www.journee-mondiale.com\/es\/wp-json\/wp\/v2\/comments?post=15332"}],"version-history":[{"count":0,"href":"https:\/\/www.journee-mondiale.com\/es\/wp-json\/wp\/v2\/posts\/15332\/revisions"}],"wp:featuredmedia":[{"embeddable":true,"href":"https:\/\/www.journee-mondiale.com\/es\/wp-json\/wp\/v2\/media\/15331"}],"wp:attachment":[{"href":"https:\/\/www.journee-mondiale.com\/es\/wp-json\/wp\/v2\/media?parent=15332"}],"wp:term":[{"taxonomy":"category","embeddable":true,"href":"https:\/\/www.journee-mondiale.com\/es\/wp-json\/wp\/v2\/categories?post=15332"},{"taxonomy":"post_tag","embeddable":true,"href":"https:\/\/www.journee-mondiale.com\/es\/wp-json\/wp\/v2\/tags?post=15332"}],"curies":[{"name":"wp","href":"https:\/\/api.w.org\/{rel}","templated":true}]}}