{"id":15318,"date":"2025-10-23T18:12:14","date_gmt":"2025-10-23T16:12:14","guid":{"rendered":"https:\/\/www.journee-mondiale.com\/es\/por-que-junio-es-el-unico-mes-en-que-los-picos-de-europa-transforman-sus-67-455-hectareas-en-un-anfiteatro-natural-sin-las-multitudes-de-agosto\/"},"modified":"2025-10-23T18:12:14","modified_gmt":"2025-10-23T16:12:14","slug":"por-que-junio-es-el-unico-mes-en-que-los-picos-de-europa-transforman-sus-67-455-hectareas-en-un-anfiteatro-natural-sin-las-multitudes-de-agosto","status":"publish","type":"post","link":"https:\/\/www.journee-mondiale.com\/es\/por-que-junio-es-el-unico-mes-en-que-los-picos-de-europa-transforman-sus-67-455-hectareas-en-un-anfiteatro-natural-sin-las-multitudes-de-agosto\/","title":{"rendered":"Por qu\u00e9 junio es el \u00fanico mes en que los Picos de Europa transforman sus 67.455 hect\u00e1reas en un anfiteatro natural sin las multitudes de agosto"},"content":{"rendered":"<p>Cuando las primeras luces de junio ti\u00f1en de rosa las agujas calizas de la Torre Cerredo a 2.650 metros, los 67.455 hect\u00e1reas de los Picos de Europa despiertan a un secreto que solo conocen los 1.000 habitantes locales. Mientras m\u00e1s de 1 mill\u00f3n de visitantes anuales colapsan lagos y senderos en julio-agosto, junio ofrece una ventana m\u00e1gica de 30 d\u00edas donde tres fen\u00f3menos naturales coinciden: floraci\u00f3n alpina explosiva, fauna en m\u00e1xima actividad post-invernal, y caudales glaciares en su esplendor turquesa. El primer parque nacional de Espa\u00f1a, protegido desde hace 107 a\u00f1os, revela entonces su rostro m\u00e1s aut\u00e9ntico: sin regulaciones de acceso, con temperaturas ideales entre 15-22\u00b0C, y precios 40% m\u00e1s bajos que la temporada alta.<\/p>\n<h2>El momento en que la monta\u00f1a respira antes de la multitud<\/h2>\n<p>Junio marca el \u00fanico mes donde puedes caminar los senderos del Cares sin cruzarte con avalanchas de turistas. Los Lagos de Covadonga reflejan perfectamente el cielo sin necesidad de autobuses obligatorios.<\/p>\n<p>La regulaci\u00f3n que entra en vigor el 15 de julio convierte el acceso libre en un privilegio temporal. La temperatura oscila entre 15-22\u00b0C, perfecta para caminar sin el calor agobiante de agosto ni el fr\u00edo cortante de mayo.<\/p>\n<p>Los tres macizos \u2014Occidental, Central y Oriental\u2014 muestran sus agujas calizas coronadas de nieve en las cotas m\u00e1s altas. Los valles explotan en verde intenso mientras el aire huele a hierba alpina reci\u00e9n brotada.<\/p>\n<h2>Los tres secretos naturales que solo coinciden en junio<\/h2>\n<p>Entre 1.500 y 2.400 metros de altitud, las praderas alpinas se transforman en alfombras multicolores. Un espect\u00e1culo que dura exactamente 4-5 semanas despu\u00e9s del deshielo, antes de que el calor de julio marchite las flores m\u00e1s delicadas.<\/p>\n<h3>La explosi\u00f3n floral alpina<\/h3>\n<p>La Pulsatilla alpina subsp. cantabrica florece desde principios de junio, ti\u00f1endo las laderas de violeta intenso. Las gencianas azules emergen entre las rocas calizas mientras las dedaleras p\u00farpuras marcan los bordes de los senderos.<\/p>\n<p>\u00abLa mayor atracci\u00f3n es observar la explosi\u00f3n de color ocasionada por la floraci\u00f3n, sobre todo en los meses de abril y junio,\u00bb explica un gu\u00eda de monta\u00f1a certificado. Las 1.500 especies vegetales del parque \u2014un 18% de toda la flora espa\u00f1ola\u2014 alcanza su m\u00e1ximo esplendor.<\/p>\n<h3>Fauna en m\u00e1xima actividad post-hibernaci\u00f3n<\/h3>\n<p>Los rebecos bajan a los prados con cr\u00edas de apenas semanas, visible desde los miradores sin necesidad de prism\u00e1ticos. Los 40-50 osos pardos del parque se mueven en busca de alimento tras la hibernaci\u00f3n.<\/p>\n<p>Las \u00e1guilas reales planean sobre las agujas rocosas, alimentando a polluelos en nidos construidos en paredes verticales de 1.000 metros. El urogallo cant\u00e1brico completa su ritual de apareamiento a principios de mes.<\/p>\n<h2>C\u00f3mo vivirlo sin masificaci\u00f3n ni regulaciones<\/h2>\n<p>En junio, accedes libremente en coche propio a los Lagos de Covadonga. No hay sistema de autobuses obligatorio ni reservas online que se agotan a las 8am.<\/p>\n<h3>Libertad de movimiento que desaparece en julio<\/h3>\n<p>Aparcas a 50 metros del Lago Enol sin esperar colas. El reflejo de Pe\u00f1a Santa se proyecta en aguas turquesas a 7\u00b0C, cargadas de sedimentos glaciares que intensifican el color.<\/p>\n<p>La Ruta del Cares permite avanzar a tu propio ritmo, con tiempo de espera en cruces estrechos de apenas 5-10 minutos. En agosto, la misma espera supera los 45 minutos por las multitudes.<\/p>\n<h3>Alojamiento y gastronom\u00eda al alcance real<\/h3>\n<p>Una casa rural en Cangas de On\u00eds cuesta 45-60\u20ac\/noche en junio, frente a los 120-180\u20ac de agosto. En Potes, el pote lebaniego con sidra y postre sale por 18\u20ac en mesones locales.<\/p>\n<p>El queso Cabrales D.O.P. se vende directamente en cuevas de maduraci\u00f3n de Arenas de Cabrales a 18\u20ac\/kg. Las 12 rutas guiadas gratuitas del verano 2025 comienzan en junio con grupos reducidos de 15-20 personas.<\/p>\n<h2>Por qu\u00e9 los locales eligen este mes para sus monta\u00f1as<\/h2>\n<p>Los 1.000 habitantes permanentes del parque siguen un calendario ancestral: junio es su mes para subir a los puertos de altura, revisar caba\u00f1as, preparar rutas de pastoreo. \u00abDespu\u00e9s de junio, el parque ya no es nuestro,\u00bb explica una propietaria de casa rural en Potes.<\/p>\n<p>La raz\u00f3n es equilibrio perfecto entre accesibilidad \u2014carreteras despejadas de nieve\u2014, condiciones meteorol\u00f3gicas estables y soledad monta\u00f1era. Pedro Gonz\u00e1lez, gu\u00eda oficial del Parque Nacional, lo confirma: \u00abNuestro parque permite vivir la experiencia aut\u00e9ntica de la cultura rural que pervive en valles y monta\u00f1as.\u00bb<\/p>\n<p>El sonido de las campanas de las vacas asturianas resuena en praderas sin el ruido de las multitudes. <a href=\"https:\/\/www.journee-mondiale.com\/es\/este-pequeno-pueblo-medieval-a-1-033-metros-custodia-el-primer-parque-nacional-de-espana-desde-hace-105-anos-el-secreto-mejor-guardado-de-los-pirineos\/\">Como ocurre en otros parques nacionales hist\u00f3ricos espa\u00f1oles<\/a>, la masificaci\u00f3n altera los ritmos naturales que los pastores mantienen desde hace siglos.<\/p>\n<h2>Tus preguntas sobre los Picos de Europa en junio respondidas<\/h2>\n<h3>\u00bfNecesito 4&#215;4 o las carreteras son accesibles en junio?<\/h3>\n<p>Las carreteras principales N-625, AS-114 y N-621 est\u00e1n completamente despejadas en junio. Veh\u00edculo convencional suficiente para acceder a Lagos de Covadonga, Fuente D\u00e9 y rutas principales. Solo senderos internos a refugios muy altos requieren todoterreno o ir a pie.<\/p>\n<h3>\u00bfQu\u00e9 nivel f\u00edsico necesito para disfrutar el parque?<\/h3>\n<p>La Ruta del Cares (12 km, 4-5h ida\/vuelta) es accesible para familias con ni\u00f1os mayores de 8 a\u00f1os. Lagos de Covadonga tiene paseos de 1-2h muy sencillos. <a href=\"https:\/\/www.journee-mondiale.com\/es\/ni-los-alpes-suizos-ni-los-picos-de-europa-este-valle-albanes-de-299-habitantes-guarda-17-km-de-senderos-entre-aguas-turquesas-a-un-tercio-del-precio\/\">Comparable con alternativas monta\u00f1osas europeas<\/a>, las rutas guiadas gratuitas se adaptan a todos los niveles.<\/p>\n<h3>\u00bfEs junio demasiado fr\u00edo para acampar?<\/h3>\n<p>Temperaturas nocturnas en valles: 8-12\u00b0C. En alta monta\u00f1a (>2.000m): 2-5\u00b0C. Saco de dormir de 3 estaciones suficiente para valles. Los refugios de monta\u00f1a operan desde principios de junio con reserva previa. Alternativa: <a href=\"https:\/\/www.journee-mondiale.com\/es\/la-villa-blanca-asturiana-de-4-000-habitantes-que-los-locales-mantienen-en-secreto-entre-acantilados-del-cantabrico\/\">alojamiento rural en pueblos cercanos de Asturias<\/a> desde 35\u20ac\/noche.<\/p>\n<p>Cuando el \u00faltimo rayo de sol de junio ti\u00f1e de oro las agujas del Naranjo de Bulnes y el silencio monta\u00f1oso solo se rompe por el canto lejano de un rebeco, comprendes por qu\u00e9 este mes guarda el secreto mejor protegido del norte de Espa\u00f1a. <a href=\"https:\/\/www.journee-mondiale.com\/es\/este-pueblo-cantabrico-esconde-el-unico-gaudi-fuera-de-cataluna-la-exquisita-casa-museo-de-azulejos-de-girasol-que-el-genio-nunca-visito\/\">Como otros tesoros c\u00e1ntabros<\/a>, los Picos revelan su alma solo a quienes saben cu\u00e1ndo buscarla.<\/p>\n","protected":false},"excerpt":{"rendered":"<p>Cuando las primeras luces de junio ti\u00f1en de rosa las agujas calizas de la Torre Cerredo a 2.650 metros, los 67.455 hect\u00e1reas de los Picos de Europa despiertan a un secreto que solo conocen los 1.000 habitantes locales. Mientras m\u00e1s de 1 mill\u00f3n de visitantes anuales colapsan lagos y senderos en julio-agosto, junio ofrece una &#8230; <a title=\"Por qu\u00e9 junio es el \u00fanico mes en que los Picos de Europa transforman sus 67.455 hect\u00e1reas en un anfiteatro natural sin las multitudes de agosto\" class=\"read-more\" href=\"https:\/\/www.journee-mondiale.com\/es\/por-que-junio-es-el-unico-mes-en-que-los-picos-de-europa-transforman-sus-67-455-hectareas-en-un-anfiteatro-natural-sin-las-multitudes-de-agosto\/\" aria-label=\"Leer m\u00e1s sobre Por qu\u00e9 junio es el \u00fanico mes en que los Picos de Europa transforman sus 67.455 hect\u00e1reas en un anfiteatro natural sin las multitudes de agosto\">Lire plus<\/a><\/p>\n","protected":false},"author":1,"featured_media":15317,"comment_status":"","ping_status":"","sticky":false,"template":"","format":"standard","meta":{"footnotes":""},"categories":[49],"tags":[],"class_list":["post-15318","post","type-post","status-publish","format-standard","has-post-thumbnail","hentry","category-viajes"],"acf":[],"_yoast_wpseo_primary_category":null,"_yoast_wpseo_title":null,"_yoast_wpseo_metadesc":null,"_links":{"self":[{"href":"https:\/\/www.journee-mondiale.com\/es\/wp-json\/wp\/v2\/posts\/15318","targetHints":{"allow":["GET"]}}],"collection":[{"href":"https:\/\/www.journee-mondiale.com\/es\/wp-json\/wp\/v2\/posts"}],"about":[{"href":"https:\/\/www.journee-mondiale.com\/es\/wp-json\/wp\/v2\/types\/post"}],"author":[{"embeddable":true,"href":"https:\/\/www.journee-mondiale.com\/es\/wp-json\/wp\/v2\/users\/1"}],"replies":[{"embeddable":true,"href":"https:\/\/www.journee-mondiale.com\/es\/wp-json\/wp\/v2\/comments?post=15318"}],"version-history":[{"count":0,"href":"https:\/\/www.journee-mondiale.com\/es\/wp-json\/wp\/v2\/posts\/15318\/revisions"}],"wp:featuredmedia":[{"embeddable":true,"href":"https:\/\/www.journee-mondiale.com\/es\/wp-json\/wp\/v2\/media\/15317"}],"wp:attachment":[{"href":"https:\/\/www.journee-mondiale.com\/es\/wp-json\/wp\/v2\/media?parent=15318"}],"wp:term":[{"taxonomy":"category","embeddable":true,"href":"https:\/\/www.journee-mondiale.com\/es\/wp-json\/wp\/v2\/categories?post=15318"},{"taxonomy":"post_tag","embeddable":true,"href":"https:\/\/www.journee-mondiale.com\/es\/wp-json\/wp\/v2\/tags?post=15318"}],"curies":[{"name":"wp","href":"https:\/\/api.w.org\/{rel}","templated":true}]}}