{"id":15312,"date":"2025-10-22T18:08:14","date_gmt":"2025-10-22T16:08:14","guid":{"rendered":"https:\/\/www.journee-mondiale.com\/es\/como-los-restauradores-del-prado-realmente-viven-el-museo-a-las-8h-cuando-los-2-millones-de-visitantes-anuales-aun-duermen\/"},"modified":"2025-10-22T18:08:14","modified_gmt":"2025-10-22T16:08:14","slug":"como-los-restauradores-del-prado-realmente-viven-el-museo-a-las-8h-cuando-los-2-millones-de-visitantes-anuales-aun-duermen","status":"publish","type":"post","link":"https:\/\/www.journee-mondiale.com\/es\/como-los-restauradores-del-prado-realmente-viven-el-museo-a-las-8h-cuando-los-2-millones-de-visitantes-anuales-aun-duermen\/","title":{"rendered":"C\u00f3mo los restauradores del Prado realmente viven el museo a las 8h cuando los 2 millones de visitantes anuales a\u00fan duermen"},"content":{"rendered":"<p>A las 8:00 de la ma\u00f1ana, cuando Madrid despierta con el bullicio del tr\u00e1fico a 1,2 km en la Puerta del Sol, el Museo del Prado vive su momento m\u00e1s \u00edntimo. La luz dorada de octubre se filtra por los ventanales neocl\u00e1sicos sobre parqu\u00e9 centenario. El eco de pasos suaves resuena en salas vac\u00edas donde 8.000 obras maestras respiran sin flashes. Los conservadores caminan con reverencia que ninguna c\u00e1mara captura. Las Meninas contempla el silencio que conoci\u00f3 durante siglos antes de las multitudes. Este es el ritual matutino que sus 2 millones de visitantes anuales jam\u00e1s descubren.<\/p>\n<p>El personal llega antes del alba. Verifican temperatura y humedad sala por sala. Ajustan la iluminaci\u00f3n LED que replica luz natural del siglo XVII.<\/p>\n<h2>El ritual que precede a 5.000 visitantes diarios<\/h2>\n<p>Mientras Madrid despierta con su caos urbano, el edificio de Juan de Villanueva construido en 1786 experimenta su transformaci\u00f3n m\u00e1s sagrada. Los restauradores verifican cada detalle de conservaci\u00f3n bajo condiciones milim\u00e9tricamente controladas. Temperatura entre 19-21\u00b0C, humedad del 50-55%.<\/p>\n<p>Los guardias veteranos conocen cada obra por su nombre. Recorren las salas Vel\u00e1zquez con pausa contemplativa imposible cuando 2 millones de personas circulan anualmente. Detectan microalteraciones invisibles para visitantes con prisas.<\/p>\n<h2>La luz que Vel\u00e1zquez habr\u00eda reconocido<\/h2>\n<p>La arquitectura neocl\u00e1sica no es decorativa: es funcional. A esta hora matutina, la luz natural entra en \u00e1ngulos dise\u00f1ados para revelar matices crom\u00e1ticos. Los turistas con 2 horas de visita jam\u00e1s ven estas sutilezas.<\/p>\n<h3>C\u00f3mo el personal prepara cada sala<\/h3>\n<p>Los conservadores ajustan cada proyector seg\u00fan algoritmos que protegen pigmentos centenarios. Verifican marcos dorados buscando microcraquelados. Inspeccionan cordones de terciopelo rojo a\u00fan plegados.<\/p>\n<p>\u00abLa decisi\u00f3n de prohibir fotograf\u00edas responde a criterios de garantizar calidad de visita,\u00bb explica Miguel Falomir, director del museo. El silencio matutino revela por qu\u00e9.<\/p>\n<h3>El recorrido sin prisas que nadie hace<\/h3>\n<p>Guardias con 20 a\u00f1os de experiencia caminan salas sin cron\u00f3metros. Observan Las Meninas durante minutos enteros. Notan detalles que multitudes ocultan con ruido constante.<\/p>\n<p>El aroma tenue de barniz antiguo se mezcla con cera de limpieza nocturna. Aire fresco antes de calentarse con respiraci\u00f3n de miles de visitantes.<\/p>\n<h2>Por qu\u00e9 la prohibici\u00f3n fotogr\u00e1fica cobra sentido a las 8h<\/h2>\n<p>Cuando ves al personal contemplar obras sin pantallas intermedias, comprendes la filosof\u00eda. No es restricci\u00f3n comercial sino defensa de experiencia pura. Los restauradores pasan horas ante cuadros sin sacar celulares.<\/p>\n<p>Su mirada entrenada detecta cambios sutiles de color. Microcraquelados imperceptibles. Detalles que c\u00e1maras comprimen en p\u00edxeles perdiendo esencia original.<\/p>\n<h3>La diferencia entre ver y mirar<\/h3>\n<p>Sin multitudes, escuchan literalmente el edificio centenario. Crujidos de marcos antiguos. Cambios de temperatura. Se\u00f1ales que 2 millones de visitantes anuales enmascaran.<\/p>\n<p>La piedra caliza fr\u00eda contrasta con marcos dorados bajo dedos de conservadores. Texturas que turistas nunca tocan. <a href=\"https:\/\/www.journee-mondiale.com\/es\/como-los-guardias-reales-viven-el-palacio-real-a-las-8h-cuando-los-2-millones-de-visitantes-anuales-aun-duermen\/\">Como ocurre en el Palacio Real a similar hora<\/a>, la intimidad matutina transforma espacios masificados.<\/p>\n<h3>El silencio como herramienta de conservaci\u00f3n<\/h3>\n<p>Fernando VII inaugur\u00f3 este museo en 1819. Durante 206 a\u00f1os, custodios han mantenido rutinas similares. Verificaci\u00f3n diaria, inspecci\u00f3n minuciosa, respeto absoluto por patrimonio heredado.<\/p>\n<p>El acceso gratuito de 18:00 a 20:00 horas permite experiencia menos saturada. Pero la magia matutina permanece exclusiva del personal.<\/p>\n<h2>El contraste que define el Prado moderno<\/h2>\n<p>Entre las 8:00 de intimidad sagrada y las 10:00 de apertura p\u00fablica, el museo experimenta metamorfosis brutal. De templo contemplativo a flujo masivo constante. Entrada general 15 \u20ac en 2025.<\/p>\n<p>Esas dos horas matutinas sostienen integridad de colecci\u00f3n valorada en miles de millones. <a href=\"https:\/\/www.journee-mondiale.com\/es\/como-los-sevillanos-realmente-viven-la-plaza-de-espana-antes-de-las-9h-cuando-los-3-millones-de-turistas-aun-duermen\/\">Similar ritual ocurre en Sevilla<\/a> donde locales viven monumentos antes del turismo masivo.<\/p>\n<h2>Tus preguntas sobre el Prado matutino respondidas<\/h2>\n<h3>\u00bfSe puede visitar el Prado antes de la apertura oficial?<\/h3>\n<p>No hay visitas p\u00fablicas antes de 10:00 horas entre lunes y s\u00e1bado. Domingos abre a las 9:00. La entrada gratuita de 18:00-20:00 lunes-s\u00e1bado ofrece experiencia menos masificada con luz dorada \u00fanica.<\/p>\n<h3>\u00bfPor qu\u00e9 el personal llega tan temprano si abre m\u00e1s tarde?<\/h3>\n<p>Conservaci\u00f3n preventiva requiere 2-3 horas de preparaci\u00f3n diaria. Verificaci\u00f3n clim\u00e1tica, inspecci\u00f3n de obras, ajuste de iluminaci\u00f3n, coordinaci\u00f3n de seguridad. Estas rutinas invisibles protegen patrimonio de valor incalculable desde hace dos siglos.<\/p>\n<h3>\u00bfQu\u00e9 diferencia hay entre visitar a primera hora versus tarde?<\/h3>\n<p>Ma\u00f1anas tienen menos gente pero luz m\u00e1s dura. Tardes ofrecen luz dorada perfecta durante entrada gratuita, aunque m\u00e1s visitantes. <a href=\"https:\/\/www.journee-mondiale.com\/es\/ni-la-torre-eiffel-ni-el-coliseo-este-palacio-nazari-a-740-metros-recibe-27-millones-de-visitantes-con-una-belleza-que-cautivo-a-washington-irving-en-1829\/\">Como la Alhambra<\/a>, el secreto est\u00e1 en elegir momento adecuado. Personal prefiere luz matutina entre 8:00-10:00, pero p\u00fablico no accede a esta experiencia exclusiva.<\/p>\n<p>Cuando conservadores apagan luces y cierran puertas a las 20:00, Las Meninas vuelve a su silencio original. Durante 12 horas nocturnas, Vel\u00e1zquez contempla salas vac\u00edas. <a href=\"https:\/\/www.journee-mondiale.com\/es\/como-3-dias-en-barcelona-cambiaron-mi-forma-de-ver-la-arquitectura-para-siempre\/\">La arquitectura respira<\/a> mientras Madrid duerme.<\/p>\n","protected":false},"excerpt":{"rendered":"<p>A las 8:00 de la ma\u00f1ana, cuando Madrid despierta con el bullicio del tr\u00e1fico a 1,2 km en la Puerta del Sol, el Museo del Prado vive su momento m\u00e1s \u00edntimo. La luz dorada de octubre se filtra por los ventanales neocl\u00e1sicos sobre parqu\u00e9 centenario. El eco de pasos suaves resuena en salas vac\u00edas donde &#8230; <a title=\"C\u00f3mo los restauradores del Prado realmente viven el museo a las 8h cuando los 2 millones de visitantes anuales a\u00fan duermen\" class=\"read-more\" href=\"https:\/\/www.journee-mondiale.com\/es\/como-los-restauradores-del-prado-realmente-viven-el-museo-a-las-8h-cuando-los-2-millones-de-visitantes-anuales-aun-duermen\/\" aria-label=\"Leer m\u00e1s sobre C\u00f3mo los restauradores del Prado realmente viven el museo a las 8h cuando los 2 millones de visitantes anuales a\u00fan duermen\">Lire plus<\/a><\/p>\n","protected":false},"author":1,"featured_media":15311,"comment_status":"","ping_status":"","sticky":false,"template":"","format":"standard","meta":{"footnotes":""},"categories":[49],"tags":[],"class_list":["post-15312","post","type-post","status-publish","format-standard","has-post-thumbnail","hentry","category-viajes"],"acf":[],"_yoast_wpseo_primary_category":null,"_yoast_wpseo_title":null,"_yoast_wpseo_metadesc":null,"_links":{"self":[{"href":"https:\/\/www.journee-mondiale.com\/es\/wp-json\/wp\/v2\/posts\/15312","targetHints":{"allow":["GET"]}}],"collection":[{"href":"https:\/\/www.journee-mondiale.com\/es\/wp-json\/wp\/v2\/posts"}],"about":[{"href":"https:\/\/www.journee-mondiale.com\/es\/wp-json\/wp\/v2\/types\/post"}],"author":[{"embeddable":true,"href":"https:\/\/www.journee-mondiale.com\/es\/wp-json\/wp\/v2\/users\/1"}],"replies":[{"embeddable":true,"href":"https:\/\/www.journee-mondiale.com\/es\/wp-json\/wp\/v2\/comments?post=15312"}],"version-history":[{"count":0,"href":"https:\/\/www.journee-mondiale.com\/es\/wp-json\/wp\/v2\/posts\/15312\/revisions"}],"wp:featuredmedia":[{"embeddable":true,"href":"https:\/\/www.journee-mondiale.com\/es\/wp-json\/wp\/v2\/media\/15311"}],"wp:attachment":[{"href":"https:\/\/www.journee-mondiale.com\/es\/wp-json\/wp\/v2\/media?parent=15312"}],"wp:term":[{"taxonomy":"category","embeddable":true,"href":"https:\/\/www.journee-mondiale.com\/es\/wp-json\/wp\/v2\/categories?post=15312"},{"taxonomy":"post_tag","embeddable":true,"href":"https:\/\/www.journee-mondiale.com\/es\/wp-json\/wp\/v2\/tags?post=15312"}],"curies":[{"name":"wp","href":"https:\/\/api.w.org\/{rel}","templated":true}]}}