{"id":15217,"date":"2025-10-10T22:17:26","date_gmt":"2025-10-10T20:17:26","guid":{"rendered":"https:\/\/www.journee-mondiale.com\/es\/como-3-dias-en-barcelona-cambiaron-mi-forma-de-ver-la-arquitectura-para-siempre\/"},"modified":"2025-10-10T22:17:26","modified_gmt":"2025-10-10T20:17:26","slug":"como-3-dias-en-barcelona-cambiaron-mi-forma-de-ver-la-arquitectura-para-siempre","status":"publish","type":"post","link":"https:\/\/www.journee-mondiale.com\/es\/como-3-dias-en-barcelona-cambiaron-mi-forma-de-ver-la-arquitectura-para-siempre\/","title":{"rendered":"C\u00f3mo 3 d\u00edas en Barcelona cambiaron mi forma de ver la arquitectura para siempre"},"content":{"rendered":"<p>La primera vez que entr\u00e9 en la Sagrada Fam\u00edlia, mi cerebro se neg\u00f3 a procesarlo como arquitectura. Aquellas columnas no parec\u00edan construidas, parec\u00edan haber crecido del suelo como \u00e1rboles de piedra. Esa ma\u00f1ana, yo era un turista m\u00e1s con c\u00e1mara. Tres d\u00edas despu\u00e9s, al salir del Parc G\u00fcell, hab\u00eda aprendido a leer edificios como poemas visuales. Barcelona no cambi\u00f3 mi lista de ciudades visitadas; cambi\u00f3 mi forma de ver el mundo construido.<\/p>\n<h2>El idioma secreto que Gaud\u00ed escribi\u00f3 en piedra<\/h2>\n<p>Gaud\u00ed no dise\u00f1aba, traduc\u00eda la naturaleza a arquitectura. Cuando miras las <strong>56 columnas arborescentes<\/strong> de la Sagrada Fam\u00edlia, no ves soportes: ves troncos que se ramifican hacia el cielo. Las b\u00f3vedas hiperb\u00f3licas imitan la estructura de hojas superpuestas.<\/p>\n<p>Cada visitante de los <strong>4.5 millones anuales<\/strong> pasa bajo estas formas. Pocos reconocen lo que est\u00e1n leyendo: un alfabeto org\u00e1nico donde c\u00edrculos son ra\u00edces, espirales son crecimiento. Este lenguaje visual tiene <strong>143 a\u00f1os<\/strong> de construcci\u00f3n continua, desde 1882.<\/p>\n<p>La luz filtrada por vidrieras cuenta el ciclo solar en colores. Azules turquesa del Mediterr\u00e1neo, verdes de vegetaci\u00f3n catalana, amarillos de sol de levante. <a href=\"https:\/\/www.journee-mondiale.com\/es\/este-pueblo-medieval-a-109-km-de-barcelona-esconde-un-puente-colgante-que-te-transporta-al-siglo-xvi-la-joya-suspendida-de-cataluna-que-solo-285-personas-llaman-hogar\/\">A solo 109 km de Barcelona<\/a>, otros pueblos mantienen tradiciones arquitect\u00f3nicas medievales, pero aqu\u00ed el tiempo se convirti\u00f3 en modernismo org\u00e1nico.<\/p>\n<h2>La transformaci\u00f3n: de fotografiar a descifrar<\/h2>\n<p>El segundo d\u00eda, algo cambi\u00f3. En el Parc G\u00fcell, sentado en el banco ondulado de trencad\u00eds, entend\u00ed que Gaud\u00ed nunca usaba l\u00edneas rectas. La naturaleza tampoco las usa.<\/p>\n<h3>Lo que los azulejos rotos me ense\u00f1aron sobre belleza<\/h3>\n<p>El trencad\u00eds no es decoraci\u00f3n: es filosof\u00eda aplicada. Gaud\u00ed tomaba cer\u00e1mica rota y creaba las superficies m\u00e1s fotografiadas de Barcelona. <strong>3.850 metros lineales<\/strong> de mosaicos cubren terrazas y bancos. Azules ultramar representan el <strong>35%<\/strong>, verdes esmeralda el <strong>25%<\/strong>.<\/p>\n<p>Como explica Jordi Puig, gu\u00eda oficial de Barcelona: \u00abLa Sagrada Fam\u00edlia es un s\u00edmbolo vivo donde la innovaci\u00f3n de Gaud\u00ed contin\u00faa inspirando a millones cada a\u00f1o.\u00bb Esa inspiraci\u00f3n es transformaci\u00f3n cognitiva, no solo visual.<\/p>\n<h3>Las torres que crecen como oraciones verticales<\/h3>\n<p>Las <strong>18 torres proyectadas<\/strong> representan personajes b\u00edblicos. Revolucionario es que Gaud\u00ed las dise\u00f1\u00f3 para \u00abcrecer\u00bb org\u00e1nicamente, sin \u00e1ngulos artificiales. Subir a una torre es como escalar por dentro de una caracola gigante.<\/p>\n<p>Desde <strong>175 metros de altitud<\/strong> en el Parc G\u00fcell, Barcelona se extiende como mapa vivo. Esa perspectiva vertical te recuerda que la arquitectura no es solo refugio: es punto de vista sobre el mundo.<\/p>\n<h2>El efecto Barcelona: c\u00f3mo cambia tu mirada permanentemente<\/h2>\n<p>Tres d\u00edas despu\u00e9s, caminaba por el Eixample y empec\u00e9 a notar invisibles: balcones con curvas asim\u00e9tricas, farolas con formas de plantas trepadoras. Barcelona infecta tu percepci\u00f3n. Vuelves a casa y tu ciudad se ve diferente.<\/p>\n<p>Detectas d\u00f3nde falta org\u00e1nico, d\u00f3nde sobra \u00e1ngulo recto. <a href=\"https:\/\/www.journee-mondiale.com\/es\/este-pueblo-pesquero-de-la-costa-brava-conserva-casas-encaladas-y-3-calas-cristalinas-a-solo-120-km-de-barcelona-el-ultimo-reducto-mediterraneo-que-escapo-a-la-modernizacion-masiva\/\">Los pueblos pesqueros a 120 km<\/a> conservan l\u00edneas rectas tradicionales; Gaud\u00ed las elimin\u00f3 para siempre de tu retina.<\/p>\n<p>Marta Riera, habitante local, observa: \u00abEl Parc G\u00fcell ofrece una experiencia m\u00e1s tranquila que la Sagrada Fam\u00edlia, perfecta para quien busca paz en medio de la ciudad.\u00bb La transformaci\u00f3n ocurre en esa paz: aprendes que los espacios pueden respirar como organismos.<\/p>\n<p><a href=\"https:\/\/www.journee-mondiale.com\/es\/esta-region-esconde-40-volcanes-dormidos-en-el-corazon-de-cataluna-y-una-ermita-romanica-construida-dentro-de-un-crater-perfecto\/\">La regi\u00f3n volc\u00e1nica catalana<\/a> muestra c\u00f3mo la naturaleza moldea formas org\u00e1nicas; Gaud\u00ed reverse-engineeriz\u00f3 ese proceso en piedra y cer\u00e1mica.<\/p>\n<h2>Tus preguntas sobre Barcelona (Parc G\u00fcell, Sagrada Fam\u00edlia) respondidas<\/h2>\n<h3>\u00bfCu\u00e1nto tiempo necesito para \u00ableer\u00bb ambos sitios?<\/h3>\n<p>M\u00ednimo <strong>2.5 horas<\/strong> en Sagrada Fam\u00edlia, <strong>1.5 horas<\/strong> en Parc G\u00fcell. Distancia entre ambos: <strong>4 km<\/strong>, accesible en metro. Precio combinado aproximado: <strong>40 \u20ac<\/strong>. Mejor \u00e9poca: primavera y oto\u00f1o, evitando multitudes veraniegas.<\/p>\n<h3>\u00bfPor qu\u00e9 Gaud\u00ed usaba formas tan extra\u00f1as?<\/h3>\n<p>No inventaba formas, las copiaba de la naturaleza. Columnas inclinadas equivalen a troncos optimizados por viento. B\u00f3vedas hiperb\u00f3licas imitan hojas superpuestas. Llamaba a la naturaleza \u00abmi maestra\u00bb. Cada curva tiene funci\u00f3n estructural.<\/p>\n<h3>\u00bfEs Barcelona solo Gaud\u00ed o hay m\u00e1s modernismo?<\/h3>\n<p>Barcelona tiene <strong>2.000+ edificios modernistas<\/strong> catalogados. Casa Batll\u00f3, La Pedrera, Hospital de Sant Pau. <a href=\"https:\/\/www.journee-mondiale.com\/es\/este-pueblo-medieval-catalan-ha-logrado-lo-imposible-detener-el-tiempo-mientras-evoluciona-sus-calles-de-piedra-dorada-esconden-8-siglos-de-historias-que-pocos-conocen\/\">Otros pueblos catalanes<\/a> conservaron arquitectura medieval; Barcelona la revolucion\u00f3. Gaud\u00ed ense\u00f1a el alfabeto; la ciudad ense\u00f1a la literatura completa del modernismo.<\/p>\n<p>Al salir de Barcelona, mi maleta pesaba igual, pero mi cerebro cargaba un nuevo sistema operativo visual. Ahora veo edificios como organismos, plazas como ecosistemas. Gaud\u00ed no construy\u00f3 monumentos; construy\u00f3 lentes para mirar el mundo de otra manera.<\/p>\n","protected":false},"excerpt":{"rendered":"<p>La primera vez que entr\u00e9 en la Sagrada Fam\u00edlia, mi cerebro se neg\u00f3 a procesarlo como arquitectura. Aquellas columnas no parec\u00edan construidas, parec\u00edan haber crecido del suelo como \u00e1rboles de piedra. Esa ma\u00f1ana, yo era un turista m\u00e1s con c\u00e1mara. Tres d\u00edas despu\u00e9s, al salir del Parc G\u00fcell, hab\u00eda aprendido a leer edificios como poemas &#8230; <a title=\"C\u00f3mo 3 d\u00edas en Barcelona cambiaron mi forma de ver la arquitectura para siempre\" class=\"read-more\" href=\"https:\/\/www.journee-mondiale.com\/es\/como-3-dias-en-barcelona-cambiaron-mi-forma-de-ver-la-arquitectura-para-siempre\/\" aria-label=\"Leer m\u00e1s sobre C\u00f3mo 3 d\u00edas en Barcelona cambiaron mi forma de ver la arquitectura para siempre\">Lire plus<\/a><\/p>\n","protected":false},"author":1,"featured_media":15216,"comment_status":"","ping_status":"","sticky":false,"template":"","format":"standard","meta":{"footnotes":""},"categories":[49],"tags":[],"class_list":["post-15217","post","type-post","status-publish","format-standard","has-post-thumbnail","hentry","category-viajes"],"acf":[],"_yoast_wpseo_primary_category":null,"_yoast_wpseo_title":null,"_yoast_wpseo_metadesc":null,"_links":{"self":[{"href":"https:\/\/www.journee-mondiale.com\/es\/wp-json\/wp\/v2\/posts\/15217","targetHints":{"allow":["GET"]}}],"collection":[{"href":"https:\/\/www.journee-mondiale.com\/es\/wp-json\/wp\/v2\/posts"}],"about":[{"href":"https:\/\/www.journee-mondiale.com\/es\/wp-json\/wp\/v2\/types\/post"}],"author":[{"embeddable":true,"href":"https:\/\/www.journee-mondiale.com\/es\/wp-json\/wp\/v2\/users\/1"}],"replies":[{"embeddable":true,"href":"https:\/\/www.journee-mondiale.com\/es\/wp-json\/wp\/v2\/comments?post=15217"}],"version-history":[{"count":0,"href":"https:\/\/www.journee-mondiale.com\/es\/wp-json\/wp\/v2\/posts\/15217\/revisions"}],"wp:featuredmedia":[{"embeddable":true,"href":"https:\/\/www.journee-mondiale.com\/es\/wp-json\/wp\/v2\/media\/15216"}],"wp:attachment":[{"href":"https:\/\/www.journee-mondiale.com\/es\/wp-json\/wp\/v2\/media?parent=15217"}],"wp:term":[{"taxonomy":"category","embeddable":true,"href":"https:\/\/www.journee-mondiale.com\/es\/wp-json\/wp\/v2\/categories?post=15217"},{"taxonomy":"post_tag","embeddable":true,"href":"https:\/\/www.journee-mondiale.com\/es\/wp-json\/wp\/v2\/tags?post=15217"}],"curies":[{"name":"wp","href":"https:\/\/api.w.org\/{rel}","templated":true}]}}