{"id":15112,"date":"2025-10-03T17:06:06","date_gmt":"2025-10-03T15:06:06","guid":{"rendered":"https:\/\/www.journee-mondiale.com\/es\/planifique-mis-comidas-una-vez-por-semana-y-redujo-mi-estres-alimentario-un-40-lo-que-nunca-imagine-sobre-el-metodo-del-escalon\/"},"modified":"2025-10-03T17:06:06","modified_gmt":"2025-10-03T15:06:06","slug":"planifique-mis-comidas-una-vez-por-semana-y-redujo-mi-estres-alimentario-un-40-lo-que-nunca-imagine-sobre-el-metodo-del-escalon","status":"publish","type":"post","link":"https:\/\/www.journee-mondiale.com\/es\/planifique-mis-comidas-una-vez-por-semana-y-redujo-mi-estres-alimentario-un-40-lo-que-nunca-imagine-sobre-el-metodo-del-escalon\/","title":{"rendered":"Planifiqu\u00e9 mis comidas una vez por semana y redujo mi estr\u00e9s alimentario un 40% (lo que nunca imagin\u00e9 sobre el m\u00e9todo del escal\u00f3n)"},"content":{"rendered":"<p>Planificar la alimentaci\u00f3n semanal puede parecer una tarea abrumadora, pero con las estrategias adecuadas, se convierte en un h\u00e1bito que <strong>transforma nuestra relaci\u00f3n con la comida<\/strong> y reduce significativamente el estr\u00e9s diario. Seg\u00fan la Dra. Elena Mart\u00ednez, nutricionista del Centro de Alimentaci\u00f3n Saludable de Madrid, \u00aborganizar el men\u00fa semanal no solo mejora nuestra nutrici\u00f3n, sino que reduce hasta un 40% el tiempo dedicado a decidir qu\u00e9 comer, eliminando una importante fuente de estr\u00e9s cotidiano\u00bb.<\/p>\n<h2>El poder de la plantilla semanal: tu mejor aliada<\/h2>\n<p>Comenzar con una <strong>estructura visual clara<\/strong> marca la diferencia. \u00abDise\u00f1a una tabla sencilla donde aparezcan los d\u00edas de la semana y las comidas principales\u00bb, recomienda la nutricionista Laura S\u00e1nchez. Esta herramienta simple act\u00faa como un mapa que evita la improvisaci\u00f3n y las decisiones apresuradas que suelen conducirnos a opciones menos saludables, como aquellas <a href=\"https:\/\/www.journee-mondiale.com\/es\/redujo-mi-inflamacion-cronica-un-40-en-21-dias-7-alimentos-que-transformaron-mi-sistema-inmune-y-los-3-que-elimine-para-siempre\/\" target=\"_blank\">que aumentan la inflamaci\u00f3n cr\u00f3nica<\/a>.<\/p>\n<h2>Comienza poco a poco: la t\u00e9cnica del escal\u00f3n<\/h2>\n<p>Un error com\u00fan es querer planificar todas las comidas desde el principio. La estrategia del escal\u00f3n consiste en <strong>empezar planificando solo las cenas<\/strong> de lunes a viernes, para luego ir incorporando gradualmente m\u00e1s comidas. Esta aproximaci\u00f3n progresiva evita la sensaci\u00f3n de agobio que suele sabotear nuestros mejores prop\u00f3sitos.<\/p>\n<h2>La biblioteca de recetas familiares: tu refugio semanal<\/h2>\n<p>Crear un repertorio de 15-20 recetas familiares que sean:<\/p>\n<ul>\n<li>R\u00e1pidas de preparar (menos de 30 minutos)<\/li>\n<li>Nutricionalmente completas<\/li>\n<li>Aceptadas por toda la familia<\/li>\n<li>Vers\u00e1tiles en ingredientes<\/li>\n<\/ul>\n<p>Esta \u00abbiblioteca culinaria\u00bb funciona como un <strong>conjunto de recursos fiables<\/strong> al que recurrir cuando la inspiraci\u00f3n escasea. Puedes incluir opciones como <a href=\"https:\/\/www.journee-mondiale.com\/es\/como-las-panquecas-de-avena-y-linaza-redujeron-mi-inflamacion-articular-un-40-en-21-dias-esto-fue-lo-que-cambio\/\" target=\"_blank\">panquecas de avena y linaza<\/a> para desayunos nutritivos.<\/p>\n<h2>La t\u00e9cnica del d\u00eda tem\u00e1tico: estructura sin monoton\u00eda<\/h2>\n<p>Asignar un tema a cada d\u00eda de la semana (como \u00ablunes de legumbres\u00bb o \u00abjueves de pescado\u00bb) <strong>simplifica enormemente la decisi\u00f3n<\/strong> sin caer en la repetici\u00f3n. \u00abEs como tener un esqueleto flexible que da estructura pero permite variedad\u00bb, explica el chef Javier L\u00f3pez, especialista en cocina familiar.<\/p>\n<h2>La estrategia de los ingredientes multiplicadores<\/h2>\n<p>Planificar comidas que compartan ingredientes base es como jugar al ajedrez con los alimentos: <strong>optimizas recursos con movimientos estrat\u00e9gicos<\/strong>. Por ejemplo, una bandeja de pollo asado con verduras puede transformarse en tacos, ensaladas o sopas los d\u00edas siguientes, incorporando <a href=\"https:\/\/www.journee-mondiale.com\/es\/la-ciencia-detras-de-mi-te-antiinflamatorio-como-la-canela-curcuma-y-jengibre-redujeron-mi-hinchazon-un-40-en-21-dias-y-el-momento-exacto-para-tomarlo\/\" target=\"_blank\">especias antiinflamatorias<\/a> para variar sabores.<\/p>\n<h2>El domingo de preparaci\u00f3n: tu inversi\u00f3n semanal<\/h2>\n<p>Dedicar 1-2 horas el domingo a <strong>preparaciones b\u00e1sicas<\/strong> funciona como una cuenta de ahorro: inviertes tiempo inicialmente para recoger intereses diarios en forma de minutos ahorrados. Puedes incluir la preparaci\u00f3n de <a href=\"https:\/\/www.journee-mondiale.com\/es\/el-limon-que-despejo-mis-vias-respiratorias-como-esta-infusion-antigua-redujo-mi-congestion-un-40-en-solo-24-horas-y-lo-que-la-ciencia-confirma-sobre-el-jengibre\/\" target=\"_blank\">infusiones saludables<\/a> para toda la semana.<\/p>\n<blockquote><p>\u00abLa planificaci\u00f3n del men\u00fa es como la coreograf\u00eda de un baile; al principio requiere pr\u00e1ctica, pero una vez que encuentras tu ritmo, fluye naturalmente y te permite disfrutar del momento\u00bb &#8211; Dra. Elena Mart\u00ednez<\/p><\/blockquote>\n<h2>La regla del 80\/20: flexibilidad planificada<\/h2>\n<p>Planifica el 80% de tus comidas y deja un 20% para <strong>imprevistos o antojos espont\u00e1neos<\/strong>. Esta flexibilidad programada evita la sensaci\u00f3n de rigidez que suele desmotivar a largo plazo. Recuerda incluir regularmente <a href=\"https:\/\/www.journee-mondiale.com\/es\/la-vitamina-d-del-pescado-salvaje-multiplico-mi-energia-un-37-esto-cambio-en-mi-cuerpo-despues-de-3-meses\/\" target=\"_blank\">pescado salvaje rico en vitamina D<\/a> en tu planificaci\u00f3n.<\/p>\n<p>\u00bfEl secreto para mantener este h\u00e1bito a largo plazo? Recordar que la planificaci\u00f3n del men\u00fa no es un fin en s\u00ed mismo, sino una herramienta para liberarnos del estr\u00e9s alimentario y recuperar el placer de comer conscientemente, nutriendo tanto nuestro cuerpo como nuestra mente.<\/p>\n","protected":false},"excerpt":{"rendered":"<p>Planificar la alimentaci\u00f3n semanal puede parecer una tarea abrumadora, pero con las estrategias adecuadas, se convierte en un h\u00e1bito que transforma nuestra relaci\u00f3n con la comida y reduce significativamente el estr\u00e9s diario. Seg\u00fan la Dra. Elena Mart\u00ednez, nutricionista del Centro de Alimentaci\u00f3n Saludable de Madrid, \u00aborganizar el men\u00fa semanal no solo mejora nuestra nutrici\u00f3n, sino &#8230; <a title=\"Planifiqu\u00e9 mis comidas una vez por semana y redujo mi estr\u00e9s alimentario un 40% (lo que nunca imagin\u00e9 sobre el m\u00e9todo del escal\u00f3n)\" class=\"read-more\" href=\"https:\/\/www.journee-mondiale.com\/es\/planifique-mis-comidas-una-vez-por-semana-y-redujo-mi-estres-alimentario-un-40-lo-que-nunca-imagine-sobre-el-metodo-del-escalon\/\" aria-label=\"Leer m\u00e1s sobre Planifiqu\u00e9 mis comidas una vez por semana y redujo mi estr\u00e9s alimentario un 40% (lo que nunca imagin\u00e9 sobre el m\u00e9todo del escal\u00f3n)\">Lire plus<\/a><\/p>\n","protected":false},"author":1,"featured_media":15111,"comment_status":"","ping_status":"","sticky":false,"template":"","format":"standard","meta":{"footnotes":""},"categories":[52],"tags":[],"class_list":["post-15112","post","type-post","status-publish","format-standard","has-post-thumbnail","hentry","category-salud"],"acf":[],"_yoast_wpseo_primary_category":null,"_yoast_wpseo_title":null,"_yoast_wpseo_metadesc":null,"_links":{"self":[{"href":"https:\/\/www.journee-mondiale.com\/es\/wp-json\/wp\/v2\/posts\/15112","targetHints":{"allow":["GET"]}}],"collection":[{"href":"https:\/\/www.journee-mondiale.com\/es\/wp-json\/wp\/v2\/posts"}],"about":[{"href":"https:\/\/www.journee-mondiale.com\/es\/wp-json\/wp\/v2\/types\/post"}],"author":[{"embeddable":true,"href":"https:\/\/www.journee-mondiale.com\/es\/wp-json\/wp\/v2\/users\/1"}],"replies":[{"embeddable":true,"href":"https:\/\/www.journee-mondiale.com\/es\/wp-json\/wp\/v2\/comments?post=15112"}],"version-history":[{"count":0,"href":"https:\/\/www.journee-mondiale.com\/es\/wp-json\/wp\/v2\/posts\/15112\/revisions"}],"wp:featuredmedia":[{"embeddable":true,"href":"https:\/\/www.journee-mondiale.com\/es\/wp-json\/wp\/v2\/media\/15111"}],"wp:attachment":[{"href":"https:\/\/www.journee-mondiale.com\/es\/wp-json\/wp\/v2\/media?parent=15112"}],"wp:term":[{"taxonomy":"category","embeddable":true,"href":"https:\/\/www.journee-mondiale.com\/es\/wp-json\/wp\/v2\/categories?post=15112"},{"taxonomy":"post_tag","embeddable":true,"href":"https:\/\/www.journee-mondiale.com\/es\/wp-json\/wp\/v2\/tags?post=15112"}],"curies":[{"name":"wp","href":"https:\/\/api.w.org\/{rel}","templated":true}]}}