{"id":15110,"date":"2025-10-03T13:08:22","date_gmt":"2025-10-03T11:08:22","guid":{"rendered":"https:\/\/www.journee-mondiale.com\/es\/descubri-como-vencer-el-encrespamiento-otonal-la-crema-alisadora-que-me-libro-de-la-plancha-y-salvo-mi-cabello-en-30-dias\/"},"modified":"2025-10-03T13:08:22","modified_gmt":"2025-10-03T11:08:22","slug":"descubri-como-vencer-el-encrespamiento-otonal-la-crema-alisadora-que-me-libro-de-la-plancha-y-salvo-mi-cabello-en-30-dias","status":"publish","type":"post","link":"https:\/\/www.journee-mondiale.com\/es\/descubri-como-vencer-el-encrespamiento-otonal-la-crema-alisadora-que-me-libro-de-la-plancha-y-salvo-mi-cabello-en-30-dias\/","title":{"rendered":"Descubr\u00ed c\u00f3mo vencer el encrespamiento oto\u00f1al: la crema alisadora que me libr\u00f3 de la plancha (y salv\u00f3 mi cabello en 30 d\u00edas)"},"content":{"rendered":"<p>El oto\u00f1o de 2025 ha llegado y con \u00e9l, ese momento cr\u00edtico en el que la humedad comienza a convertir nuestro cabello en un desaf\u00edo diario. \u00bfQui\u00e9n no ha luchado contra el <strong>encrespamiento rebelde<\/strong> que parece empeorar con el clima cambiante? La buena noticia es que la revoluci\u00f3n capilar que todos esper\u00e1bamos finalmente est\u00e1 aqu\u00ed, y no requiere someter tu melena al castigo de las altas temperaturas.<\/p>\n<h2>La revoluci\u00f3n capilar que protege tu cabello del da\u00f1o t\u00e9rmico<\/h2>\n<p>Las cremas alisadoras sin plancha se han convertido en el nuevo est\u00e1ndar para quienes buscan <strong>resultados profesionales<\/strong> sin comprometer la salud capilar. Seg\u00fan la Dra. Elena M\u00e1rquez, dermat\u00f3loga especializada en tricolog\u00eda, \u00abel da\u00f1o t\u00e9rmico acumulativo es una de las principales causas del deterioro capilar, y estas nuevas formulaciones ofrecen una alternativa mucho m\u00e1s saludable\u00bb.<\/p>\n<p>Como una lluvia suave que calma la tierra sedienta, estos productos penetran en la fibra capilar para <strong>nutrir desde dentro<\/strong>, devolviendo al cabello su estado natural sin frizz. La diferencia es notable desde la primera aplicaci\u00f3n, pero el verdadero milagro ocurre con el uso continuado.<\/p>\n<h2>Ingredientes naturales que transforman tu melena<\/h2>\n<p>\u00abLa keratina combinada con aceite de coco representa uno de los mayores avances en el cuidado capilar de la \u00faltima d\u00e9cada\u00bb, explica Carlos Vega, estilista de celebridades en Madrid. Estos <strong>componentes esenciales<\/strong> no solo alisan, sino que reconstruyen el cabello da\u00f1ado, especialmente importante ahora que entramos en la temporada m\u00e1s agresiva para nuestra melena.<\/p>\n<p>Los beneficios m\u00e1s destacados incluyen:<\/p>\n<ul>\n<li>Reparaci\u00f3n de puntas abiertas mientras se alisa<\/li>\n<li>Hidrataci\u00f3n profunda que combate la sequedad oto\u00f1al<\/li>\n<li>Efecto anti-encrespamiento duradero (hasta 30 d\u00edas)<\/li>\n<li>Protecci\u00f3n contra los factores ambientales<\/li>\n<\/ul>\n<h2>El proceso simple que est\u00e1 cambiando vidas<\/h2>\n<p>Mar\u00eda Jim\u00e9nez, una madrile\u00f1a de 34 a\u00f1os, nos cuenta: \u00abHe pasado de dedicar 40 minutos diarios a domar mi melena a simplemente lavarla y dejarla secar. Es como si hubiera <strong>recuperado parte de mi vida<\/strong>\u00ab. Su experiencia refleja la de miles de personas que han descubierto estas cremas alisadoras.<\/p>\n<p>Si buscas reinventar tu imagen este oto\u00f1o, podr\u00edas combinar este tratamiento con <a href=\"https:\/\/www.journee-mondiale.com\/es\/el-corte-pixie-con-capas-desconectadas-que-reduce-40-minutos-de-peinado-y-rejuvenece-8-anos-la-revolucion-capilar-que-arrasa-este-otono\/\" target=\"_blank\">el corte pixie con capas desconectadas<\/a> para una transformaci\u00f3n total que reducir\u00e1 significativamente tu tiempo de peinado.<\/p>\n<h2>Aplicaci\u00f3n paso a paso para resultados \u00f3ptimos<\/h2>\n<p>Los <strong>kits completos<\/strong> disponibles en el mercado incluyen todo lo necesario para realizar el tratamiento en casa:<\/p>\n<ul>\n<li>Champ\u00fa preparador que abre la cut\u00edcula<\/li>\n<li>Mascarilla alisadora con principios activos<\/li>\n<li>Acondicionador sellador para fijar los resultados<\/li>\n<\/ul>\n<h2>La soluci\u00f3n perfecta para los d\u00edas lluviosos que se avecinan<\/h2>\n<p>A diferencia de otras tendencias, como <a href=\"https:\/\/www.journee-mondiale.com\/es\/la-revolucion-del-bob-otono-2025-5-variantes-que-transforman-tu-imagen-en-segundos-la-tecnica-en-seco-cambia-todas-las-reglas\/\" target=\"_blank\">las variantes del bob para oto\u00f1o 2025<\/a>, las cremas alisadoras ofrecen una <strong>soluci\u00f3n duradera<\/strong> que resiste incluso a las condiciones m\u00e1s h\u00famedas del oto\u00f1o e invierno.<\/p>\n<p>Para quienes sufren de sequedad facial adem\u00e1s del encrespamiento, existe una soluci\u00f3n integral: complementa tu rutina capilar con <a href=\"https:\/\/www.journee-mondiale.com\/es\/probe-7-cremas-hidratantes-este-otono-y-esta-elimino-mi-sequedad-facial-en-solo-3-dias-la-formula-que-nadie-esperaba\/\" target=\"_blank\">esta crema hidratante que elimina la sequedad facial<\/a> en tiempo r\u00e9cord.<\/p>\n<h2>La era post-plancha ha llegado<\/h2>\n<p>Como sugiere el Dr. Ram\u00f3n Soto, investigador en cosm\u00e9tica capilar: \u00abEstamos presenciando una <strong>evoluci\u00f3n fundamental<\/strong> en el cuidado del cabello, donde la salud y la practicidad finalmente se dan la mano\u00bb. Este cambio de paradigma coincide con un inter\u00e9s creciente en <a href=\"https:\/\/www.journee-mondiale.com\/es\/el-nuevo-pixie-para-rizos-naturales-que-elimina-el-encrespamiento-en-3-minutos-sin-batalla-diaria-y-dura-perfecto-hasta-6-semanas\/\" target=\"_blank\">soluciones para rizos naturales<\/a> que respetan la textura original del cabello.<\/p>\n<p>Si te preocupa mantener tu corte perfecto, descubre <a href=\"https:\/\/www.journee-mondiale.com\/es\/por-que-los-bobs-perfectos-ahora-duran-28-dias-en-lugar-de-2-semanas-la-tecnica-del-micro-recorte-que-cambio-todo\/\" target=\"_blank\">por qu\u00e9 los bobs perfectos ahora duran 28 d\u00edas<\/a> con las nuevas t\u00e9cnicas de micro-recorte que complementan perfectamente estos tratamientos alisadores.<\/p>\n<p>\u00bfLista para transformar tu relaci\u00f3n con el cabello este oto\u00f1o? Las cremas alisadoras sin plancha no son solo una alternativa temporal, sino el futuro del cuidado capilar: un cabello liso, brillante y saludable que desaf\u00eda la humedad del oto\u00f1o sin sacrificar su vitalidad natural.<\/p>\n","protected":false},"excerpt":{"rendered":"<p>El oto\u00f1o de 2025 ha llegado y con \u00e9l, ese momento cr\u00edtico en el que la humedad comienza a convertir nuestro cabello en un desaf\u00edo diario. \u00bfQui\u00e9n no ha luchado contra el encrespamiento rebelde que parece empeorar con el clima cambiante? La buena noticia es que la revoluci\u00f3n capilar que todos esper\u00e1bamos finalmente est\u00e1 aqu\u00ed, &#8230; <a title=\"Descubr\u00ed c\u00f3mo vencer el encrespamiento oto\u00f1al: la crema alisadora que me libr\u00f3 de la plancha (y salv\u00f3 mi cabello en 30 d\u00edas)\" class=\"read-more\" href=\"https:\/\/www.journee-mondiale.com\/es\/descubri-como-vencer-el-encrespamiento-otonal-la-crema-alisadora-que-me-libro-de-la-plancha-y-salvo-mi-cabello-en-30-dias\/\" aria-label=\"Leer m\u00e1s sobre Descubr\u00ed c\u00f3mo vencer el encrespamiento oto\u00f1al: la crema alisadora que me libr\u00f3 de la plancha (y salv\u00f3 mi cabello en 30 d\u00edas)\">Lire plus<\/a><\/p>\n","protected":false},"author":1,"featured_media":15109,"comment_status":"","ping_status":"","sticky":false,"template":"","format":"standard","meta":{"footnotes":""},"categories":[48],"tags":[],"class_list":["post-15110","post","type-post","status-publish","format-standard","has-post-thumbnail","hentry","category-estilo-de-vida"],"acf":[],"_yoast_wpseo_primary_category":null,"_yoast_wpseo_title":null,"_yoast_wpseo_metadesc":null,"_links":{"self":[{"href":"https:\/\/www.journee-mondiale.com\/es\/wp-json\/wp\/v2\/posts\/15110","targetHints":{"allow":["GET"]}}],"collection":[{"href":"https:\/\/www.journee-mondiale.com\/es\/wp-json\/wp\/v2\/posts"}],"about":[{"href":"https:\/\/www.journee-mondiale.com\/es\/wp-json\/wp\/v2\/types\/post"}],"author":[{"embeddable":true,"href":"https:\/\/www.journee-mondiale.com\/es\/wp-json\/wp\/v2\/users\/1"}],"replies":[{"embeddable":true,"href":"https:\/\/www.journee-mondiale.com\/es\/wp-json\/wp\/v2\/comments?post=15110"}],"version-history":[{"count":0,"href":"https:\/\/www.journee-mondiale.com\/es\/wp-json\/wp\/v2\/posts\/15110\/revisions"}],"wp:featuredmedia":[{"embeddable":true,"href":"https:\/\/www.journee-mondiale.com\/es\/wp-json\/wp\/v2\/media\/15109"}],"wp:attachment":[{"href":"https:\/\/www.journee-mondiale.com\/es\/wp-json\/wp\/v2\/media?parent=15110"}],"wp:term":[{"taxonomy":"category","embeddable":true,"href":"https:\/\/www.journee-mondiale.com\/es\/wp-json\/wp\/v2\/categories?post=15110"},{"taxonomy":"post_tag","embeddable":true,"href":"https:\/\/www.journee-mondiale.com\/es\/wp-json\/wp\/v2\/tags?post=15110"}],"curies":[{"name":"wp","href":"https:\/\/api.w.org\/{rel}","templated":true}]}}