{"id":15106,"date":"2025-10-03T09:04:46","date_gmt":"2025-10-03T07:04:46","guid":{"rendered":"https:\/\/www.journee-mondiale.com\/es\/tiramisu-de-fresas-la-tecnica-francesa-que-transforma-el-postre-italiano-en-24-horas\/"},"modified":"2025-10-03T09:04:46","modified_gmt":"2025-10-03T07:04:46","slug":"tiramisu-de-fresas-la-tecnica-francesa-que-transforma-el-postre-italiano-en-24-horas","status":"publish","type":"post","link":"https:\/\/www.journee-mondiale.com\/es\/tiramisu-de-fresas-la-tecnica-francesa-que-transforma-el-postre-italiano-en-24-horas\/","title":{"rendered":"Tiramis\u00fa de fresas: La t\u00e9cnica francesa que transforma el postre italiano en 24 horas"},"content":{"rendered":"<p>El aroma de las fresas frescas me transporta invariablemente a las cocinas de Provenza donde perfeccion\u00e9 mi oficio hace dos d\u00e9cadas. Recuerdo v\u00edvidamente cuando un chef italiano me reprendi\u00f3 por sugerir una variaci\u00f3n del sagrado tiramis\u00fa. \u00ab\u00a1Sacrilegio!\u00bb, exclam\u00f3. A\u00f1os despu\u00e9s, descubr\u00ed que la innovaci\u00f3n respetuosa es el alma de la cocina evolutiva. El <a href=\"https:\/\/www.journee-mondiale.com\/es\/tiramisu-de-fresas-el-postre-primaveral-que-revoluciona-el-clasico-italiano-en-7-pasos\/\">tiramis\u00fa de fresas<\/a> de Julie Andrieu ejemplifica esta filosof\u00eda perfectamente, con un ingenioso \u00abpetit truc\u00bb que transforma el postre cl\u00e1sico en una celebraci\u00f3n primaveral.<\/p>\n<h2>La historia detr\u00e1s del Tiramis\u00fa de Fresas \ud83d\udcd6<\/h2>\n<p>Mientras el tiramis\u00fa tradicional naci\u00f3 en las trattorias del V\u00e9neto italiano, esta reinterpretaci\u00f3n francesa honra su estructura pero abraza la temporalidad. \u00abTirami s\u00f9\u00bb significa literalmente \u00ablev\u00e1ntame el \u00e1nimo\u00bb en italiano, una promesa que esta versi\u00f3n con fresas cumple maravillosamente. Julie Andrieu, reconocida chef francesa, desarroll\u00f3 esta receta bas\u00e1ndose en su filosof\u00eda de \u00abgourmandise et l\u00e9g\u00e8ret\u00e9\u00bb &#8211; el equilibrio perfecto entre indulgencia y ligereza.<\/p>\n<p>A diferencia del original ba\u00f1ado en caf\u00e9, este tiramis\u00fa utiliza un coulis de fresas para imbibar los bizcochos, creando un postre que canta a la primavera mientras respeta la esencia cremosa del original. Es el postre perfecto para quienes buscan algo especial tras disfrutar de un reconfortante <a href=\"https:\/\/www.journee-mondiale.com\/es\/boeuf-bourguignon-el-guiso-frances-que-conquista-paladares-en-3-horas-de-coccion-lenta\/\">boeuf bourguignon<\/a>.<\/p>\n<h2>Ingredientes esenciales \ud83e\uddfe<\/h2>\n<p>Para 6-8 comensales necesitar\u00e1s:<\/p>\n<ul>\n<li>400g de mascarpone (a temperatura ambiente)<\/li>\n<li>400g de <a href=\"https:\/\/www.journee-mondiale.com\/es\/fresas-irresistibles-el-metodo-de-la-abuela-que-preserva-su-sabor-por-48-horas\/\">fresas frescas<\/a> (reserva las m\u00e1s bonitas para decorar)<\/li>\n<li>3 huevos grandes (separados en claras y yemas)<\/li>\n<li>200ml de crema l\u00edquida (contenido m\u00ednimo de 35% de grasa)<\/li>\n<li>60g de az\u00facar en polvo + 1 cucharada adicional para el coulis<\/li>\n<li>80g de bizcochos de soletilla (boudoirs)<\/li>\n<li>60g de almendras laminadas<\/li>\n<li>Opcional: 2 cucharadas de licor (amaretto, marsala o licor de fresa)<\/li>\n<\/ul>\n<blockquote>\n<p><strong>Nota del Chef:<\/strong> El mascarpone debe estar a temperatura ambiente para integrarse sin grumos. Si olvidaste sacarlo, no lo calientes artificialmente; mejor b\u00e1telo en\u00e9rgicamente hasta que se ablande. Y recuerda: las fresas de temporada siempre tendr\u00e1n un sabor incomparablemente superior.<\/p>\n<\/blockquote>\n<h2>Instrucciones paso a paso \ud83d\udcdd<\/h2>\n<p><strong>1. Preparar el coulis de fresas<\/strong><br \/>\nLava y quita los tallos de 150g de fresas. C\u00f3rtalas en dados peque\u00f1os y col\u00f3calas en un cazo con una cucharada de az\u00facar. Si te atreves, a\u00f1ade una cucharadita de licor. Cocina a fuego lento durante 4-5 minutos con la tapa puesta. Retira del fuego y tritura hasta obtener una textura sedosa. Deja enfriar en un plato hondo.<\/p>\n<p><strong>2. Elaborar la crema de mascarpone<\/strong><br \/>\nEn un bol amplio, bate las yemas con 30g de az\u00facar hasta conseguir una mezcla blanquecina y esponjosa. Este proceso, conocido como \u00abblanchir les jaunes\u00bb en las cocinas francesas, incorpora aire y crea la base aterciopelada de nuestro postre. Incorpora el mascarpone y bate vigorosamente hasta obtener una crema homog\u00e9nea.<\/p>\n<p><strong>3. Montar los componentes a\u00e9reos<\/strong><br \/>\nEn un bol fr\u00edo, monta la crema l\u00edquida hasta obtener picos suaves. En otro recipiente, bate las claras a punto de nieve firme a\u00f1adiendo gradualmente los 30g restantes de az\u00facar. Estos dos elementos aportar\u00e1n la ligereza caracter\u00edstica que diferencia un tiramis\u00fa excepcional de uno ordinario.<\/p>\n<p><strong>4. Ensamblar la textura perfecta<\/strong><br \/>\nIncorpora delicadamente la crema montada a la mezcla de mascarpone usando una esp\u00e1tula con movimientos envolventes. A continuaci\u00f3n, integra las claras montadas con el mismo cuidado. Esta t\u00e9cnica preservar\u00e1 el aire atrapado, resultando en una textura et\u00e9rea que se derrite en la boca.<\/p>\n<h2>T\u00e9cnicas secretas del chef \ud83e\udd2b<\/h2>\n<p>El montaje es donde la magia realmente sucede. Extiende una capa generosa de crema en el fondo de una fuente de cristal o en copas individuales. Sumerge r\u00e1pidamente los bizcochos en el coulis de fresas y col\u00f3calos sobre la crema. \u00a1Atenci\u00f3n! El secreto est\u00e1 en la inmersi\u00f3n fugaz: demasiado tiempo y los bizcochos se desintegrar\u00e1n.<\/p>\n<p>Disp\u00f3n una capa de <a href=\"https:\/\/www.journee-mondiale.com\/es\/tarta-de-fresas-magica-crema-pastelera-sin-coccion-que-conquista-en-30-minutos\/\">fresas laminadas<\/a> sobre los bizcochos, siguiendo la t\u00e9cnica que utilizo para mis tartas m\u00e1s celebradas. Cubre con otra generosa capa de crema y repite el proceso. Esta construcci\u00f3n por capas permite que los sabores se amalgamen durante el reposo.<\/p>\n<p>\u00bfEl truco definitivo? Tostar las almendras laminadas en una sart\u00e9n seca hasta que adquieran un color dorado. Este sencillo paso aporta una profundidad arom\u00e1tica y textural que eleva el postre a niveles sublimes, similar a c\u00f3mo las <a href=\"https:\/\/www.journee-mondiale.com\/es\/frambuesas-marinadas-el-truco-frances-para-elevar-esta-fruta-en-30-minutos\/\">frambuesas marinadas<\/a> transforman un postre sencillo.<\/p>\n<h2>Presentaci\u00f3n y servicio \ud83c\udf7d\ufe0f<\/h2>\n<p>Refrigera tu tiramis\u00fa durante al menos 24 horas antes de servir. S\u00ed, requiere paciencia, pero este reposo permite que la magia suceda: los sabores se entrelazan, la textura se estabiliza y el resultado es incomparablemente superior. Justo antes de servir, espolvorea las almendras tostadas y decora con las fresas m\u00e1s perfectas.<\/p>\n<p>Para un maridaje exquisito, sugiero un Moscato d&#8217;Asti italiano cuyas burbujas ligeras y dulzor frutal complementan perfectamente las fresas. En ocasiones especiales, un Champagne ros\u00e9 aporta elegancia y contraste \u00e1cido que corta maravillosamente la riqueza del mascarpone.<\/p>\n<p>Este postre no es solo una delicia para el paladar, sino tambi\u00e9n una celebraci\u00f3n visual de la primavera. En mi larga trayectoria como chef, he descubierto que los platos que evocan estaciones espec\u00edficas crean conexiones emocionales m\u00e1s profundas con los comensales. Este tiramis\u00fa de fresas es primavera en un plato, una promesa dulce de los d\u00edas c\u00e1lidos por venir.<\/p>\n","protected":false},"excerpt":{"rendered":"<p>El aroma de las fresas frescas me transporta invariablemente a las cocinas de Provenza donde perfeccion\u00e9 mi oficio hace dos d\u00e9cadas. Recuerdo v\u00edvidamente cuando un chef italiano me reprendi\u00f3 por sugerir una variaci\u00f3n del sagrado tiramis\u00fa. \u00ab\u00a1Sacrilegio!\u00bb, exclam\u00f3. A\u00f1os despu\u00e9s, descubr\u00ed que la innovaci\u00f3n respetuosa es el alma de la cocina evolutiva. El tiramis\u00fa de &#8230; <a title=\"Tiramis\u00fa de fresas: La t\u00e9cnica francesa que transforma el postre italiano en 24 horas\" class=\"read-more\" href=\"https:\/\/www.journee-mondiale.com\/es\/tiramisu-de-fresas-la-tecnica-francesa-que-transforma-el-postre-italiano-en-24-horas\/\" aria-label=\"Leer m\u00e1s sobre Tiramis\u00fa de fresas: La t\u00e9cnica francesa que transforma el postre italiano en 24 horas\">Lire plus<\/a><\/p>\n","protected":false},"author":1,"featured_media":15105,"comment_status":"","ping_status":"","sticky":false,"template":"","format":"standard","meta":{"footnotes":""},"categories":[50],"tags":[],"class_list":["post-15106","post","type-post","status-publish","format-standard","has-post-thumbnail","hentry","category-cocina"],"acf":[],"_yoast_wpseo_primary_category":null,"_yoast_wpseo_title":null,"_yoast_wpseo_metadesc":null,"_links":{"self":[{"href":"https:\/\/www.journee-mondiale.com\/es\/wp-json\/wp\/v2\/posts\/15106","targetHints":{"allow":["GET"]}}],"collection":[{"href":"https:\/\/www.journee-mondiale.com\/es\/wp-json\/wp\/v2\/posts"}],"about":[{"href":"https:\/\/www.journee-mondiale.com\/es\/wp-json\/wp\/v2\/types\/post"}],"author":[{"embeddable":true,"href":"https:\/\/www.journee-mondiale.com\/es\/wp-json\/wp\/v2\/users\/1"}],"replies":[{"embeddable":true,"href":"https:\/\/www.journee-mondiale.com\/es\/wp-json\/wp\/v2\/comments?post=15106"}],"version-history":[{"count":0,"href":"https:\/\/www.journee-mondiale.com\/es\/wp-json\/wp\/v2\/posts\/15106\/revisions"}],"wp:featuredmedia":[{"embeddable":true,"href":"https:\/\/www.journee-mondiale.com\/es\/wp-json\/wp\/v2\/media\/15105"}],"wp:attachment":[{"href":"https:\/\/www.journee-mondiale.com\/es\/wp-json\/wp\/v2\/media?parent=15106"}],"wp:term":[{"taxonomy":"category","embeddable":true,"href":"https:\/\/www.journee-mondiale.com\/es\/wp-json\/wp\/v2\/categories?post=15106"},{"taxonomy":"post_tag","embeddable":true,"href":"https:\/\/www.journee-mondiale.com\/es\/wp-json\/wp\/v2\/tags?post=15106"}],"curies":[{"name":"wp","href":"https:\/\/api.w.org\/{rel}","templated":true}]}}