{"id":14880,"date":"2025-09-14T11:04:28","date_gmt":"2025-09-14T09:04:28","guid":{"rendered":"https:\/\/www.journee-mondiale.com\/es\/almendras-al-vapor-el-aperitivo-mediterraneo-que-transformara-tu-paladar-en-30-minutos\/"},"modified":"2025-09-14T11:04:28","modified_gmt":"2025-09-14T09:04:28","slug":"almendras-al-vapor-el-aperitivo-mediterraneo-que-transformara-tu-paladar-en-30-minutos","status":"publish","type":"post","link":"https:\/\/www.journee-mondiale.com\/es\/almendras-al-vapor-el-aperitivo-mediterraneo-que-transformara-tu-paladar-en-30-minutos\/","title":{"rendered":"Almendras al vapor: el aperitivo mediterr\u00e1neo que transformar\u00e1 tu paladar en 30 minutos"},"content":{"rendered":"<p>Recuerdo v\u00edvidamente la primera vez que prob\u00e9 almendras cocidas al vapor. Fue durante un viaje a Valencia, en un peque\u00f1o restaurante familiar donde la abuela, con manos arrugadas por d\u00e9cadas cocinando, serv\u00eda este aperitivo poco conocido pero fascinante. A diferencia de las populares <a href=\"https:\/\/www.journee-mondiale.com\/es\/almendras-tostadas-crujientes-el-aperitivo-espanol-que-conquista-paladares-en-20-minutos\/\">almendras tostadas crujientes que tanto adoramos los espa\u00f1oles<\/a>, estas presentaban una textura sedosa, casi cremosa, que transformaba por completo mi percepci\u00f3n de este fruto seco.<\/p>\n<h2>\ud83c\udf3f El tesoro escondido de la cocina mediterr\u00e1nea<\/h2>\n<p>Las almendras cocidas al vapor representan uno de esos tesoros culinarios que permanecen relativamente desconocidos fuera de ciertos c\u00edrculos gastron\u00f3micos tradicionales. Mientras que en la cocina moderna buscamos contrastes y texturas crujientes \u2014como en una refrescante <a href=\"https:\/\/www.journee-mondiale.com\/es\/brocoli-al-dente-la-ensalada-de-15-minutos-que-revolucionara-tus-almuerzos\/\">ensalada de br\u00f3coli al dente<\/a>\u2014 esta t\u00e9cnica ancestral celebra la suavidad y la delicadeza, permitiendo que el sabor natural de la almendra florezca sin el protagonismo de su caracter\u00edstica textura crujiente.<\/p>\n<h2>\ud83e\uddfe Ingredientes esenciales<\/h2>\n<p>Para 4-6 personas necesitar\u00e1s:<\/p>\n<ul>\n<li>500g de almendras crudas con piel<\/li>\n<li>2 litros de agua<\/li>\n<li>2 cucharadas de sal marina gruesa (30g)<\/li>\n<li>1 hoja de laurel fresco<\/li>\n<li>2 ramitas de tomillo<\/li>\n<li>1 cucharada de aceite de oliva virgen extra (15ml)<\/li>\n<li>Sal fina marina y pimienta blanca reci\u00e9n molida al gusto<\/li>\n<li>Opcional: 5-6 gotas de agua de azahar<\/li>\n<\/ul>\n<h2>\ud83d\udcdd El proceso transformador<\/h2>\n<p>1. <strong>Preparaci\u00f3n inicial (15 minutos):<\/strong> Sumerge las almendras en agua tibia (no caliente, aproximadamente 40\u00b0C) durante 10 minutos. Este paso es crucial para que la piel se afloje. Con delicadeza, presiona cada almendra entre tus dedos \u00edndice y pulgar para deslizar la piel. Mant\u00e9n las almendras peladas en un cuenco con agua fr\u00eda para evitar que se oxiden.<\/p>\n<p>2. <strong>Montaje del sistema de vapor (5 minutos):<\/strong> Prepara una vaporera tradicional o adapta una olla con un colador met\u00e1lico que no toque el agua. Incorpora al agua la sal gruesa, laurel y tomillo. Si no tienes vaporera, puedes colocar un colador de metal sobre una olla con agua hirviendo y cubrir con una tapa invertida.<\/p>\n<p>3. <strong>Cocci\u00f3n al vapor (25-30 minutos):<\/strong> Disp\u00f3n las almendras peladas en una sola capa sobre la bandeja de vapor. Cubre herm\u00e9ticamente y mant\u00e9n un fuego medio-bajo que genere vapor constante pero no violento. A los 20 minutos, prueba una almendra; deber\u00e1 estar tierna pero conservar cierta firmeza en el centro.<\/p>\n<p>4. <strong>Finalizaci\u00f3n arom\u00e1tica (5 minutos):<\/strong> Cuando falten 5 minutos, si deseas, a\u00f1ade unas gotas de agua de azahar sobre las almendras. Al terminar la cocci\u00f3n, transfiere a un cuenco templado, roc\u00eda con aceite de oliva virgen extra, espolvorea sal fina y pimienta blanca reci\u00e9n molida.<\/p>\n<h2>\ud83e\udd2b Secretos t\u00e9cnicos del chef<\/h2>\n<blockquote>\n<p><strong>Nota del Chef:<\/strong> El secreto que nunca comparto en mis clases p\u00fablicas es mantener un peque\u00f1o pu\u00f1ado de almendras sin pelar. Incorp\u00f3ralas a la cocci\u00f3n y su piel liberar\u00e1 taninos que aportar\u00e1n una sutil profundidad de sabor, similar al fundamento de los <a href=\"https:\/\/www.journee-mondiale.com\/es\/huevos-rellenos-espanoles-9-pasos-para-lograr-cremosidad-irresistible-en-30-minutos\/\">huevos rellenos espa\u00f1oles<\/a>, donde el punto de cocci\u00f3n determina completamente el resultado final.<\/p>\n<\/blockquote>\n<p>La temperatura del vapor debe ser consistente pero no excesiva. Si notas que las almendras comienzan a deshacerse, has sobrepasado el punto \u00f3ptimo. Recuerda que buscamos almendras tiernas, no pur\u00e9 de almendras (aunque este \u00faltimo podr\u00eda ser maravilloso sobre una tostada).<\/p>\n<p>Si no encuentras agua de azahar, puedes sustituirla por una fina ralladura de lim\u00f3n org\u00e1nico o unas hebras de azafr\u00e1n previamente tostadas e incorporadas al agua de la vaporera. Cada versi\u00f3n ofrece un perfil arom\u00e1tico completamente distinto pero igualmente cautivador.<\/p>\n<h2>\ud83c\udf7d\ufe0f Presentaci\u00f3n y maridajes<\/h2>\n<p>Sirve las almendras tibias en un cuenco de cer\u00e1mica tradicional, nunca fr\u00edas. Acomp\u00e1\u00f1alas con pan artesano y, si te atreves, con un toque dulce como membrillo casero, creando un contraste delicioso que recuerda a la famosa <a href=\"https:\/\/www.journee-mondiale.com\/es\/tarta-de-la-abuela-el-postre-espanol-que-conquista-en-30-minutos-sin-horno\/\">Tarta de la Abuela<\/a> donde lo dulce y lo salado bailan armoniosamente.<\/p>\n<p>Para una experiencia gastron\u00f3mica completa, acompa\u00f1a con un fino jerezano o manzanilla bien fr\u00eda. Si prefieres algo menos seco, un vermut blanco de calidad funciona maravillosamente. Y para finalizar la velada, nada como un <a href=\"https:\/\/www.journee-mondiale.com\/es\/tiramisu-de-fresas-el-postre-primaveral-que-revoluciona-el-clasico-italiano-en-7-pasos\/\">tiramis\u00fa de fresas<\/a>, cuya acidez contrastar\u00e1 perfectamente con la mantecosa suavidad de las almendras.<\/p>\n<p>En mi cocina profesional y en casa, estos peque\u00f1os tesoros mediterr\u00e1neos han conquistado por igual a cr\u00edticos gastron\u00f3micos y a mis propios nietos. Te invito a descubrir una faceta completamente nueva de un ingrediente que cre\u00edas conocer. Las almendras al vapor no solo son un aperitivo sofisticado, sino tambi\u00e9n una lecci\u00f3n sobre c\u00f3mo la cocina tradicional sigue sorprendi\u00e9ndonos con su sabidur\u00eda. \u00bfTe atreves a redescubrir lo conocido? \ud83d\udcab<\/p>\n","protected":false},"excerpt":{"rendered":"<p>Recuerdo v\u00edvidamente la primera vez que prob\u00e9 almendras cocidas al vapor. Fue durante un viaje a Valencia, en un peque\u00f1o restaurante familiar donde la abuela, con manos arrugadas por d\u00e9cadas cocinando, serv\u00eda este aperitivo poco conocido pero fascinante. A diferencia de las populares almendras tostadas crujientes que tanto adoramos los espa\u00f1oles, estas presentaban una textura &#8230; <a title=\"Almendras al vapor: el aperitivo mediterr\u00e1neo que transformar\u00e1 tu paladar en 30 minutos\" class=\"read-more\" href=\"https:\/\/www.journee-mondiale.com\/es\/almendras-al-vapor-el-aperitivo-mediterraneo-que-transformara-tu-paladar-en-30-minutos\/\" aria-label=\"Leer m\u00e1s sobre Almendras al vapor: el aperitivo mediterr\u00e1neo que transformar\u00e1 tu paladar en 30 minutos\">Lire plus<\/a><\/p>\n","protected":false},"author":1,"featured_media":14879,"comment_status":"","ping_status":"","sticky":false,"template":"","format":"standard","meta":{"footnotes":""},"categories":[50],"tags":[],"class_list":["post-14880","post","type-post","status-publish","format-standard","has-post-thumbnail","hentry","category-cocina"],"acf":[],"_yoast_wpseo_primary_category":null,"_yoast_wpseo_title":null,"_yoast_wpseo_metadesc":null,"_links":{"self":[{"href":"https:\/\/www.journee-mondiale.com\/es\/wp-json\/wp\/v2\/posts\/14880","targetHints":{"allow":["GET"]}}],"collection":[{"href":"https:\/\/www.journee-mondiale.com\/es\/wp-json\/wp\/v2\/posts"}],"about":[{"href":"https:\/\/www.journee-mondiale.com\/es\/wp-json\/wp\/v2\/types\/post"}],"author":[{"embeddable":true,"href":"https:\/\/www.journee-mondiale.com\/es\/wp-json\/wp\/v2\/users\/1"}],"replies":[{"embeddable":true,"href":"https:\/\/www.journee-mondiale.com\/es\/wp-json\/wp\/v2\/comments?post=14880"}],"version-history":[{"count":0,"href":"https:\/\/www.journee-mondiale.com\/es\/wp-json\/wp\/v2\/posts\/14880\/revisions"}],"wp:featuredmedia":[{"embeddable":true,"href":"https:\/\/www.journee-mondiale.com\/es\/wp-json\/wp\/v2\/media\/14879"}],"wp:attachment":[{"href":"https:\/\/www.journee-mondiale.com\/es\/wp-json\/wp\/v2\/media?parent=14880"}],"wp:term":[{"taxonomy":"category","embeddable":true,"href":"https:\/\/www.journee-mondiale.com\/es\/wp-json\/wp\/v2\/categories?post=14880"},{"taxonomy":"post_tag","embeddable":true,"href":"https:\/\/www.journee-mondiale.com\/es\/wp-json\/wp\/v2\/tags?post=14880"}],"curies":[{"name":"wp","href":"https:\/\/api.w.org\/{rel}","templated":true}]}}