{"id":14862,"date":"2025-09-12T19:00:22","date_gmt":"2025-09-12T17:00:22","guid":{"rendered":"https:\/\/www.journee-mondiale.com\/es\/la-transformacion-de-ondas-suaves-que-rejuvenece-7-anos-tu-melena-el-secreto-esta-en-3-tecnicas-que-sobreviven-a-35c\/"},"modified":"2025-09-12T19:00:22","modified_gmt":"2025-09-12T17:00:22","slug":"la-transformacion-de-ondas-suaves-que-rejuvenece-7-anos-tu-melena-el-secreto-esta-en-3-tecnicas-que-sobreviven-a-35c","status":"publish","type":"post","link":"https:\/\/www.journee-mondiale.com\/es\/la-transformacion-de-ondas-suaves-que-rejuvenece-7-anos-tu-melena-el-secreto-esta-en-3-tecnicas-que-sobreviven-a-35c\/","title":{"rendered":"La transformaci\u00f3n de ondas suaves que rejuvenece 7 a\u00f1os tu melena (el secreto est\u00e1 en 3 t\u00e9cnicas que sobreviven a 35\u00b0C)"},"content":{"rendered":"<p>Hay algo m\u00e1gico en lucir una <strong>melena con ondas suaves<\/strong> que parece transformar por completo nuestra imagen. Este estilo atemporal ha regresado con fuerza este oto\u00f1o 2025, convirti\u00e9ndose en el aliado perfecto para quienes buscan un look natural pero sofisticado. \u00bfLa buena noticia? Es m\u00e1s sencillo de conseguir de lo que imaginas.<\/p>\n<h2>El renacimiento de las ondas suaves: la tendencia que domina el oto\u00f1o<\/h2>\n<p>Las <strong>ondas naturales y desenfadadas<\/strong> est\u00e1n eclipsando a los rizos definidos esta temporada. \u00abEstamos observando un regreso a la naturalidad con ondas que parecen creadas por el viento, aportando movimiento y frescura al rostro\u00bb, explica Elena Mart\u00ednez, directora creativa de Sal\u00f3n Belleza Madrid. Esta tendencia no solo aporta volumen visual, sino que rejuvenece instant\u00e1neamente.<\/p>\n<p>Lo fascinante de este estilo es que funciona como <strong>un marco natural para el rostro<\/strong>, suavizando facciones y creando un efecto de luminosidad que realza los rasgos. Como si fuera un velo de seda que cae delicadamente sobre los hombros, estas ondas aportan ligereza y dinamismo a cualquier look.<\/p>\n<h2>Los secretos para conseguir ondas perfectas sin da\u00f1ar tu cabello<\/h2>\n<p>Existen diversos m\u00e9todos para lograr estas <strong>ondas effortless<\/strong> que tanto admiramos. La clave est\u00e1 en encontrar la t\u00e9cnica que mejor se adapte a tu tipo de cabello y estilo de vida.<\/p>\n<blockquote><p>\u00abEl error m\u00e1s com\u00fan es usar demasiado calor. Las ondas m\u00e1s bonitas son aquellas que respetan la naturaleza del cabello\u00bb, afirma Carlos Vidal, estilista especializado en t\u00e9cnicas sin calor.<\/p><\/blockquote>\n<p>Para cabellos que necesitan definici\u00f3n, estos m\u00e9todos resultan ideales:<\/p>\n<ul>\n<li><strong>Trenzado nocturno<\/strong>: Dos trenzas flojas antes de dormir para despertar con ondas naturales<\/li>\n<li><strong>Retorcidos con horquillas<\/strong>: Secciones retorcidas mientras el cabello se seca al aire<\/li>\n<li><strong>Difusor a temperatura media<\/strong>: Potencia la textura natural sin da\u00f1ar la fibra capilar<\/li>\n<\/ul>\n<h2>El corte que potencia las ondas y te quita a\u00f1os de encima<\/h2>\n<p>El <strong>corte en capas estrat\u00e9gicas<\/strong> es fundamental para conseguir el movimiento perfecto. \u00abUn <a href=\"https:\/\/www.journee-mondiale.com\/es\/el-bob-frances-con-capas-secretas-el-corte-volumetrico-que-transforma-cabelleras-finas-con-70-menos-esfuerzo-y-esconde-5-beneficios-que-las-peluquerias-no-revelan\/\" target=\"_blank\">bob con capas secretas<\/a> o una media melena con desfilado invisible puede transformar por completo el resultado de tus ondas\u00bb, menciona Vidal.<\/p>\n<p>Para quienes tienen poco tiempo por las ma\u00f1anas, las ondas suaves se convierten en la soluci\u00f3n perfecta: son como ese <strong>vestido vers\u00e1til<\/strong> que funciona tanto para la oficina como para una cena especial.<\/p>\n<h2>Productos esenciales para ondas duraderas y saludables<\/h2>\n<p>Para mantener tus ondas definidas sin apelmazar, necesitar\u00e1s:<\/p>\n<ul>\n<li><strong>Protector t\u00e9rmico<\/strong>: Indispensable antes de usar cualquier herramienta de calor<\/li>\n<li><strong>Spray texturizante con sal marina<\/strong>: Aporta cuerpo y definici\u00f3n natural<\/li>\n<li><strong>Aceite ligero<\/strong>: Sella puntas y aporta brillo sin pesar el cabello<\/li>\n<\/ul>\n<h2>C\u00f3mo adaptar las ondas suaves a diferentes ocasiones<\/h2>\n<p>Para eventos formales, combina tus ondas con <a href=\"https:\/\/www.journee-mondiale.com\/es\/los-recogidos-con-trenza-que-estoy-usando-en-todas-las-bodas-de-otono-y-por-que-estan-reemplazando-a-los-monos-tradicionales\/\" target=\"_blank\">recogidos parciales con trenza<\/a> que est\u00e1n reemplazando a los mo\u00f1os tradicionales. Para un look diario, apuesta por la <strong>raya en medio<\/strong> con <a href=\"https:\/\/www.journee-mondiale.com\/es\/el-corte-liso-con-raya-media-que-rejuvenece-7-anos-el-secreto-esta-en-esos-milimetros-que-transforman-todo-el-rostro\/\" target=\"_blank\">ese peque\u00f1o ajuste que transforma todo el rostro<\/a>.<\/p>\n<h2>El secreto para dar volumen a melenas finas con ondas<\/h2>\n<p>Si tu cabello carece de cuerpo, las <strong>t\u00e9cnicas volum\u00e9tricas<\/strong> son tu mejor aliado. \u00abAplicar espuma de volumen en ra\u00edces antes de crear las ondas puede duplicar visualmente el grosor del cabello\u00bb, explica Mart\u00ednez. Complementa con <a href=\"https:\/\/www.journee-mondiale.com\/es\/adios-a-cabello-sin-vida-las-3-tecnicas-de-volumen-que-rejuvenecen-8-anos-y-sobreviven-a-35c-los-4-centimetros-que-cambian-todo\/\" target=\"_blank\">estas t\u00e9cnicas que rejuvenecen y sobreviven incluso a altas temperaturas<\/a>.<\/p>\n<h2>\u00bfFuncionan las ondas suaves para todos los tipos de cabello?<\/h2>\n<p>La magia de este estilo reside en su adaptabilidad. Para cabellos rizados, significa suavizar el rizo natural. Para cabellos lisos, aportar movimiento sutil. En ambos casos, el <a href=\"https:\/\/www.journee-mondiale.com\/es\/el-corte-frances-que-rejuvenece-7-anos-el-bob-con-ondas-que-triunfa-en-madrid-y-esconde-un-secreto-que-las-peluquerias-no-revelan\/\" target=\"_blank\">bob con ondas que triunfa en Madrid<\/a> esconde secretos que transforman cualquier textura.<\/p>\n<p>\u00bfLista para transformar tu melena con este estilo que conquista el oto\u00f1o? Las ondas suaves no son solo un peinado, son una declaraci\u00f3n de naturalidad sofisticada que refleja confianza. Como las olas suaves que acarician la orilla, estas ondas aportan movimiento y vida a tu imagen, convirti\u00e9ndote en protagonista de tu propia historia de estilo.<\/p>\n","protected":false},"excerpt":{"rendered":"<p>Hay algo m\u00e1gico en lucir una melena con ondas suaves que parece transformar por completo nuestra imagen. Este estilo atemporal ha regresado con fuerza este oto\u00f1o 2025, convirti\u00e9ndose en el aliado perfecto para quienes buscan un look natural pero sofisticado. \u00bfLa buena noticia? Es m\u00e1s sencillo de conseguir de lo que imaginas. El renacimiento de &#8230; <a title=\"La transformaci\u00f3n de ondas suaves que rejuvenece 7 a\u00f1os tu melena (el secreto est\u00e1 en 3 t\u00e9cnicas que sobreviven a 35\u00b0C)\" class=\"read-more\" href=\"https:\/\/www.journee-mondiale.com\/es\/la-transformacion-de-ondas-suaves-que-rejuvenece-7-anos-tu-melena-el-secreto-esta-en-3-tecnicas-que-sobreviven-a-35c\/\" aria-label=\"Leer m\u00e1s sobre La transformaci\u00f3n de ondas suaves que rejuvenece 7 a\u00f1os tu melena (el secreto est\u00e1 en 3 t\u00e9cnicas que sobreviven a 35\u00b0C)\">Lire plus<\/a><\/p>\n","protected":false},"author":1,"featured_media":14861,"comment_status":"","ping_status":"","sticky":false,"template":"","format":"standard","meta":{"footnotes":""},"categories":[48],"tags":[],"class_list":["post-14862","post","type-post","status-publish","format-standard","has-post-thumbnail","hentry","category-estilo-de-vida"],"acf":[],"_yoast_wpseo_primary_category":null,"_yoast_wpseo_title":null,"_yoast_wpseo_metadesc":null,"_links":{"self":[{"href":"https:\/\/www.journee-mondiale.com\/es\/wp-json\/wp\/v2\/posts\/14862","targetHints":{"allow":["GET"]}}],"collection":[{"href":"https:\/\/www.journee-mondiale.com\/es\/wp-json\/wp\/v2\/posts"}],"about":[{"href":"https:\/\/www.journee-mondiale.com\/es\/wp-json\/wp\/v2\/types\/post"}],"author":[{"embeddable":true,"href":"https:\/\/www.journee-mondiale.com\/es\/wp-json\/wp\/v2\/users\/1"}],"replies":[{"embeddable":true,"href":"https:\/\/www.journee-mondiale.com\/es\/wp-json\/wp\/v2\/comments?post=14862"}],"version-history":[{"count":0,"href":"https:\/\/www.journee-mondiale.com\/es\/wp-json\/wp\/v2\/posts\/14862\/revisions"}],"wp:featuredmedia":[{"embeddable":true,"href":"https:\/\/www.journee-mondiale.com\/es\/wp-json\/wp\/v2\/media\/14861"}],"wp:attachment":[{"href":"https:\/\/www.journee-mondiale.com\/es\/wp-json\/wp\/v2\/media?parent=14862"}],"wp:term":[{"taxonomy":"category","embeddable":true,"href":"https:\/\/www.journee-mondiale.com\/es\/wp-json\/wp\/v2\/categories?post=14862"},{"taxonomy":"post_tag","embeddable":true,"href":"https:\/\/www.journee-mondiale.com\/es\/wp-json\/wp\/v2\/tags?post=14862"}],"curies":[{"name":"wp","href":"https:\/\/api.w.org\/{rel}","templated":true}]}}